{"id":146823,"date":"2025-12-12T14:22:08","date_gmt":"2025-12-12T14:22:08","guid":{"rendered":"https:\/\/www.europesays.com\/pl\/146823\/"},"modified":"2025-12-12T14:22:08","modified_gmt":"2025-12-12T14:22:08","slug":"policjant-zastrzelil-nozownika-w-myslenicach-mundurowi-pokazali-nagranie-onet","status":"publish","type":"post","link":"https:\/\/www.europesays.com\/pl\/146823\/","title":{"rendered":"Policjant zastrzeli\u0142 no\u017cownika w My\u015blenicach. Mundurowi pokazali nagranie &#8211; Onet"},"content":{"rendered":"<ol>\n<li><a href=\"https:\/\/news.google.com\/rss\/articles\/CBMiywFBVV95cUxPZUdWYTJQa0RTdk54OEVpQjZINV9keGJNZV9nekFwdHRIYTZfTVMtQVh2YkVWMkpRLUp6d1hrTk9FRlBwWTVDdmM3VklKODUwQXNfd2hUSDhlVkgydUxJTjZnYmU4MF9nVF9qN3B3RXpSQ1dUQUlCWVVfSnBrZFRZaTNDYzFpVFo5amwwRUNvamZTMTNfV0NNcmtaaEZXdXVoRDNFd3R1WTFVS00tdTBYLXFqZXAtc2RadTFMbXM2YmktMVRlS05mclF5SQ?oc=5\" target=\"_blank\" rel=\"nofollow noopener\">Policjant zastrzeli\u0142 no\u017cownika w My\u015blenicach. Mundurowi pokazali nagranie<\/a>&nbsp;&nbsp;Onet<\/li>\n<li><a href=\"https:\/\/news.google.com\/rss\/articles\/CBMiqAFBVV95cUxPQUJPSHVKdzF5V3N1dlYtRnJFaEtPTllqUGFmOWxuNUZPUHpjblhIaFZibFlwSEg3dnF4ek51dElfSHZpWUdRRUNwOVBBclBUZ2QzeF8tLWNST0ZNS2I4ZmlJRlhYOVRiM2k0VkhwN1p5RVdtREIxNWtYajd1MDRiNDdRaUxLcW8tMVl0UmxRenkxdDJSNnNtOHVCY3h4MUF1dExvTHZTQ0g?oc=5\" target=\"_blank\" rel=\"nofollow noopener\">Bieg\u0142 z no\u017cem w stron\u0119 policjanta, zosta\u0142 zastrzelony. Nagranie z interwencji<\/a>&nbsp;&nbsp;TVN24<\/li>\n<li><a href=\"https:\/\/news.google.com\/rss\/articles\/CBMiswFBVV95cUxOMEpNZ2JEYllxTWtIOFlKOVRGS25FMEp1MFdJdnozalVEUngzWjVkRTFDSkxhUTlJb0pEUG9za292NWxOZ3M4cWtNUGNLbUtYalYzTVladFdyYWJQbmllRmtzRkpxdnhWdy13YmEzRFJ4MGloM1J0SkF2T3g4eXE2QUV0ZXAybTlWanlldmVmZ1NLcjVMS1hpaUlQUjRUbGxLWlItbXM5alNiS0Nfb3hXV1pWdw?oc=5\" target=\"_blank\" rel=\"nofollow noopener\">Z no\u017cem rzuci\u0142 si\u0119 na policjanta<\/a>&nbsp;&nbsp;RMF24<\/li>\n<li><a href=\"https:\/\/news.google.com\/rss\/articles\/CBMiuwFBVV95cUxOdzNuV2c1a2E4ZnVPNC1QSFpYYU5XOHp2N1J1d2x1NG9yM1FxSzZzbHNrSTlHYllOWDk0Y1VsekNrVUdITUxkUmJaOWJFSDZXaEtIN0FkOGJzSF9ZTzc2NE1xdFBob2JENy1EMW9KZW5ycUVja2swMG0yaXZ1dnZNVU1YQ0dDRllad3Z5NVJyWGlUQXZSdXlXTm1jdmVlNXdyWHlITkdmSTJJdkhQT2FwS0dnOHFMbl93NERB?oc=5\" target=\"_blank\" rel=\"nofollow noopener\">Tragedia w My\u015blenicach. Najpierw zaatakowa\u0142 kijem bejsbolowym, potem d\u017aga\u0142 no\u017cem<\/a>&nbsp;&nbsp;Fakt<\/li>\n<li><a href=\"https:\/\/news.google.com\/rss\/articles\/CBMiuwFBVV95cUxPTXRqSjNETTh3YXNHYzM3R1VCeFVPejNueFRpS3RYaTd5QTM5TFlJN28wVFpadlRzb0RwZy1uVmlzWXRhbkd2MG5YbmluVFAxUU1ONGJPRWlZQ2Y0OWJsS2YtYjFTUS1sdHJldlJsNzRhTG1jZ1NieGtwZE5Wc1F3b2FCdU42Qkg3NXdEbHpPRm1OWjJNU1owUjY3Zk9aUzBOR3RhZWZ5eXJlUnFkeVNmUEVEd3ZLdWxzamtN?oc=5\" target=\"_blank\" rel=\"nofollow noopener\">Briefieng prasowy w sprawie wczorajszych wydarze\u0144 do jakich dosz\u0142o na terenie My\u015blenic<\/a>&nbsp;&nbsp;Gov.pl<\/li>\n<\/ol>\n","protected":false},"excerpt":{"rendered":"Policjant zastrzeli\u0142 no\u017cownika w My\u015blenicach. Mundurowi pokazali nagranie&nbsp;&nbsp;Onet Bieg\u0142 z no\u017cem w stron\u0119 policjanta, zosta\u0142 zastrzelony. Nagranie z&hellip;\n","protected":false},"author":2,"featured_media":146824,"comment_status":"","ping_status":"","sticky":false,"template":"","format":"standard","meta":{"footnotes":""},"categories":[5],"tags":[32,33,36,37,27,15802,67,34,35,2160,28,31,53,25,8342,52,68,51,55,42,38,251,40,39,41,47,29,30,65,50,26],"class_list":{"0":"post-146823","1":"post","2":"type-post","3":"status-publish","4":"format-standard","5":"has-post-thumbnail","7":"category-naglowki","8":"tag-breaking-news","9":"tag-breakingnews","10":"tag-featured-news","11":"tag-featurednews","12":"tag-headlines","13":"tag-interwencja","14":"tag-intextvideo_splayer","15":"tag-latest-news","16":"tag-latestnews","17":"tag-myslenice","18":"tag-naglowki","19":"tag-najwazniejsze-artykuly","20":"tag-new_header","21":"tag-news","22":"tag-nozownik","23":"tag-onet3","24":"tag-onet3d","25":"tag-onet3d_2i","26":"tag-phx","27":"tag-pl","28":"tag-poland","29":"tag-policja_policjanci_policjant_policjantka_policjantki","30":"tag-polish","31":"tag-polska","32":"tag-polski","33":"tag-screening_general","34":"tag-top-stories","35":"tag-topstories","36":"tag-update_me","37":"tag-v2021","38":"tag-wiadomosci"},"share_on_mastodon":{"url":"https:\/\/pubeurope.com\/@pl\/115707048397932392","error":""},"_links":{"self":[{"href":"https:\/\/www.europesays.com\/pl\/wp-json\/wp\/v2\/posts\/146823","targetHints":{"allow":["GET"]}}],"collection":[{"href":"https:\/\/www.europesays.com\/pl\/wp-json\/wp\/v2\/posts"}],"about":[{"href":"https:\/\/www.europesays.com\/pl\/wp-json\/wp\/v2\/types\/post"}],"author":[{"embeddable":true,"href":"https:\/\/www.europesays.com\/pl\/wp-json\/wp\/v2\/users\/2"}],"replies":[{"embeddable":true,"href":"https:\/\/www.europesays.com\/pl\/wp-json\/wp\/v2\/comments?post=146823"}],"version-history":[{"count":0,"href":"https:\/\/www.europesays.com\/pl\/wp-json\/wp\/v2\/posts\/146823\/revisions"}],"wp:featuredmedia":[{"embeddable":true,"href":"https:\/\/www.europesays.com\/pl\/wp-json\/wp\/v2\/media\/146824"}],"wp:attachment":[{"href":"https:\/\/www.europesays.com\/pl\/wp-json\/wp\/v2\/media?parent=146823"}],"wp:term":[{"taxonomy":"category","embeddable":true,"href":"https:\/\/www.europesays.com\/pl\/wp-json\/wp\/v2\/categories?post=146823"},{"taxonomy":"post_tag","embeddable":true,"href":"https:\/\/www.europesays.com\/pl\/wp-json\/wp\/v2\/tags?post=146823"}],"curies":[{"name":"wp","href":"https:\/\/api.w.org\/{rel}","templated":true}]}}