{"id":146839,"date":"2025-12-12T14:36:14","date_gmt":"2025-12-12T14:36:14","guid":{"rendered":"https:\/\/www.europesays.com\/pl\/146839\/"},"modified":"2025-12-12T14:36:14","modified_gmt":"2025-12-12T14:36:14","slug":"nie-zyje-magda-umer-ikona-polskiej-sceny-miala-76-lat","status":"publish","type":"post","link":"https:\/\/www.europesays.com\/pl\/146839\/","title":{"rendered":"Nie \u017cyje Magda Umer. Ikona polskiej sceny mia\u0142a 76 lat"},"content":{"rendered":"<p class=\"ods-c-paragraph \">&#8222;Dzisiaj po po\u0142udniu odesz\u0142a nasza ukochana Mama i Babcia. Uwielbia\u0142a tu zagl\u0105da\u0107 i pisa\u0107. Mateusz i Franek&#8221; \u2014 czytamy w mediach spo\u0142eczno\u015bciowych artystki.<\/p>\n<p class=\"ods-c-paragraph \"><a href=\"https:\/\/kultura.onet.pl\/magda-umer-piosenkarka\" id=\"bd7a18c3-ad6b-4ef5-8877-a738f6d3c6cb\" rel=\"nofollow noopener\" target=\"_blank\">Magda Umer<\/a> by\u0142a jedn\u0105 z najbardziej rozpoznawalnych postaci polskiej muzyki i kultury. Przez lata dzia\u0142alno\u015bci artystycznej zdoby\u0142a uznanie jako piosenkarka, wykonawczyni poezji \u015bpiewanej, autorka recitali, dziennikarka, re\u017cyserka, scenarzystka oraz aktorka.<\/p>\n<p class=\"ods-c-paragraph \">Artystka by\u0142a cz\u0142onkini\u0105 Rady Polskiej Fundacji Muzycznej, a jej dorobek obejmuje liczne koncerty, festiwale i projekty artystyczne. Magda Umer urodzi\u0142a si\u0119 9 pa\u017adziernika 1946 r., jak sama zwraca\u0142a uwag\u0119, dok\u0142adnie 13 lat p\u00f3\u017aniej po swojej przyjaci\u00f3\u0142ce, Agnieszce Osieckiej i uko\u0144czy\u0142a XIV Liceum Og\u00f3lnokszta\u0142c\u0105ce im. Klementa Gottwalda w Warszawie w 1967 r., a nast\u0119pnie studiowa\u0142a na Wydziale Filologii Polskiej i S\u0142owia\u0144skiej Uniwersytetu Warszawskiego.<\/p>\n<p>Dalszy ci\u0105g artyku\u0142u pod materia\u0142em wideo<br \/>\nMagda Umer nie \u017cyje. Mia\u0142a 76 lat<\/p>\n<p class=\"ods-c-paragraph \">Karier\u0119 rozpocz\u0119\u0142a pod koniec lat 60., wyst\u0119puj\u0105c w kabaretach studenckich, m.in. w warszawskim klubie Stodo\u0142a. W 1969 r. po udanym wyst\u0119pie na Zimowej Gie\u0142dzie Piosenki z utworem &#8222;Je\u015bli my\u015blisz, \u017ce ja ci\u0119 nie kocham, to si\u0119 mylisz&#8221;, zosta\u0142a zakwalifikowana do konkursu &#8222;Debiut\u00f3w&#8221; podczas 7. Krajowego Festiwalu Piosenki Polskiej w Opolu. Tam otrzyma\u0142a wyr\u00f3\u017cnienie za wykonanie kompozycji &#8222;Jed\u017a na urlop, Romeo&#8221;. Wkr\u00f3tce triumfowa\u0142a na Festiwalu Artystycznym M\u0142odzie\u017cy Akademickiej z piosenk\u0105 &#8222;Jestem ca\u0142a w twoich r\u0119kach\u2026&#8221;.<\/p>\n<p class=\"ods-c-paragraph \">W 1970 r. Magda Umer zdoby\u0142a nagrod\u0119 na FAMIE za utw\u00f3r &#8222;Koncert jesienny na dwa \u015bwierszcze i wiatr w kominie\u2026&#8221;, a rok p\u00f3\u017aniej ta sama piosenka przynios\u0142a jej wyr\u00f3\u017cnienie na 9. KFPP w Opolu. Jej artystyczne \u017cycie w kolejnych latach by\u0142o zwi\u0105zane z opolsk\u0105 scen\u0105.<\/p>\n<p><img decoding=\"async\" src=\"https:\/\/www.europesays.com\/pl\/wp-content\/uploads\/2025\/12\/Dgzk9lBaHR0cHM6Ly9vY2RuLmV1L3B1bHNjbXMvTURBXy9lNjVjODQyNzAyY2Q1NjNiZGQ3NzBlZDQzM2QyYWY3NS5qcGeRlQLNB.jpeg\" height=\"933\" width=\"940\" alt=\"Magda Umer (1973 r.)\" loading=\"lazy\" class=\"ods-c-image__img ods-c-image__img--viewport-width\"\/><\/p>\n<p>Magda Umer (1973 r.)Maciej Musia\u0142-AR \/ PAP<\/p>\n<p class=\"ods-c-paragraph \">W 1972 r. wyst\u0105pi\u0142a na 11. KFPP w Opolu z utworem &#8222;O niebieskim pachn\u0105cym groszku&#8221;. W 1977 r. Umer za\u015bpiewa\u0142a utw\u00f3r &#8222;Widzisz, ma\u0142y&#8221; w koncercie &#8222;Nastroje, nas troje&#8221; na 15. KFPP w Opolu. W 1984 r. podczas Kabaretonu w ramach 21. KFPP w Opolu wykona\u0142a piosenki &#8222;Szpetni czterdziestoletni&#8221; oraz &#8222;Kiedy mnie ju\u017c nie b\u0119dzie&#8221;. W 1997 r. wyre\u017cyserowa\u0142a koncert &#8222;Zielono mi&#8221;, b\u0119d\u0105cy ho\u0142dem dla Agnieszki Osieckiej, w ramach 34. KFPP w Opolu.<\/p>\n<p class=\"ods-c-paragraph \">By\u0142a autork\u0105 s\u0142\u00f3w do kompozycji m.in. &#8222;Osobno&#8221; (z muzyk\u0105 Seweryna Krajewskiego), &#8222;Jest cudnie&#8221;, &#8222;Panie nasz, panie ich&#8221; czy &#8222;\u0141za na rz\u0119sie mi si\u0119 trz\u0119sie&#8221; (z repertuaru Maryli Rodowicz).<\/p>\n<p class=\"ods-c-paragraph \">Umer mia\u0142a na koncie osiem album\u00f3w studyjnych. Debiutowa\u0142a kr\u0105\u017ckiem &#8222;Magda Umer&#8221; z 1972 r., a ostatnim albumem z premierowym materia\u0142em by\u0142a &#8222;Bezsenna noc&#8221; z 2017 r. nagrana w duecie z Bogdanem Ho\u0142owni\u0105. Jej dyskografi\u0119 zamykaj\u0105 &#8222;Kol\u0119dy&#8221; z 2017 r.<\/p>\n<p class=\"ods-c-paragraph \">Artystka niemal\u017ce do ko\u0144ca \u017cycia by\u0142a aktywna na scenie. W czerwcu br. wyst\u0105pi\u0142a podczas festiwalu opolskiego. W sierpniu natomiast <a href=\"https:\/\/kultura.onet.pl\/muzyka\/wiadomosci\/magda-umer-powaznie-zachorowala-teatr-odwoluje-koncerty-piosenkarki\/wlv4khf\" id=\"20bcf7b0-9cb0-462d-adb1-66420b662932\" rel=\"nofollow noopener\" target=\"_blank\">niespodziewanie odwo\u0142a\u0142a zaplanowane recitale.<\/a> W\u00f3wczas Ma\u0142gorzata Borzym, jej przedstawicielka, w rozmowie z portalem O2 potwierdzi\u0142a jej k\u0142opoty zdrowotne, ale nie chcia\u0142a poda\u0107 \u017cadnych innych informacji. &#8222;Koncerty s\u0105 odwo\u0142ane. Nic takiego, o czym chcieliby\u015bmy na razie m\u00f3wi\u0107, wi\u0119c to, co zosta\u0142o powiedziane, musi zosta\u0107&#8221; \u2014 m\u00f3wi\u0142a. Ostatni wpis artystki pochodzi\u0142 z wrze\u015bnia br.<\/p>\n<p class=\"ods-c-paragraph \">Zobacz te\u017c:<\/p>\n","protected":false},"excerpt":{"rendered":"&#8222;Dzisiaj po po\u0142udniu odesz\u0142a nasza ukochana Mama i Babcia. Uwielbia\u0142a tu zagl\u0105da\u0107 i pisa\u0107. Mateusz i Franek&#8221; \u2014&hellip;\n","protected":false},"author":2,"featured_media":146840,"comment_status":"","ping_status":"","sticky":false,"template":"","format":"standard","meta":{"footnotes":""},"categories":[5],"tags":[32,33,36,37,27,34,35,29723,1252,28,919,31,48,25,46,42,38,40,39,41,47,511,29,30,26],"class_list":{"0":"post-146839","1":"post","2":"type-post","3":"status-publish","4":"format-standard","5":"has-post-thumbnail","7":"category-naglowki","8":"tag-breaking-news","9":"tag-breakingnews","10":"tag-featured-news","11":"tag-featurednews","12":"tag-headlines","13":"tag-latest-news","14":"tag-latestnews","15":"tag-magda_umer","16":"tag-muzyka","17":"tag-naglowki","18":"tag-najnowsze_wiadomosci_kultura","19":"tag-najwazniejsze-artykuly","20":"tag-nat_styl","21":"tag-news","22":"tag-omp","23":"tag-pl","24":"tag-poland","25":"tag-polish","26":"tag-polska","27":"tag-polski","28":"tag-screening_general","29":"tag-smierc","30":"tag-top-stories","31":"tag-topstories","32":"tag-wiadomosci"},"share_on_mastodon":{"url":"https:\/\/pubeurope.com\/@pl\/115707104392583355","error":""},"_links":{"self":[{"href":"https:\/\/www.europesays.com\/pl\/wp-json\/wp\/v2\/posts\/146839","targetHints":{"allow":["GET"]}}],"collection":[{"href":"https:\/\/www.europesays.com\/pl\/wp-json\/wp\/v2\/posts"}],"about":[{"href":"https:\/\/www.europesays.com\/pl\/wp-json\/wp\/v2\/types\/post"}],"author":[{"embeddable":true,"href":"https:\/\/www.europesays.com\/pl\/wp-json\/wp\/v2\/users\/2"}],"replies":[{"embeddable":true,"href":"https:\/\/www.europesays.com\/pl\/wp-json\/wp\/v2\/comments?post=146839"}],"version-history":[{"count":0,"href":"https:\/\/www.europesays.com\/pl\/wp-json\/wp\/v2\/posts\/146839\/revisions"}],"wp:featuredmedia":[{"embeddable":true,"href":"https:\/\/www.europesays.com\/pl\/wp-json\/wp\/v2\/media\/146840"}],"wp:attachment":[{"href":"https:\/\/www.europesays.com\/pl\/wp-json\/wp\/v2\/media?parent=146839"}],"wp:term":[{"taxonomy":"category","embeddable":true,"href":"https:\/\/www.europesays.com\/pl\/wp-json\/wp\/v2\/categories?post=146839"},{"taxonomy":"post_tag","embeddable":true,"href":"https:\/\/www.europesays.com\/pl\/wp-json\/wp\/v2\/tags?post=146839"}],"curies":[{"name":"wp","href":"https:\/\/api.w.org\/{rel}","templated":true}]}}