{"id":146888,"date":"2025-12-12T15:02:11","date_gmt":"2025-12-12T15:02:11","guid":{"rendered":"https:\/\/www.europesays.com\/pl\/146888\/"},"modified":"2025-12-12T15:02:11","modified_gmt":"2025-12-12T15:02:11","slug":"wladimir-putin-zmieszany-w-gronie-przywodcow-wyraznie-zaklopotany-wideo-onet","status":"publish","type":"post","link":"https:\/\/www.europesays.com\/pl\/146888\/","title":{"rendered":"W\u0142adimir Putin zmieszany w gronie przyw\u00f3dc\u00f3w. Wyra\u017anie zak\u0142opotany [WIDEO] &#8211; Onet"},"content":{"rendered":"<ol>\n<li><a href=\"https:\/\/news.google.com\/rss\/articles\/CBMi1AFBVV95cUxNLU1ERDAyLWk3UzdRZ29HdWFHX0N3UTByZWxSN2EtazVMeHpzQmdvTkxweFlITXdtSjNFNWVpZUpsQ0VXM0t2a0xOWjI1UXYtajhQdmNBMkZpU1g5MVhvMlhJN1huY20wMnlHOTBRN0x2azRKUmRzSjB3YXJXSktSZlJBV0hhaWVmbG9JOWkycFJ3MVR6NEhWTFQwU3BnSXNsTDVaOWFQT0tfb1pZNlNjc0ZjNHlSR1NpQVlfQTlYbFBKUm5yWGwxZzhYeG5sbTFINTExRA?oc=5\" target=\"_blank\" rel=\"nofollow noopener\">W\u0142adimir Putin zmieszany w gronie przyw\u00f3dc\u00f3w. Wyra\u017anie zak\u0142opotany [WIDEO]<\/a>&nbsp;&nbsp;Onet<\/li>\n<li><a href=\"https:\/\/news.google.com\/rss\/articles\/CBMiqAFBVV95cUxNOU0teTdNWXBZV3lvMDRQalBpYUc3dzBJQ3dGS0RZbm4tMTdUTWxUTlNWSktRUk9oMUgyN3NBYzNrbUVqQW9VUENhcWVKWlBZS1dFbGF1b1NFYlM4TkdqWmFSUmlkQjJPQmdNYVFZVjZUZzhXSXUxdXBoWFNmVkVjMHhJVkdLWmZzX1VVMWFnUnR4d2c4WTJuLUR0OHBrQmdCN2dRc2RwYXA?oc=5\" target=\"_blank\" rel=\"nofollow noopener\">W\u0142adimir Putin zaliczy\u0142 wpadk\u0119. Musia\u0142 wezwa\u0107 pomoc [NAGRANIE]<\/a>&nbsp;&nbsp;Onet Wiadomo\u015bci<\/li>\n<li><a href=\"https:\/\/news.google.com\/rss\/articles\/CBMikwFBVV95cUxPVlFIZVFoN0VMRXlJbGNHOXVMb1FQQVBPZEFkNTlqeEFSdmVEZm92dVU1b0ZXSjZCeGxURUF3anlMSXE4eVZxUUdNMmszaVp5RncyMTY4OGpZRGdXY2VfMEswSTI3RGdmMXluWG9tU1E4cFRsMFFabE9iM1JyYzc3S3liY0VKY1NNdEVWaWRDNXZpbDA?oc=5\" target=\"_blank\" rel=\"nofollow noopener\">Wideo: mikrofon putina wy\u0142\u0105czy\u0142 si\u0119 podczas przem\u00f3wienia w Aszchabadzie<\/a>&nbsp;&nbsp;UA.NEWS<\/li>\n<li><a href=\"https:\/\/news.google.com\/rss\/articles\/CBMiqAFBVV95cUxNR255SFJsT19Ta0JEamxTNEw5WFh1ZGU0amlxdDh1M2dNcUpSZExUdDlzR3V1b2Y3dllaM3Yta0xxaERzVl9zQnhWOElDUTRLSXZvOTlrM2YxMXI2N2dqUW9BcHNWQmhKMmVPZVJ6Y25kOG9pWWNWQ0tjbF9sYzIzUktUczROd1NFVHYwQnNqbGZ1Q1B2dDN3REtwUml3ODkxWjA3NGpadW0?oc=5\" target=\"_blank\" rel=\"nofollow noopener\">30 sekund ciszy. Nagrali bezradnego Putina. Kuriozalne wideo<\/a>&nbsp;&nbsp;o2.pl<\/li>\n<\/ol>\n","protected":false},"excerpt":{"rendered":"W\u0142adimir Putin zmieszany w gronie przyw\u00f3dc\u00f3w. Wyra\u017anie zak\u0142opotany [WIDEO]&nbsp;&nbsp;Onet W\u0142adimir Putin zaliczy\u0142 wpadk\u0119. Musia\u0142 wezwa\u0107 pomoc [NAGRANIE]&nbsp;&nbsp;Onet Wiadomo\u015bci&hellip;\n","protected":false},"author":2,"featured_media":146889,"comment_status":"","ping_status":"","sticky":false,"template":"","format":"standard","meta":{"footnotes":""},"categories":[14],"tags":[32,33,27,27619,67,34,35,19839,28,31,53,25383,25,52,68,51,55,40,4409,41,47,80,29,30,65,50,26,418,82,83,84],"class_list":{"0":"post-146888","1":"post","2":"type-post","3":"status-publish","4":"format-standard","5":"has-post-thumbnail","7":"category-swiat","8":"tag-breaking-news","9":"tag-breakingnews","10":"tag-headlines","11":"tag-inst_tst0","12":"tag-intextvideo_splayer","13":"tag-latest-news","14":"tag-latestnews","15":"tag-mp_player_tst0","16":"tag-naglowki","17":"tag-najwazniejsze-artykuly","18":"tag-new_header","19":"tag-new_layout_tst0","20":"tag-news","21":"tag-onet3","22":"tag-onet3d","23":"tag-onet3d_2i","24":"tag-phx","25":"tag-polish","26":"tag-polityka_polityk_polityczka_politycy","27":"tag-polski","28":"tag-screening_general","29":"tag-swiat","30":"tag-top-stories","31":"tag-topstories","32":"tag-update_me","33":"tag-v2021","34":"tag-wiadomosci","35":"tag-wladimir_putin_rosyjski_prezydent","36":"tag-world","37":"tag-world-news","38":"tag-worldnews"},"share_on_mastodon":{"url":"","error":"Validation failed: Text character limit of 500 exceeded"},"_links":{"self":[{"href":"https:\/\/www.europesays.com\/pl\/wp-json\/wp\/v2\/posts\/146888","targetHints":{"allow":["GET"]}}],"collection":[{"href":"https:\/\/www.europesays.com\/pl\/wp-json\/wp\/v2\/posts"}],"about":[{"href":"https:\/\/www.europesays.com\/pl\/wp-json\/wp\/v2\/types\/post"}],"author":[{"embeddable":true,"href":"https:\/\/www.europesays.com\/pl\/wp-json\/wp\/v2\/users\/2"}],"replies":[{"embeddable":true,"href":"https:\/\/www.europesays.com\/pl\/wp-json\/wp\/v2\/comments?post=146888"}],"version-history":[{"count":0,"href":"https:\/\/www.europesays.com\/pl\/wp-json\/wp\/v2\/posts\/146888\/revisions"}],"wp:featuredmedia":[{"embeddable":true,"href":"https:\/\/www.europesays.com\/pl\/wp-json\/wp\/v2\/media\/146889"}],"wp:attachment":[{"href":"https:\/\/www.europesays.com\/pl\/wp-json\/wp\/v2\/media?parent=146888"}],"wp:term":[{"taxonomy":"category","embeddable":true,"href":"https:\/\/www.europesays.com\/pl\/wp-json\/wp\/v2\/categories?post=146888"},{"taxonomy":"post_tag","embeddable":true,"href":"https:\/\/www.europesays.com\/pl\/wp-json\/wp\/v2\/tags?post=146888"}],"curies":[{"name":"wp","href":"https:\/\/api.w.org\/{rel}","templated":true}]}}