{"id":147321,"date":"2025-12-12T19:31:12","date_gmt":"2025-12-12T19:31:12","guid":{"rendered":"https:\/\/www.europesays.com\/pl\/147321\/"},"modified":"2025-12-12T19:31:12","modified_gmt":"2025-12-12T19:31:12","slug":"niemcy-w-strachu-olbrzymi-rozwoj-turystyki-w-polsce","status":"publish","type":"post","link":"https:\/\/www.europesays.com\/pl\/147321\/","title":{"rendered":"Niemcy w strachu. Olbrzymi rozw\u00f3j turystyki w Polsce"},"content":{"rendered":"\n<p>&#13;<br \/>\nJak relacjonuje gazeta &#8222;Ostsee Zeitung&#8221;, w\u00a0Polsce nast\u0105pi\u0142 szybki rozw\u00f3j infrastruktury turystycznej i\u00a0drogowej. Sytuacji przygl\u0105da si\u0119 z\u00a0niepokojem konkurencja z\u00a0Niemiec. &#8222;Mega-hotele, nowa autostrada, rozbudowa promenad: Polska inwestuje coraz wi\u0119cej pieni\u0119dzy w\u00a0turystyk\u0119 i\u00a0chce sta\u0107 si\u0119 numerem jeden w\u015br\u00f3d destynacji wakacyjnych w\u00a0Europie \u015arodkowej&#8221; \u2013\u00a0zwraca uwag\u0119 dziennik w\u00a0pi\u0105tkowym wydaniu. &#13;\n<\/p>\n<p>&#13;<br \/>\n&#8222;Ostsee Zeitung&#8221; zwraca uwag\u0119, \u017ce\u00a0inwestycje mog\u0105 sprawi\u0107, \u017ce\u00a0do\u00a02035 roku wp\u0142ywy pochodz\u0105ce z\u00a0turystyki b\u0119d\u0105 stanowi\u0107 prawie 9\u00a0proc. PKB w\u00a0por\u00f3wnaniu do\u00a0ok. 5\u00a0proc. obecnie. Gazeta podkre\u015bla, \u017ce\u00a0rozw\u00f3j inwestycyjny Polska zawdzi\u0119cza g\u0142\u00f3wnie funduszom pochodz\u0105cym z\u00a0Unii Europejskiej. &#13;\n<\/p>\n<p>&#13;<br \/>\nLars Schwarza, prezes Niemieckiego Stowarzyszenia Hotelarzy i\u00a0Gastronom\u00f3w (Dehoga) w\u00a0Meklemburgii-Pomorzu Przednim, przyznaje w\u00a0rozmowie z\u00a0gazet\u0105, \u017ce\u00a0krytykowanie Polski za\u00a0to, \u017ce\u00a0otrzymuje obecnie du\u017ce \u015brodki na\u00a0rozbudow\u0119 infrastruktury turystycznej, by\u0142oby &#8222;nie fair&#8221;. \u2013\u00a0W\u00a0ko\u0144cu my\u00a0w\u00a0Meklemburgii-Pomorzu Przednim r\u00f3wnie\u017c je\u00a0otrzymali\u015bmy po\u00a0zjednoczeniu Niemiec \u2013\u00a0przypomina Schwarz. &#13;\n<\/p>\n<p>Tyle pieni\u0119dzy obcokrajowcy zostawili w\u00a0Polsce<\/p>\n<p>&#13;<br \/>\nW 2024 roku <a href=\"https:\/\/dorzeczy.pl\/ekonomia\/796761\/cudzoziemcow-wydali-w-polsce-prawie-50-miliardow-w-2024-roku.html\" rel=\"nofollow noopener\" target=\"_blank\">obcokrajowcy zostawili w\u00a0Polsce a\u017c\u00a046,6 mld z\u0142<\/a> \u2013\u00a0to\u00a0najwy\u017cszy wynik w\u00a0historii bada\u0144 G\u0142\u00f3wnego Urz\u0119du Statystycznego. Najwi\u0119cej pieni\u0119dzy przeznaczali na\u00a0zakupy towar\u00f3w, a\u00a0najwy\u017csze \u015brednie wydatki notowano u\u00a0os\u00f3b przylatuj\u0105cych samolotem i\u00a0przyp\u0142ywaj\u0105cych drog\u0105 morsk\u0105. &#13;\n<\/p>\n<p>&#13;<br \/>\nMimo \u017ce\u00a0liczba przekrocze\u0144 granicy (160 mln) by\u0142a ni\u017csza ni\u017c\u00a0rok wcze\u015bniej, rekord uda\u0142o si\u0119 pobi\u0107 dzi\u0119ki wy\u017cszym wydatkom per capita \u2013\u00a0\u015brednio 585 z\u0142 na\u00a0osob\u0119, wynika z\u00a0danych opisanych przez &#8222;Dziennika Gazet\u0119 Prawn\u0105&#8221;. &#13;\n<\/p>\n<p>&#13;<br \/>\nR\u00f3wnocze\u015bnie Polacy wydali za\u00a0granic\u0105 rekordowe 31,1 mld z\u0142. To\u00a0o\u00a0blisko 4\u00a0mld z\u0142 wi\u0119cej ni\u017c\u00a0rok wcze\u015bniej. &#13;\n<\/p>\n<p>&#13;<br \/>\nCzytaj te\u017c:<br \/><a href=\"https:\/\/dorzeczy.pl\/kraj\/785040\/bon-turystyczny-juz-dziala-do-500-zl-na-pobyt-na-warmii-i-mazurach.html\" rel=\"follow nofollow noopener\" data-schema=\"DORZECZY\" data-image=\"https:\/\/img.dorzeczy.pl\/_thumb\/2a\/ab\/467b5f62bcccc38ce527f9eb8b0d.jpeg\" target=\"_blank\">Nowy bon turystyczny do\u00a0wykorzystania. Do\u00a0500 z\u0142 na\u00a0wyjazd<\/a>Czytaj te\u017c:<br \/><a href=\"https:\/\/dorzeczy.pl\/ekonomia\/772122\/rzad-szykuje-nowy-podatek-kolejna-danina-uderzy-w-turystow.html\" rel=\"follow nofollow noopener\" data-schema=\"DORZECZY\" data-image=\"https:\/\/img.dorzeczy.pl\/_thumb\/e5\/6f\/ab3a9ba4b1c74cc4d81c5b68eaef.jpeg\" target=\"_blank\">Rz\u0105d opodatkuje turyst\u00f3w? Hotelarze ostrzegaj\u0105: To\u00a0uderzy w\u00a0bran\u017c\u0119<\/a>&#13;<\/p>\n","protected":false},"excerpt":{"rendered":"&#13; Jak relacjonuje gazeta &#8222;Ostsee Zeitung&#8221;, w\u00a0Polsce nast\u0105pi\u0142 szybki rozw\u00f3j infrastruktury turystycznej i\u00a0drogowej. Sytuacji przygl\u0105da si\u0119 z\u00a0niepokojem konkurencja&hellip;\n","protected":false},"author":2,"featured_media":147322,"comment_status":"","ping_status":"","sticky":false,"template":"","format":"standard","meta":{"footnotes":""},"categories":[16],"tags":[3139,113,112,98,105,2089,24322,49,295,42,38,40,39,41,80,4278],"class_list":{"0":"post-147321","1":"post","2":"type-post","3":"status-publish","4":"format-standard","5":"has-post-thumbnail","7":"category-biznes","8":"tag-baltyk","9":"tag-biznes","10":"tag-business","11":"tag-dorzeczy","12":"tag-ekonomia","13":"tag-infrastruktura","14":"tag-konkurencja","15":"tag-kraj","16":"tag-niemcy","17":"tag-pl","18":"tag-poland","19":"tag-polish","20":"tag-polska","21":"tag-polski","22":"tag-swiat","23":"tag-turystyka"},"share_on_mastodon":{"url":"https:\/\/pubeurope.com\/@pl\/115708263398057689","error":""},"_links":{"self":[{"href":"https:\/\/www.europesays.com\/pl\/wp-json\/wp\/v2\/posts\/147321","targetHints":{"allow":["GET"]}}],"collection":[{"href":"https:\/\/www.europesays.com\/pl\/wp-json\/wp\/v2\/posts"}],"about":[{"href":"https:\/\/www.europesays.com\/pl\/wp-json\/wp\/v2\/types\/post"}],"author":[{"embeddable":true,"href":"https:\/\/www.europesays.com\/pl\/wp-json\/wp\/v2\/users\/2"}],"replies":[{"embeddable":true,"href":"https:\/\/www.europesays.com\/pl\/wp-json\/wp\/v2\/comments?post=147321"}],"version-history":[{"count":0,"href":"https:\/\/www.europesays.com\/pl\/wp-json\/wp\/v2\/posts\/147321\/revisions"}],"wp:featuredmedia":[{"embeddable":true,"href":"https:\/\/www.europesays.com\/pl\/wp-json\/wp\/v2\/media\/147322"}],"wp:attachment":[{"href":"https:\/\/www.europesays.com\/pl\/wp-json\/wp\/v2\/media?parent=147321"}],"wp:term":[{"taxonomy":"category","embeddable":true,"href":"https:\/\/www.europesays.com\/pl\/wp-json\/wp\/v2\/categories?post=147321"},{"taxonomy":"post_tag","embeddable":true,"href":"https:\/\/www.europesays.com\/pl\/wp-json\/wp\/v2\/tags?post=147321"}],"curies":[{"name":"wp","href":"https:\/\/api.w.org\/{rel}","templated":true}]}}