{"id":147450,"date":"2025-12-12T21:04:25","date_gmt":"2025-12-12T21:04:25","guid":{"rendered":"https:\/\/www.europesays.com\/pl\/147450\/"},"modified":"2025-12-12T21:04:25","modified_gmt":"2025-12-12T21:04:25","slug":"czego-mam-sie-bac-ze-kaja-godek-zorganizuje-protest-pod-moim-domem","status":"publish","type":"post","link":"https:\/\/www.europesays.com\/pl\/147450\/","title":{"rendered":"Czego mam si\u0119 ba\u0107? \u017be Kaja Godek zorganizuje protest pod moim domem?"},"content":{"rendered":"<p class=\"ods-c-paragraph \">Ewa Raczy\u0144ska: Prokuratura w Ole\u015bnicy<a href=\"https:\/\/kobieta.onet.pl\/wiadomosci\/aborcja-w-36-tygodniu-ciazy-prokuratura-pacjentka-nie-byla-do-tego-namawiana\/rtzk5w1\" id=\"0db7336f-8150-42d8-a838-4a480dd1f4f6\" rel=\"nofollow noopener\" target=\"_blank\"> umorzy\u0142a post\u0119powanie dotycz\u0105ce aborcji,<\/a> na kt\u00f3r\u0105 zdecydowa\u0142a\u015b si\u0119 w trzecim trymestrze, co poczu\u0142a\u015b? <\/p>\n<p class=\"ods-c-paragraph \">Anita: Ulg\u0119, ale nie ze wzgl\u0119du na siebie, tylko ze wzgl\u0119du na to, \u017ce dr Gizela Jagielska b\u0119dzie mia\u0142a w ko\u0144cu wi\u0119cej spokoju. Chocia\u017c, jak si\u0119 chwil\u0119 p\u00f3\u017aniej okaza\u0142o, by\u0142a to p\u0142onna nadzieja, bo ginekolo\u017cka z ko\u0144cem grudnia ko\u0144czy prac\u0119 w szpitalu w Ole\u015bnicy. Dobra wiadomo\u015b\u0107 przeplata\u0142a si\u0119 z t\u0105 z\u0142\u0105, \u017ce w Ole\u015bnicy nie b\u0119dzie mia\u0142 kto pomaga\u0107 kobietom, cho\u0107 chc\u0119 wierzy\u0107, \u017ce dyrekcja nie wycofa si\u0119 z przeprowadzania terminacji ci\u0105\u017cy zgodnej z polskim prawem.<\/p>\n<p class=\"ods-c-paragraph \">Ale niestety jestem te\u017c przekonana, \u017ce nag\u0142o\u015bnienie naszej sprawy dola\u0142o oliwy do ognia, by mie\u0107 pretekst na niepodpisanie nowego kontraktu z dr Jagielsk\u0105.<\/p>\n<p>Dalszy ci\u0105g artyku\u0142u pod materia\u0142em wideo<\/p>\n<p> Co poczu\u0142a Anita po umorzeniu post\u0119powania przez prokuratur\u0119? <\/p>\n<p> Jakie by\u0142y plusy i minusy decyzji Anity o publicznym podzieleniu si\u0119 swoimi do\u015bwiadczeniami? <\/p>\n<p> Jak dr Jagielska ocenia potrzeb\u0119 wykonywania aborcji w Polsce? <\/p>\n<p> Dlaczego Anita nie obawia si\u0119 dotarcia do jej prawdziwej to\u017csamo\u015bci? <\/p>\n<p class=\"ods-c-paragraph \">Ale dr Jagielska, kiedy z ni\u0105 rozmawia\u0142am, powiedzia\u0142a jasno, \u017ce twoja aborcja w trzecim trymestrze nie jest przypadkiem odosobnionym, ona ca\u0142y czas wykonuje takie zabiegi. <\/p>\n<p class=\"ods-c-paragraph \">Ale one nie s\u0105 nag\u0142a\u015bniane. Bo ile os\u00f3b zgodzi\u0142o si\u0119 opowiedzie\u0107 publicznie o tym, co je spotka\u0142o? Opr\u00f3cz mojej historii ostatnia, <a href=\"https:\/\/kobieta.onet.pl\/wiadomosci\/koszmar-pacjentki-pabianickiego-szpitala-balam-sie-ze-umre-przez-te-ciaze\/sz8f15h\" id=\"38dc7dd4-bb2b-4094-8a24-eb4ef0ee34f0\" rel=\"nofollow noopener\" target=\"_blank\">jak\u0105 czyta\u0142am by\u0142a ta opisana przez ciebie o kobiecie, kt\u00f3rej odm\u00f3wiono pomocy w szpitalu w Pabianicach<\/a>. Wychodzi w\u0142a\u015bciwie jedna na rok, kt\u00f3ra trafia do medi\u00f3w.<\/p>\n<p class=\"ods-c-paragraph \">\u017ba\u0142ujesz, \u017ce publicznie podzieli\u0142a\u015b si\u0119 tym, czego do\u015bwiadczy\u0142a\u015b? <\/p>\n<p class=\"ods-c-paragraph \">To jest trudne pytanie, bo ze wzgl\u0119du na kobiety, kt\u00f3rym moja historia mo\u017ce pom\u00f3c \u2014 podj\u0105\u0107 decyzj\u0119, pokaza\u0107 \u015bcie\u017ck\u0119 i \u017ce maj\u0105 tak\u0105 mo\u017cliwo\u015b\u0107 \u2014 ciesz\u0119 si\u0119, \u017ce to opowiedzieli\u015bmy. Ale z drugiej strony widz\u0119, jak odbi\u0142o si\u0119 to na sytuacji Gizeli Jagielskiej. Dlatego nie mam jednoznacznej odpowiedzi \u2014 s\u0105 plusy i minusy tego, co si\u0119 zadzia\u0142o.<\/p>\n<p class=\"ods-c-paragraph \">Mam du\u017cy \u017cal o jedno, \u017ce \u017cadne prawicowe media nie pr\u00f3bowa\u0142y si\u0119 ze mn\u0105 skontaktowa\u0107, tylko wyj\u0119\u0142y z mojej historii to, co pasowa\u0142o im do kontekstu ich w\u0142asnych racji i opinii.<\/p>\n<p class=\"ods-c-paragraph \">Pami\u0119tam, jak mi powiedzia\u0142a\u015b, \u017ceby chocia\u017c z tej tragicznej historii wysz\u0142o co\u015b dobrego.<\/p>\n<p class=\"ods-c-paragraph \">Tak. I na tym mi bardzo zale\u017ca\u0142o. I mam nadziej\u0119, \u017ce umorzenie post\u0119powania przez prokuratur\u0119 jest tym dobrym. \u017be dzi\u0119ki temu inni lekarze zobacz\u0105, \u017ce mog\u0105 wykonywa\u0107 takie aborcje i \u017ce nie b\u0119d\u0105 poci\u0105gni\u0119ci do odpowiedzialno\u015bci prawnej i nie strac\u0105 mo\u017cliwo\u015bci wykonywania swojego zawodu.<\/p>\n<p class=\"ods-c-paragraph \">W tym uzasadnieniu jest jasno napisane, \u017ce to kobieta podj\u0119\u0142a decyzj\u0119.<\/p>\n<p class=\"ods-c-paragraph \">I wybra\u0142a metod\u0119.<\/p>\n<p class=\"ods-c-paragraph \">Tak. Dr Jagielska powiedzia\u0142a, \u017ce w\u0142a\u015bnie t\u0119 decyzj\u0119 lekarze powinni uszanowa\u0107.<\/p>\n<p class=\"ods-c-paragraph \">I to jest pe\u0142ny profesjonalizm. A naszym lekarzom go brakuje, chocia\u017cby prof. Sieroszewskiemu.<\/p>\n<p class=\"ods-c-paragraph \">My\u015blisz, \u017ce og\u00f3lnie jako spo\u0142ecze\u0144stwo jeste\u015bmy w stanie zmieni\u0107 postrzeganie aborcji w Polsce?<\/p>\n<p class=\"ods-c-paragraph \">Tak, ale musi min\u0105\u0107 jeszcze bardzo du\u017co czasu. Wiele kobiet musia\u0142oby si\u0119 odwa\u017cy\u0107 si\u0119 opowiedzie\u0107 swoje historie, bo jestem przekonana, \u017ce jest ich mn\u00f3stwo. Zreszt\u0105 sama dr Jagielska m\u00f3wi, \u017ce przynajmniej raz w tygodniu wykonuje zabieg aborcji, wi\u0119c kobiet, kt\u00f3re maj\u0105 do\u015bwiadczenie podobne do mojego jest bardzo du\u017co. Ja nie jestem jakim\u015b pojedynczym przypadkiem, a my\u015bl\u0119, \u017ce spo\u0142ecze\u0144stwo tak dzisiaj my\u015bli.<\/p>\n<p class=\"ods-c-paragraph \">Od dziewczyn z organizacji zajmuj\u0105cych si\u0119 pomoc\u0105 kobietom, kt\u00f3re staj\u0105 przed takim wyborem jak ja, wiem, \u017ce do nich codziennie dzwoni wiele os\u00f3b, szukaj\u0105c wsparcia. I one je znajd\u0105, czy w kolektywie Legalna Aborcja, czy w Aborcyjnym Dream Teamie, Feminotece.<\/p>\n<p class=\"ods-c-paragraph \">Ale prawicowi politycy i dzia\u0142acze pro life skupili si\u0119 jednak na tym, \u017ce dr Jagielska straci\u0142a prac\u0119. <\/p>\n<p class=\"ods-c-paragraph \">I czekam, kiedy w ich mediach spo\u0142eczno\u015bciowych pojawi\u0105 si\u0119 informacje o umorzeniu post\u0119powania. Napisa\u0142a o tym Kaja Godek, oczywi\u015bcie w swoim stylu, \u017ce Gizela Jagielska pope\u0142ni\u0142a b\u0142\u0105d i \u017ce powinna zako\u0144czy\u0107 ci\u0105\u017c\u0119 w spos\u00f3b, kt\u00f3ry zaproponowa\u0142 prof. Sieroszewski, czyli cesarskim ci\u0119ciem, a nie aborcj\u0105.<\/p>\n<blockquote class=\"ods-o-quota\">\n<p class=\"ods-o-quota__paragraph\">Jak wida\u0107 prokuratura swoje, a Kaja Godek swoje. Mam nadziej\u0119, \u017ce dr Jagielska kiedy\u015b j\u0105 pozwie o znies\u0142awienie.<\/p>\n<\/blockquote>\n<p class=\"ods-c-paragraph \">Min\u0105\u0142 rok, od momentu, kiedy po\u017cegnali\u015bcie Felka. Jak si\u0119 dzi\u015b czujesz? <\/p>\n<p class=\"ods-c-paragraph \">Zdecydowanie lepiej. Tym bardziej \u017ce ca\u0142y ten rok po\u015bwi\u0119ci\u0142am na to, \u017ceby doj\u015b\u0107 do siebie. Mam swoj\u0105 psychoterapeutk\u0119, kt\u00f3ra przesz\u0142a ze mn\u0105 ca\u0142y ten proces. Ale podkre\u015blam \u2014 pomog\u0142a mi upora\u0107 si\u0119 z sytuacj\u0105, w kt\u00f3rej by\u0142am oszukiwana przez lekarzy, kt\u00f3rzy nie dali mi wcze\u015bniej prawa wyboru.<\/p>\n<p class=\"ods-c-paragraph \">Teraz, z pe\u0142n\u0105 \u015bwiadomo\u015bci\u0105, bez dodatkowych emocji, mog\u0119 powiedzie\u0107 z r\u0119k\u0105 na sercu, \u017ce to by\u0142a najlepsza decyzja, jak\u0105 z m\u0119\u017cem podj\u0119li\u015bmy. Mimo \u017ce by\u0142a trudna, mimo \u017ce by\u0142o przy jej podejmowaniu bardzo du\u017co w\u0105tpliwo\u015bci.<\/p>\n<p class=\"ods-c-paragraph \">Nie boisz si\u0119, \u017ce kiedy\u015b kto\u015b dotrze do twojego prawdziwej to\u017csamo\u015bci?<\/p>\n<p class=\"ods-c-paragraph \">Ja nawet o tym nie my\u015bl\u0119. Zreszt\u0105 nigdy nie zastanawia\u0142am si\u0119: o rety, co si\u0119 stanie, jak kto\u015b do mnie dotrze. To co? Przyjedzie pod m\u00f3j dom? Kaja Godek zorganizuje protest? Mam wspania\u0142ych s\u0105siad\u00f3w, kt\u00f3rzy z pewno\u015bci\u0105 wezwaliby policj\u0119 i sami interweniowali. Co oni mog\u0105 mi zrobi\u0107? Patrze\u0107 na mnie krzywo? To b\u0119dzie \u015bwiadczy\u0107 tylko o tych ludziach, nie o mnie. A \u017ce oni podj\u0119liby inn\u0105 decyzj\u0119 \u2014 w og\u00f3le bym z tym nie polemizowa\u0142a. Wi\u0119c tak samo chcia\u0142abym, \u017ceby wszyscy zrozumieli, \u017ce decyzja o aborcji by\u0142a moja i mojego m\u0119\u017ca i naprawd\u0119 nic im do tego.<\/p>\n<p class=\"ods-c-paragraph \">I oby jak najmniej os\u00f3b przed takim wyborem musia\u0142o stawa\u0107. <\/p>\n<p class=\"ods-c-paragraph \">Tak, bo to jest naprawd\u0119 najtrudniejsza decyzja w \u017cyciu. Budzi du\u017co emocji, jest wiele przemy\u015ble\u0144. Ale koniec ko\u0144c\u00f3w trzeba si\u0119 zastanowi\u0107, czy chce si\u0119 my\u015ble\u0107 wy\u0142\u0105cznie o sobie i o tym, \u017ceby inni nie pytali o twoje sumienie, czy podj\u0105\u0107 decyzj\u0119, kt\u00f3ra b\u0119dzie najlepsza dla twojego dziecka i nie b\u0119dzie od niego wymaga\u0107 ogromnego heroizmu.<\/p>\n<p class=\"ods-c-paragraph \">***<\/p>\n<p class=\"ods-c-paragraph \">Je\u015bli szukasz pomocy, na pewno znajdziesz j\u0105 w tych miejscach:<\/p>\n<ul class=\"ods-m-bullet-list\">\n<li class=\"ods-a-bullet ods-a-bullet--normal\"> Aborcyjny Dream Team:\u00a0aborcyjnydreamteam@gmail.com, kontakt@aborcyjnydreamteam.pl, tel. 22 29 22 597 <\/li>\n<li class=\"ods-a-bullet ods-a-bullet--normal\"> Legalna Aborcja: legalnaaborcjapl@gmail.com <\/li>\n<li class=\"ods-a-bullet ods-a-bullet--normal\"> Kobiety w Sieci\u00a0\u2014\u00a0<a rel=\"nofollow noopener\" href=\"https:\/\/www.maszwybor.net\/\" target=\"_blank\">https:\/\/www.maszwybor.net<\/a> <\/li>\n<li class=\"ods-a-bullet ods-a-bullet--normal\"> Abortion Support Network\u00a0\u2014 tel. 222 922 786, info@asn.org.uk <\/li>\n<li class=\"ods-a-bullet ods-a-bullet--normal\"> Ciocia Basia\u00a0\u2014 tel. 22 397 05 00, mail: ciocia.basia@riseup.net <\/li>\n<li class=\"ods-a-bullet ods-a-bullet--normal\"> \u00a0Abortion Network Amsterdam\u00a0\u2014 mail: anamsterdam@riseup.net <\/li>\n<\/ul>\n<p class=\"ods-c-paragraph \">Sytuacja niechcianej ci\u0105\u017cy to tylko jeden z przyk\u0142ad\u00f3w, kiedy kobieta zmaga si\u0119 z ogromnym stresem i cz\u0119sto zostaje sama, bez pomocy. Gdzie mo\u017cna uzyska\u0107 darmowe wsparcie, w tym psychologiczne? Opcji jest wiele, pomoc oferuj\u0105 m.in.:<\/p>\n<ul class=\"ods-m-bullet-list\">\n<li class=\"ods-a-bullet ods-a-bullet--normal\"> Kryzysowy Telefon Zaufania\u00a0\u2014 116 123, czynny codziennie od 14 do 22 <\/li>\n<li class=\"ods-a-bullet ods-a-bullet--normal\"> Centrum Wsparcia Fundacji ITAKA\u00a0\u2014 800 70 22 22, dzwoni\u0107 mo\u017cna przez ca\u0142\u0105 dob\u0119 <\/li>\n<li class=\"ods-a-bullet ods-a-bullet--normal\"> Fundacja Pomocy Kobietom i Dzieciom\u00a0\u2014 tel. (22) 616 38 54,\u00a0602 778 370,\u00a0692 050 380, mail:\u00a0pomoc@przemockid.pl, zytecka@op.pl <\/li>\n<li class=\"ods-a-bullet ods-a-bullet--normal\"> Og\u00f3lnopolskie Pogotowie dla Ofiar Przemocy &#8222;Niebieska Linia&#8221; \u2014\u00a0tel. 668 70 00,\u00a0<a rel=\"nofollow noopener\" href=\"https:\/\/www.niebieskalinia.pl\/\" target=\"_blank\">www.niebieskalinia.pl<\/a> <\/li>\n<li class=\"ods-a-bullet ods-a-bullet--normal\"> Fundacja Feminoteka\u00a0\u2014 tel. 888 88 33 88,\u00a0www.<a rel=\"nofollow noopener\" href=\"https:\/\/feminoteka.pl\/kontakt\/\" target=\"_blank\">feminoteka.pl\/kontakt<\/a> <\/li>\n<li class=\"ods-a-bullet ods-a-bullet--normal\"> Grupa Ponton\u00a0\u2014 tel. 22 635 93 95,\u00a0porady@ponton.org.pl <\/li>\n<li class=\"ods-a-bullet ods-a-bullet--normal\"> Federacja na rzecz Kobiet i Planowania Rodziny\u00a0\u2014 tel. 22 635 93 95, federacja@federa.org.pl <\/li>\n<\/ul>\n","protected":false},"excerpt":{"rendered":"Ewa Raczy\u0144ska: Prokuratura w Ole\u015bnicy umorzy\u0142a post\u0119powanie dotycz\u0105ce aborcji, na kt\u00f3r\u0105 zdecydowa\u0142a\u015b si\u0119 w trzecim trymestrze, co poczu\u0142a\u015b?&hellip;\n","protected":false},"author":2,"featured_media":147451,"comment_status":"","ping_status":"","sticky":false,"template":"","format":"standard","meta":{"footnotes":""},"categories":[12],"tags":[4434,29056,32,33,2516,36,37,27,7394,34,35,28,31,48,25,6854,46,42,38,40,39,41,47,29,30,26],"class_list":{"0":"post-147450","1":"post","2":"type-post","3":"status-publish","4":"format-standard","5":"has-post-thumbnail","7":"category-polska","8":"tag-aborcja","9":"tag-anita","10":"tag-breaking-news","11":"tag-breakingnews","12":"tag-ciaza","13":"tag-featured-news","14":"tag-featurednews","15":"tag-headlines","16":"tag-kaja_godek","17":"tag-latest-news","18":"tag-latestnews","19":"tag-naglowki","20":"tag-najwazniejsze-artykuly","21":"tag-nat_styl","22":"tag-news","23":"tag-olesnica","24":"tag-omp","25":"tag-pl","26":"tag-poland","27":"tag-polish","28":"tag-polska","29":"tag-polski","30":"tag-screening_general","31":"tag-top-stories","32":"tag-topstories","33":"tag-wiadomosci"},"share_on_mastodon":{"url":"https:\/\/pubeurope.com\/@pl\/115708630148448278","error":""},"_links":{"self":[{"href":"https:\/\/www.europesays.com\/pl\/wp-json\/wp\/v2\/posts\/147450","targetHints":{"allow":["GET"]}}],"collection":[{"href":"https:\/\/www.europesays.com\/pl\/wp-json\/wp\/v2\/posts"}],"about":[{"href":"https:\/\/www.europesays.com\/pl\/wp-json\/wp\/v2\/types\/post"}],"author":[{"embeddable":true,"href":"https:\/\/www.europesays.com\/pl\/wp-json\/wp\/v2\/users\/2"}],"replies":[{"embeddable":true,"href":"https:\/\/www.europesays.com\/pl\/wp-json\/wp\/v2\/comments?post=147450"}],"version-history":[{"count":0,"href":"https:\/\/www.europesays.com\/pl\/wp-json\/wp\/v2\/posts\/147450\/revisions"}],"wp:featuredmedia":[{"embeddable":true,"href":"https:\/\/www.europesays.com\/pl\/wp-json\/wp\/v2\/media\/147451"}],"wp:attachment":[{"href":"https:\/\/www.europesays.com\/pl\/wp-json\/wp\/v2\/media?parent=147450"}],"wp:term":[{"taxonomy":"category","embeddable":true,"href":"https:\/\/www.europesays.com\/pl\/wp-json\/wp\/v2\/categories?post=147450"},{"taxonomy":"post_tag","embeddable":true,"href":"https:\/\/www.europesays.com\/pl\/wp-json\/wp\/v2\/tags?post=147450"}],"curies":[{"name":"wp","href":"https:\/\/api.w.org\/{rel}","templated":true}]}}