{"id":147506,"date":"2025-12-12T21:56:08","date_gmt":"2025-12-12T21:56:08","guid":{"rendered":"https:\/\/www.europesays.com\/pl\/147506\/"},"modified":"2025-12-12T21:56:08","modified_gmt":"2025-12-12T21:56:08","slug":"przemowienie-karola-iii-opowiedzial-o-swojej-chorobie-i-harmonogramie-leczenia-onet","status":"publish","type":"post","link":"https:\/\/www.europesays.com\/pl\/147506\/","title":{"rendered":"Przem\u00f3wienie Karola III. Opowiedzia\u0142 o swojej chorobie i &quot;harmonogramie leczenia&quot; &#8211; Onet"},"content":{"rendered":"<ol>\n<li><a href=\"https:\/\/news.google.com\/rss\/articles\/CBMixAFBVV95cUxQdkJSYTdLX0NfZHVGODU4WG1LY19VUzBXS3BISDdjX1pReHhOOFhiUDh5a3g3eERYWXpmeXY5QUFUekxvZlVKalpxeVQxUTd6d3JkTlYxaXpuVWlxdFdzcmJyS2gtM1ppRGM1SWIxTXJCRXdCQ2podU41ZzhMZC1lVTlpSXN0cmpRQmNpT2lSNW5pLVNycndoZzZWNFVnUTJiZVJOUkRyRktOMkhvQTNsdlhvbDlZY2xhMG5jcWk5d0lSdHY0?oc=5\" target=\"_blank\" rel=\"nofollow noopener\">Przem\u00f3wienie Karola III. Opowiedzia\u0142 o swojej chorobie i &#8222;harmonogramie leczenia&#8221;<\/a>&nbsp;&nbsp;Onet<\/li>\n<li><a href=\"https:\/\/news.google.com\/rss\/articles\/CBMiogFBVV95cUxNcTljLXdYNUR4SzFnR2tEdzhnTUpKcG40UnBCUDJTLWcwNkZlblRONkQ3a1hXYzRZVTZqYW5ITUt2Y1E0NUlJZFlzOTMyU2x2VzZwamtueUxMTjhfaUZ5cV84TzdxVnNBTGZ3SlR2NTcwQjl3OVpqbDFCZDc1NU1xSVJUZ0FSYWFmeUhIci1ZSldCZ1hKYVRXcTFSRjBrTFliVnc?oc=5\" target=\"_blank\" rel=\"nofollow noopener\">Kr\u00f3l Karol III podzieli\u0142 si\u0119 &#8222;dobr\u0105 nowin\u0105&#8221;. Chodzi walk\u0119 z nowotworem<\/a>&nbsp;&nbsp;TVN24<\/li>\n<li><a href=\"https:\/\/news.google.com\/rss\/articles\/CBMi1wFBVV95cUxQZ2tyMW94ejJiYWFNa2VOS0U5Q0JISUFDcmc4ejkwemtSazhDOElDNno3VlY5X2p1YVJVcFBsR3BQNFpOb1JSbThRN2ZaOS1raEV2Y2tMN2NWZ29IZWkzWmdmcmFlOE9wTzdJOF9iblAxTnFzeDRFcWQtM3BnTXRXT25Hc1EweTJkVzIxYUQxNFhWZDBLZzR0UFNSdks5MWxGUFI1a0VHQm9kTGdFdWdIV1hhempPWUFOM0FuZDlqN0hTMnhfOHdXUWRxWjl3V3h5WUZZT1BIbw?oc=5\" target=\"_blank\" rel=\"nofollow noopener\">Poruszaj\u0105ce s\u0142owa Karola III o walce z rakiem. &#8222;Twoje \u017cycie mo\u017ce od tego zale\u017ce\u0107&#8221;<\/a>&nbsp;&nbsp;Medonet<\/li>\n<li><a href=\"https:\/\/news.google.com\/rss\/articles\/CBMiswFBVV95cUxNSFRMZ2ZBT3pVSTdmdm1qSzdDSF92cFJLMENCcThnd2hYa3Z6Z2VWVXlfN1dMdUtscUF5U2lSWTZDMG5HTmxqNVJZX1J5dnZUb1Q1RFJPakFVRHpxa2l3ZFFKQVl3VGgwWlUybjdPSGFEMEsxaTNsNDFCbE9WMDFCWjlxRGo3RHotOHBOYjNzaV9VenJaZW10TEtLekc3LWgwVGQ4NmJUNDBEaGJYV2FBbkg3SQ?oc=5\" target=\"_blank\" rel=\"nofollow noopener\">Kr\u00f3l Karol III z wa\u017cn\u0105 informacj\u0105 o swoim zdrowiu. Zaskakuj\u0105ce s\u0142owa o nowotworze<\/a>&nbsp;&nbsp;Plotek.pl<\/li>\n<li><a href=\"https:\/\/news.google.com\/rss\/articles\/CBMiuAFBVV95cUxQeDNUN1pPaXhzaGxVNVFaNVNXZmlhYlBzamVmMkJIWVFudG52dERQeEtGclVWM2NNVE9vNnN6V3pwczZBc2g2czQ3b1JIc19KVU5lUERrRTRsUmFsQlBOTUhmRG03U1AxeXBPWWpKUjFBWFotR2hkRUNSQ0pnaGM2VWN3NXByTVdZajF4Y3FlWmotcFdGTmV1SDFvcVpCOWR6ZVY4a2pHdUJ3bHpjUzkxaXdkbXZSVWQx?oc=5\" target=\"_blank\" rel=\"nofollow noopener\">Kr\u00f3l Karol III, po miesi\u0105cach milczenia, opowie o swojej chorobie<\/a>&nbsp;&nbsp;Pomponik.pl<\/li>\n<\/ol>\n","protected":false},"excerpt":{"rendered":"Przem\u00f3wienie Karola III. Opowiedzia\u0142 o swojej chorobie i &#8222;harmonogramie leczenia&#8221;&nbsp;&nbsp;Onet Kr\u00f3l Karol III podzieli\u0142 si\u0119 &#8222;dobr\u0105 nowin\u0105&#8221;. Chodzi&hellip;\n","protected":false},"author":2,"featured_media":147507,"comment_status":"","ping_status":"","sticky":false,"template":"","format":"standard","meta":{"footnotes":""},"categories":[22],"tags":[122,67,266,53,52,68,51,55,42,38,40,39,41,459,123,47,65,50,264,253],"class_list":{"0":"post-147506","1":"post","2":"type-post","3":"status-publish","4":"format-standard","5":"has-post-thumbnail","7":"category-rozrywka","8":"tag-entertainment","9":"tag-intextvideo_splayer","10":"tag-krol_karol_iii_krol_brytyjski","11":"tag-new_header","12":"tag-onet3","13":"tag-onet3d","14":"tag-onet3d_2i","15":"tag-phx","16":"tag-pl","17":"tag-poland","18":"tag-polish","19":"tag-polska","20":"tag-polski","21":"tag-rodziny_krolewskie_rody_royalsi","22":"tag-rozrywka","23":"tag-screening_general","24":"tag-update_me","25":"tag-v2021","26":"tag-wielka_brytania_kraj","27":"tag-zdrowie"},"share_on_mastodon":{"url":"https:\/\/pubeurope.com\/@pl\/115708833715896399","error":""},"_links":{"self":[{"href":"https:\/\/www.europesays.com\/pl\/wp-json\/wp\/v2\/posts\/147506","targetHints":{"allow":["GET"]}}],"collection":[{"href":"https:\/\/www.europesays.com\/pl\/wp-json\/wp\/v2\/posts"}],"about":[{"href":"https:\/\/www.europesays.com\/pl\/wp-json\/wp\/v2\/types\/post"}],"author":[{"embeddable":true,"href":"https:\/\/www.europesays.com\/pl\/wp-json\/wp\/v2\/users\/2"}],"replies":[{"embeddable":true,"href":"https:\/\/www.europesays.com\/pl\/wp-json\/wp\/v2\/comments?post=147506"}],"version-history":[{"count":0,"href":"https:\/\/www.europesays.com\/pl\/wp-json\/wp\/v2\/posts\/147506\/revisions"}],"wp:featuredmedia":[{"embeddable":true,"href":"https:\/\/www.europesays.com\/pl\/wp-json\/wp\/v2\/media\/147507"}],"wp:attachment":[{"href":"https:\/\/www.europesays.com\/pl\/wp-json\/wp\/v2\/media?parent=147506"}],"wp:term":[{"taxonomy":"category","embeddable":true,"href":"https:\/\/www.europesays.com\/pl\/wp-json\/wp\/v2\/categories?post=147506"},{"taxonomy":"post_tag","embeddable":true,"href":"https:\/\/www.europesays.com\/pl\/wp-json\/wp\/v2\/tags?post=147506"}],"curies":[{"name":"wp","href":"https:\/\/api.w.org\/{rel}","templated":true}]}}