{"id":147508,"date":"2025-12-12T21:57:12","date_gmt":"2025-12-12T21:57:12","guid":{"rendered":"https:\/\/www.europesays.com\/pl\/147508\/"},"modified":"2025-12-12T21:57:12","modified_gmt":"2025-12-12T21:57:12","slug":"superziemia-z-atmosfera-i-oceanem-magmy-najlepsze-potwierdzenie-w-historii","status":"publish","type":"post","link":"https:\/\/www.europesays.com\/pl\/147508\/","title":{"rendered":"Superziemia z atmosfer\u0105 i oceanem magmy. Najlepsze potwierdzenie w historii"},"content":{"rendered":"<p class=\"typography ids-typeset-body ids-typeset-body--preset-large link paragraph ids-paragraph ids-paragraph--default\">TOI-561b to egzoplaneta odkryta pi\u0119\u0107 lat temu przez teleskop <a href=\"https:\/\/geekweek.interia.pl\/geekextra\/news-sonda-tess-znalazla-juz-ponad-2000-potencjalnych-planet,nId,5140951\" target=\"_self\" rel=\"nofollow noopener\">TESS<\/a> nale\u017c\u0105cy do <a href=\"https:\/\/geekweek.interia.pl\/marki-i-produkty-nasa,gsbi,2582\" target=\"_self\" rel=\"nofollow noopener\">NASA<\/a>. Planeta jest superziemi\u0105, cho\u0107 z pewno\u015bci\u0105 nie nadaje si\u0119 do zamieszkania. Jest to pierwszy \u015bwiat skalisty poza <a href=\"https:\/\/geekweek.interia.pl\/marki-i-produkty-uklad-sloneczny,gsbi,2961\" target=\"_self\" rel=\"nofollow noopener\">Uk\u0142adem S\u0142onecznym<\/a>, na kt\u00f3rym uda\u0142o si\u0119 tak dobrze potwierdzi\u0107 \u015blady atmosfery.<\/p>\n<p>TOI-561b planet\u0105 skalist\u0105 z potwierdzon\u0105 atmosfer\u0105<\/p>\n<p class=\"typography ids-typeset-body ids-typeset-body--preset-large link paragraph ids-paragraph ids-paragraph--default\">Astronomowie skierowali na TOI-561b <a href=\"https:\/\/geekweek.interia.pl\/marki-i-produkty-kosmiczny-teleskop-jamesa-webba,gsbi,2894\" target=\"_self\" rel=\"nofollow noopener\">Kosmiczny Teleskop Jamesa Webba<\/a> i dokonali prze\u0142omowego odkrycia. Planeta ma wyra\u017ane \u015blady atmosfery i jest to o tyle zaskakuj\u0105ce, \u017ce \u015bwiat ten znajduje si\u0119 bardzo blisko macierzystej gwiazdy. Okr\u0105\u017c\u0105 j\u0105 w odleg\u0142o\u015bci oko\u0142o 40 razy bli\u017cszej ni\u017c <a href=\"https:\/\/geekweek.interia.pl\/marki-i-produkty-merkury,gsbi,2902\" target=\"_self\" rel=\"nofollow noopener\">Merkury<\/a> S\u0142o\u0144ce.<\/p>\n<p class=\"typography ids-typeset-body ids-typeset-body--preset-large link paragraph ids-paragraph ids-paragraph--default\">Badana superziemia orbituje wok\u00f3\u0142 jednej z najstarszych gwiazd Drogi Mlecznej i uczeni s\u0105dzili, \u017ce \u015bwiat ten powinien ju\u017c dawno straci\u0107 atmosfer\u0119 z racji piekielnych warunk\u00f3w, kt\u00f3re tam panuj\u0105. Tak si\u0119 jednak nie sta\u0142o.<\/p>\n<blockquote role=\"blockquote\" class=\"quote ids-quote ids-quote--nosurface--short--medium\"><p>Na podstawie naszej wiedzy o innych uk\u0142adach, astronomowie mogliby przewidzie\u0107, \u017ce planeta taka jest zbyt ma\u0142a i gor\u0105ca, aby utrzyma\u0107 w\u0142asn\u0105 atmosfer\u0119 przez d\u0142ugi czas po powstaniu\u00a0wyja\u015bnia jedna z autorek badania Nicole Wallack.<\/p><\/blockquote>\n<p class=\"typography ids-typeset-body ids-typeset-body--preset-large link paragraph ids-paragraph ids-paragraph--default\">Nicole Wallack dodaje, \u017ce obserwacje &#8222;podwa\u017caj\u0105 powszechnie przyj\u0119te pogl\u0105dy na temat planet ultrakr\u00f3tkookresowych&#8221;. Dane zebrane przez Kosmiczny Teleskop Jamesa Webba pokazuj\u0105, \u017ce atmosfera planety wydaje si\u0119 niemal nienaruszona.<\/p>\n<p>Piekielna superziemia z oceanem magmy<\/p>\n<p class=\"typography ids-typeset-body ids-typeset-body--preset-large link paragraph ids-paragraph ids-paragraph--default\">TOI-561b jest superziemi\u0105 oko\u0142o 1,5 razy wi\u0119ksz\u0105 od Ziemi oraz maj\u0105c\u0105 trzy razy wi\u0119ksz\u0105 mas\u0119. G\u0119sto\u015b\u0107 tego \u015bwiata jest mniejsza w por\u00f3wnaniu do wielu planet skalistych. Na powierzchni znajduje si\u0119 ocean magmy.<\/p>\n<p class=\"typography ids-typeset-body ids-typeset-body--preset-large link paragraph ids-paragraph ids-paragraph--default\">Dotychczasowe badania wykaza\u0142y, \u017ce superziemia powsta\u0142a w innych warunkach chemicznych ni\u017c <a href=\"https:\/\/geekweek.interia.pl\/marki-i-produkty-ziemia,gsbi,2967\" target=\"_self\" rel=\"nofollow noopener\">Ziemia<\/a>. Gwiazda znajduj\u0105ca si\u0119 w centrum uk\u0142adu jest nie tylko stara, ale r\u00f3wnie\u017c bardzo uboga w \u017celazo.<\/p>\n<p class=\"typography ids-typeset-body ids-typeset-body--preset-large link paragraph ids-paragraph ids-paragraph--default\">TOI-561b to egzoplaneta silnie zwi\u0105zana grawitacyjnie z gwiazd\u0105. Jeden rok trwa tam tylko oko\u0142o 10,5 godziny. Superziemia skierowana jest ci\u0105gle jedn\u0105 stron\u0105 do w\u0142asnego s\u0142o\u0144ca (jak Ksi\u0119\u017cyc do Ziemi) i po jasnej stronie temperatura osi\u0105ga \u015brednio oko\u0142o 1700 stopni Celsjusza, ale jest to du\u017co mniej wzgl\u0119dem przewidywa\u0144, co planeta zawdzi\u0119cza w\u0142a\u015bnie atmosferze, kt\u00f3ra j\u0105 sch\u0142adza.<\/p>\n<p class=\"typography ids-typeset-body ids-typeset-body--preset-large link paragraph ids-paragraph ids-paragraph--default\">Badania z wykorzystaniem Kosmicznego Teleskopu Jamesa Webba prowadzono przez 37 godzin. Odby\u0142o si\u0119 to w ramach programu General Observers Program 3860. Wyniki bada\u0144 opublikowano na \u0142amach The Astrophysical Journal Letters.<\/p>\n<p>Wioska czarownic w Andaluzji. Tradycja si\u0119ga mrocznych czas\u00f3w\u00a9 2025 Associated Press<\/p>\n<p><a class=\"ids-undecorated-link source ids-page-info--source__link\" href=\"https:\/\/www.interia.pl\" rel=\"nofollow noopener\" target=\"_blank\"><img decoding=\"async\" class=\"ids-image-holder__img\" loading=\"lazy\" alt=\"\" title=\"\" height=\"24px\" src=\"https:\/\/www.europesays.com\/pl\/wp-content\/uploads\/2025\/12\/1765565651_348_0009A60QQ5I2TYF7-C202-F4.webp.webp\"\/><\/a><\/p>\n<p>Masz sugestie, uwagi albo widzisz b\u0142\u0105d? Napisz do nas<\/p>\n<p>Zapisz si\u0119 na geekweekowy newsletter i \u0142ap naj\u015bwie\u017csze newsy ze \u015bwiata tech, lifehacki, porady i ciekawostki.<\/p>\n","protected":false},"excerpt":{"rendered":"TOI-561b to egzoplaneta odkryta pi\u0119\u0107 lat temu przez teleskop TESS nale\u017c\u0105cy do NASA. Planeta jest superziemi\u0105, cho\u0107 z&hellip;\n","protected":false},"author":2,"featured_media":147509,"comment_status":"","ping_status":"","sticky":false,"template":"","format":"standard","meta":{"footnotes":""},"categories":[20],"tags":[120,118,119,42,38,40,39,41,116,114,115,121,117],"class_list":{"0":"post-147508","1":"post","2":"type-post","3":"status-publish","4":"format-standard","5":"has-post-thumbnail","7":"category-nauka-i-technika","8":"tag-nauka","9":"tag-nauka-i-technika","10":"tag-naukatechnika","11":"tag-pl","12":"tag-poland","13":"tag-polish","14":"tag-polska","15":"tag-polski","16":"tag-science","17":"tag-science-and-technology","18":"tag-sciencetechnology","19":"tag-technika","20":"tag-technology"},"share_on_mastodon":{"url":"https:\/\/pubeurope.com\/@pl\/115708837732088358","error":""},"_links":{"self":[{"href":"https:\/\/www.europesays.com\/pl\/wp-json\/wp\/v2\/posts\/147508","targetHints":{"allow":["GET"]}}],"collection":[{"href":"https:\/\/www.europesays.com\/pl\/wp-json\/wp\/v2\/posts"}],"about":[{"href":"https:\/\/www.europesays.com\/pl\/wp-json\/wp\/v2\/types\/post"}],"author":[{"embeddable":true,"href":"https:\/\/www.europesays.com\/pl\/wp-json\/wp\/v2\/users\/2"}],"replies":[{"embeddable":true,"href":"https:\/\/www.europesays.com\/pl\/wp-json\/wp\/v2\/comments?post=147508"}],"version-history":[{"count":0,"href":"https:\/\/www.europesays.com\/pl\/wp-json\/wp\/v2\/posts\/147508\/revisions"}],"wp:featuredmedia":[{"embeddable":true,"href":"https:\/\/www.europesays.com\/pl\/wp-json\/wp\/v2\/media\/147509"}],"wp:attachment":[{"href":"https:\/\/www.europesays.com\/pl\/wp-json\/wp\/v2\/media?parent=147508"}],"wp:term":[{"taxonomy":"category","embeddable":true,"href":"https:\/\/www.europesays.com\/pl\/wp-json\/wp\/v2\/categories?post=147508"},{"taxonomy":"post_tag","embeddable":true,"href":"https:\/\/www.europesays.com\/pl\/wp-json\/wp\/v2\/tags?post=147508"}],"curies":[{"name":"wp","href":"https:\/\/api.w.org\/{rel}","templated":true}]}}