{"id":147510,"date":"2025-12-12T21:59:15","date_gmt":"2025-12-12T21:59:15","guid":{"rendered":"https:\/\/www.europesays.com\/pl\/147510\/"},"modified":"2025-12-12T21:59:15","modified_gmt":"2025-12-12T21:59:15","slug":"nie-bylo-go-od-tysiecy-lat-prehistoryczne-jezioro-znow-pojawilo-sie-w-dolinie-smierci","status":"publish","type":"post","link":"https:\/\/www.europesays.com\/pl\/147510\/","title":{"rendered":"Nie by\u0142o go od tysi\u0119cy lat. Prehistoryczne jezioro zn\u00f3w pojawi\u0142o si\u0119 w Dolinie \u015amierci"},"content":{"rendered":"<p>W Dolinie \u015amierci, jednym z\u00a0najbardziej suchych miejsc na Ziemi, odnotowano wyj\u0105tkowe zdarzenie. Wieloletnia susza ust\u0105pi\u0142a pod wp\u0142ywem intensywnych, jesiennych opad\u00f3w, kt\u00f3re wype\u0142ni\u0142y region wod\u0105, przywracaj\u0105c na chwil\u0119 jezioro znane jako Manly. <\/p>\n<p>Jezioro to jest historycznym fenomenem, kt\u00f3re zanik\u0142o wiele lat temu, a\u00a0teraz na kr\u00f3tko o\u017cy\u0142o dzi\u0119ki nadzwyczajnym warunkom pogodowym.<\/p>\n<p>Kawa\u0142ek Polski, kt\u00f3ry znikn\u0105\u0142. Tury\u015bci nadal pr\u00f3buj\u0105 go\u00a0znale\u017a\u0107 <\/p>\n<p>Wed\u0142ug danych National Weather Service, od wrze\u015bnia do listopada w\u00a0Dolinie \u015amierci spad\u0142o ponad 6\u00a0l deszczu na m\u00a0kw., co jest wynikiem wy\u017cszym ni\u017c roczna \u015brednia dla tego obszaru. Listopadowe deszcze ustanowi\u0142y nowy rekord &#8211;\u00a04,3 l\u00a0na m\u00a0kw., co znacz\u0105co przyczyni\u0142o si\u0119 do powstania jeziora w\u00a0regionie Badwater.<\/p>\n<p>Historia jeziora Manly si\u0119ga czas\u00f3w, kiedy topniej\u0105ce lodowce z\u00a0g\u00f3r Sierra Nevada zasila\u0142y tutejsze rzeki, tworz\u0105c olbrzymi zbiornik wodny. W\u00f3wczas jezioro osi\u0105ga\u0142o g\u0142\u0119boko\u015b\u0107 do 200 m, rozci\u0105gaj\u0105c si\u0119 na niemal 160 km. Jego powr\u00f3t na kr\u00f3tk\u0105 chwil\u0119 wywo\u0142a\u0142 zachwyt turyst\u00f3w.<\/p>\n<p>Andrew Heltzel z\u00a0Xanterra Travel Collection wyja\u015bnia, \u017ce obecno\u015b\u0107 wody w\u00a0Dolinie \u015amierci jest chwilowa. Teren nie ma odp\u0142ywu, a\u00a0jedynym sposobem na jej znikni\u0119cie jest odparowanie, co z\u00a0pewno\u015bci\u0105 nast\u0105pi. Tury\u015bci mog\u0105 teraz podziwia\u0107 ten wyj\u0105tkowy krajobraz, kt\u00f3ry mieni si\u0119 w\u00a0s\u0142o\u0144cu, odbijaj\u0105c g\u00f3ry Amargosa i\u00a0Panamint.<\/p>\n<p>Zjawisko mo\u017ce zapowiada\u0107 tak\u017ce inne niezwyk\u0142e wydarzenie &#8211;\u00a0superkwitnienie pustynnych kwiat\u00f3w, kt\u00f3re mo\u017ce nast\u0105pi\u0107 wiosn\u0105. Ostatni raz taki spektakl mia\u0142 miejsce w\u00a02016 r. Dzi\u0119ki wch\u0142oni\u0119ciu wody przez gleb\u0119, istnieje du\u017ca szansa, \u017ce pustynia zakwitnie barwnymi kwiatami.<\/p>\n<p>Mimo intensywnych opad\u00f3w, kt\u00f3re spowodowa\u0142y pewne szkody, wi\u0119kszo\u015b\u0107 atrakcji parku narodowego jest nadal dost\u0119pna dla turyst\u00f3w. W\u0142adze parku przestrzegaj\u0105 jednak przed mo\u017cliwymi trudno\u015bciami na nieutwardzonych drogach i\u00a0sugeruj\u0105 zachowanie ostro\u017cno\u015bci.<\/p>\n","protected":false},"excerpt":{"rendered":"W Dolinie \u015amierci, jednym z\u00a0najbardziej suchych miejsc na Ziemi, odnotowano wyj\u0105tkowe zdarzenie. Wieloletnia susza ust\u0105pi\u0142a pod wp\u0142ywem intensywnych,&hellip;\n","protected":false},"author":2,"featured_media":147511,"comment_status":"","ping_status":"","sticky":false,"template":"","format":"standard","meta":{"footnotes":""},"categories":[14],"tags":[32,33,27,34,35,28,31,25,40,41,80,29,30,26,82,83,84],"class_list":{"0":"post-147510","1":"post","2":"type-post","3":"status-publish","4":"format-standard","5":"has-post-thumbnail","7":"category-swiat","8":"tag-breaking-news","9":"tag-breakingnews","10":"tag-headlines","11":"tag-latest-news","12":"tag-latestnews","13":"tag-naglowki","14":"tag-najwazniejsze-artykuly","15":"tag-news","16":"tag-polish","17":"tag-polski","18":"tag-swiat","19":"tag-top-stories","20":"tag-topstories","21":"tag-wiadomosci","22":"tag-world","23":"tag-world-news","24":"tag-worldnews"},"share_on_mastodon":{"url":"https:\/\/pubeurope.com\/@pl\/115708845476905489","error":""},"_links":{"self":[{"href":"https:\/\/www.europesays.com\/pl\/wp-json\/wp\/v2\/posts\/147510","targetHints":{"allow":["GET"]}}],"collection":[{"href":"https:\/\/www.europesays.com\/pl\/wp-json\/wp\/v2\/posts"}],"about":[{"href":"https:\/\/www.europesays.com\/pl\/wp-json\/wp\/v2\/types\/post"}],"author":[{"embeddable":true,"href":"https:\/\/www.europesays.com\/pl\/wp-json\/wp\/v2\/users\/2"}],"replies":[{"embeddable":true,"href":"https:\/\/www.europesays.com\/pl\/wp-json\/wp\/v2\/comments?post=147510"}],"version-history":[{"count":0,"href":"https:\/\/www.europesays.com\/pl\/wp-json\/wp\/v2\/posts\/147510\/revisions"}],"wp:featuredmedia":[{"embeddable":true,"href":"https:\/\/www.europesays.com\/pl\/wp-json\/wp\/v2\/media\/147511"}],"wp:attachment":[{"href":"https:\/\/www.europesays.com\/pl\/wp-json\/wp\/v2\/media?parent=147510"}],"wp:term":[{"taxonomy":"category","embeddable":true,"href":"https:\/\/www.europesays.com\/pl\/wp-json\/wp\/v2\/categories?post=147510"},{"taxonomy":"post_tag","embeddable":true,"href":"https:\/\/www.europesays.com\/pl\/wp-json\/wp\/v2\/tags?post=147510"}],"curies":[{"name":"wp","href":"https:\/\/api.w.org\/{rel}","templated":true}]}}