{"id":147521,"date":"2025-12-12T22:08:16","date_gmt":"2025-12-12T22:08:16","guid":{"rendered":"https:\/\/www.europesays.com\/pl\/147521\/"},"modified":"2025-12-12T22:08:16","modified_gmt":"2025-12-12T22:08:16","slug":"politycy-pis-poklocili-sie-przed-kamera-w-partii-kaczynskiego-wrze","status":"publish","type":"post","link":"https:\/\/www.europesays.com\/pl\/147521\/","title":{"rendered":"Politycy PiS pok\u0142\u00f3cili si\u0119 przed kamer\u0105. W partii Kaczy\u0144skiego wrze"},"content":{"rendered":"<p class=\"article-p\" data-section=\"detail-body\">W partii Jaros\u0142awa Kaczy\u0144skiego od wielu tygodni ma trwa\u0107 ostry sp\u00f3r mi\u0119dzy trzema frakcjami: &#8222;ma\u015blarzy&#8221; (sojusz Patryka Jakiego, Przemys\u0142awa Czarnka, Jacka Sasina i Tobiasza Boche\u0144skiego), &#8222;harcerzy&#8221; (politycy skupieni wok\u00f3\u0142 Mateusza Morawieckiego) oraz ziobrystami. W pi\u0105tek (12 grudnia) odby\u0142o si\u0119 posiedzenie w\u0142adz partii, na kt\u00f3rym \u2014 wed\u0142ug nieoficjalnych informacji \u2014 rozmawiano w\u0142a\u015bnie o sposobach za\u017cegnania tocz\u0105cych si\u0119 spor\u00f3w i poprawy fatalnej atmosfery w szeregach.<\/p>\n<p>        Politycy PiS pok\u0142\u00f3cili si\u0119 przed kamer\u0105. Nagranie obieg\u0142o internet<\/p>\n<p class=\"article-p\" data-section=\"detail-body\">O ostrym konflikcie wewn\u0105trz partii \u015bwiadczy\u0107 mo\u017ce zdarzenie do kt\u00f3rego dosz\u0142o w Nowym Korczynie. Na 3,5-kilometrow\u0105 obwodnic\u0119 mieszka\u0144cy czekali od lat \u2014 inwestycja za ponad 100 mln z\u0142 (w tym 80 mln z\u0142 z funduszy unijnych) mia\u0142a wreszcie wyprowadzi\u0107 ci\u0119\u017car\u00f3wki z centrum niewielkiej miejscowo\u015bci. Na uroczysto\u015b\u0107 otwarcia 10 grudnia przyjecha\u0142a nawet minister funduszy i polityki regionalnej Katarzyna Pe\u0142czy\u0144ska-Na\u0142\u0119cz. Obecnych by\u0142o tak\u017ce troje parlamentarzyst\u00f3w PiS.<\/p>\n<p class=\"article-p\" data-section=\"detail-body\">I to w\u0142a\u015bnie mi\u0119dzy dwojgiem z nich dosz\u0142o do scen, kt\u00f3re trudno nazwa\u0107 inaczej ni\u017c kompromitacj\u0105. Szefowa \u015bwi\u0119tokrzyskiego PiS Anna Krupka dos\u0142ownie wyrwa\u0142a mikrofon partyjnemu koledze Micha\u0142owi Cie\u015blakowi, kojarzonemu z frakcj\u0105 Mateusza Morawieckiego. Nast\u0119pnie odepchn\u0119\u0142a go na bok, by zrobi\u0107 miejsce ksi\u0119dzu.<\/p>\n<p class=\"article-p\" data-section=\"detail-body\">\u2014 Jestem zachwycony wspania\u0142\u0105 atmosfer\u0105 tej uroczysto\u015bci \u2014 zacz\u0105\u0142 duchowny, najwyra\u017aniej nie\u015bwiadomy tego, co dzieje si\u0119 tu\u017c obok.<\/p>\n<p class=\"article-p\" data-section=\"detail-body\">W tym czasie Cie\u015blak kiwa\u0142 g\u0142ow\u0105 z niedowierzaniem i co\u015b gor\u0105czkowo t\u0142umaczy\u0142 Krupce. Pose\u0142 PiS wygl\u0105da\u0142 na wyra\u017anie wzburzonego.<\/p>\n<p class=\"article-p\" data-section=\"detail-body\">Nagranie z tego nietypowego zdarzenia b\u0142yskawicznie obieg\u0142o media spo\u0142eczno\u015bciowe, staj\u0105c si\u0119 kolejnym dowodem na to, \u017ce w PiS nawet przy tak prozaicznej okazji, jak otwarcie obwodnicy, trudno jest zachowa\u0107 obecnie jedno\u015b\u0107.<\/p>\n<p class=\"article-p\" data-section=\"detail-body\"><a href=\"https:\/\/www.fakt.pl\/polityka\/kaczynski-nie-bedzie-zadowolony-morawiecki-zlekcewazyl-jego-apel\/0p8x2mf\" id=\"42645e1b-e916-4bb2-887b-12ef99485fba\" rel=\"nofollow noopener\" target=\"_blank\">Kaczy\u0144ski nie b\u0119dzie zadowolony. Morawiecki zlekcewa\u017cy\u0142 jego apel<\/a><\/p>\n<p class=\"article-p\" data-section=\"detail-body\"><a href=\"https:\/\/www.fakt.pl\/polityka\/general-o-duzych-problemach-usa-wskazal-zadanie-dla-polski\/zz4f86f\" id=\"a7cbd91d-8e41-4763-af45-fcd7343b2d57\" rel=\"nofollow noopener\" target=\"_blank\">Gen. Komornicki o du\u017cych k\u0142opotach USA. Trump pr\u00f3bowa\u0142 nas przygotowa\u0107. &#8222;Jako Polska musimy&#8221;<\/a><\/p>\n<p class=\"article-p\" data-section=\"detail-body\"><a href=\"https:\/\/www.fakt.pl\/polityka\/karczewski-zajechal-nowym-samochodem-na-nowogrodzka-tani-on-nie-jest\/0rv6t37\" id=\"e159a00e-25d9-4c7d-8c44-dde068690ba4\" rel=\"nofollow noopener\" target=\"_blank\">Karczewski zajecha\u0142 nowym samochodem na Nowogrodzk\u0105. Tani on nie jest<\/a><\/p>\n<p class=\"article-p\" data-section=\"detail-body\">(Fakt, Facebook, &#8222;Gazeta Wyborcza&#8221;)<\/p>\n<p>        \/2<\/p>\n<p>                    <img decoding=\"async\" class=\"article-image-img\" loading=\"lazy\" alt=\"\" src=\"https:\/\/www.europesays.com\/pl\/wp-content\/uploads\/2025\/12\/u7Ok9kuTURBXy83NTBhMWRiMS0wMmExLTQ3MjEtYjM1YS0wZDY1Y2M0ODdlZGEuanBlZ5GTAs0DSM0Byt4AAqEwAaExAQ.jpeg\" width=\"840\" height=\"458\"\/><\/p>\n<p>                  Krystian Jarubas \/ Facebook<\/p>\n<p class=\"article-gallery-p\">\n        K\u0142\u00f3tnia polityk\u00f3w PiS przed kamer\u0105.\n    <\/p>\n<p>        \/2<\/p>\n<p>                    <img decoding=\"async\" class=\"article-image-img\" loading=\"lazy\" alt=\"\" src=\"https:\/\/www.europesays.com\/pl\/wp-content\/uploads\/2025\/12\/q9Zk9kuTURBXy8zNGI5MTE5OC0zOTRjLTQ5ZjAtYjIwYy1hZDBkMTdjMTVmOWUuanBlZ5GTAs0DSM0B1N4AAqEwAaExAQ.jpeg\" width=\"840\" height=\"468\"\/><\/p>\n<p>                  Krystian Jarubas \/ Facebook<\/p>\n<p class=\"article-gallery-p\">\n        Nagranie z uroczysto\u015bci obieg\u0142o internet.\n    <\/p>\n","protected":false},"excerpt":{"rendered":"W partii Jaros\u0142awa Kaczy\u0144skiego od wielu tygodni ma trwa\u0107 ostry sp\u00f3r mi\u0119dzy trzema frakcjami: &#8222;ma\u015blarzy&#8221; (sojusz Patryka Jakiego,&hellip;\n","protected":false},"author":2,"featured_media":147522,"comment_status":"","ping_status":"","sticky":false,"template":"","format":"standard","meta":{"footnotes":""},"categories":[12],"tags":[32,33,36,37,27,34,35,28,31,25,42,38,40,39,41,29,30,26],"class_list":{"0":"post-147521","1":"post","2":"type-post","3":"status-publish","4":"format-standard","5":"has-post-thumbnail","7":"category-polska","8":"tag-breaking-news","9":"tag-breakingnews","10":"tag-featured-news","11":"tag-featurednews","12":"tag-headlines","13":"tag-latest-news","14":"tag-latestnews","15":"tag-naglowki","16":"tag-najwazniejsze-artykuly","17":"tag-news","18":"tag-pl","19":"tag-poland","20":"tag-polish","21":"tag-polska","22":"tag-polski","23":"tag-top-stories","24":"tag-topstories","25":"tag-wiadomosci"},"share_on_mastodon":{"url":"https:\/\/pubeurope.com\/@pl\/115708881411500797","error":""},"_links":{"self":[{"href":"https:\/\/www.europesays.com\/pl\/wp-json\/wp\/v2\/posts\/147521","targetHints":{"allow":["GET"]}}],"collection":[{"href":"https:\/\/www.europesays.com\/pl\/wp-json\/wp\/v2\/posts"}],"about":[{"href":"https:\/\/www.europesays.com\/pl\/wp-json\/wp\/v2\/types\/post"}],"author":[{"embeddable":true,"href":"https:\/\/www.europesays.com\/pl\/wp-json\/wp\/v2\/users\/2"}],"replies":[{"embeddable":true,"href":"https:\/\/www.europesays.com\/pl\/wp-json\/wp\/v2\/comments?post=147521"}],"version-history":[{"count":0,"href":"https:\/\/www.europesays.com\/pl\/wp-json\/wp\/v2\/posts\/147521\/revisions"}],"wp:featuredmedia":[{"embeddable":true,"href":"https:\/\/www.europesays.com\/pl\/wp-json\/wp\/v2\/media\/147522"}],"wp:attachment":[{"href":"https:\/\/www.europesays.com\/pl\/wp-json\/wp\/v2\/media?parent=147521"}],"wp:term":[{"taxonomy":"category","embeddable":true,"href":"https:\/\/www.europesays.com\/pl\/wp-json\/wp\/v2\/categories?post=147521"},{"taxonomy":"post_tag","embeddable":true,"href":"https:\/\/www.europesays.com\/pl\/wp-json\/wp\/v2\/tags?post=147521"}],"curies":[{"name":"wp","href":"https:\/\/api.w.org\/{rel}","templated":true}]}}