{"id":147527,"date":"2025-12-12T22:12:13","date_gmt":"2025-12-12T22:12:13","guid":{"rendered":"https:\/\/www.europesays.com\/pl\/147527\/"},"modified":"2025-12-12T22:12:13","modified_gmt":"2025-12-12T22:12:13","slug":"amazon-prime-video-z-hiszpanska-goraca-nowoscia-od-dzisiaj-kontynuacja-docenionej-serii-w-koncu-debiutuje","status":"publish","type":"post","link":"https:\/\/www.europesays.com\/pl\/147527\/","title":{"rendered":"Amazon Prime Video z hiszpa\u0144sk\u0105, gor\u0105c\u0105 nowo\u015bci\u0105 od dzisiaj. Kontynuacja docenionej serii w ko\u0144cu debiutuje"},"content":{"rendered":"<p>Amazon nie zapomina o rozbudowie Amazon Prime Video i widzowie mog\u0105 sprawdzi\u0107 kolejn\u0105 ekscytuj\u0105c\u0105 nowo\u015b\u0107. Korporacja rozwija sag\u0119 \u201eTell Me\u201d.<\/p>\n<p>Amazon nie zwalnia tempa. Ju\u017c w tym tygodniu widzowie Amazon Prime Video mogli zobaczy\u0107 pierwsz\u0105 nowo\u015b\u0107 przygotowan\u0105 przez korporacj\u0119 &#8211; \u201eMerv\u201d trafi\u0142 na platform\u0119 i zosta\u0142 bardzo ciep\u0142o przyj\u0119ty przez widz\u00f3w. To jednak dopiero pocz\u0105tek grudniowych premier.<\/p>\n<p>    Dalsza cz\u0119\u015b\u0107 tekstu pod wideo<\/p>\n<p>Od dzisiaj na Amazon Prime Video mo\u017cecie obejrze\u0107 \u201ePowiedz mi po cichu\u201d &#8211; hiszpa\u0144sk\u0105 produkcj\u0119 w\u0142asn\u0105 stworzon\u0105 na podstawie pierwszej powie\u015bci z sagi Tell Me autorstwa Mercedes Ron. W g\u0142\u00f3wnych rolach wyst\u0119puj\u0105: Alicia Falc\u00f3 (\u201eBunkier miliarder\u00f3w\u201d), Fernando Lindez (\u201eSzko\u0142a dla elity\u201d) oraz Diego Vidales (\u201eNudes\u201d), wcielaj\u0105c si\u0119 kolejno w Kami, Thiago i Taylora.<\/p>\n<p>        <img loading=\"lazy\" decoding=\"async\" src=\"https:\/\/www.europesays.com\/pl\/wp-content\/uploads\/2025\/12\/1765575372_564_B32963402.414688363;dc_trk_aid=607216972;dc_trk_cid=228291445;ord=[timestamp];dc_lat=;dc_rdid=;tag_f.gif\" attributionsrc=\"\" border=\"0\" height=\"1\" width=\"1\" alt=\"Advertisement\"\/><\/p>\n<p>Historia \u201ePowiedz mi po cichu\u201d skupia si\u0119 na Kamili Hamilton, kt\u00f3ra wydaje si\u0119 mie\u0107 wszystko pod kontrol\u0105&#8230; do czasu powrotu braci Di Bianco. Siedem lat temu pierwszy poca\u0142unek z Thiago i opieku\u0144czo\u015b\u0107 Taylora zmieni\u0142y jej \u017cycie na zawsze. Teraz ci dwaj ponownie pojawiaj\u0105 si\u0119 w jej \u015bwiecie, burz\u0105c misternie stworzon\u0105 fasad\u0119 i budz\u0105c uczucia, kt\u00f3re Kami pr\u00f3bowa\u0142a ukry\u0107. Dziewczyna nie jest ju\u017c t\u0105 sam\u0105, niewinn\u0105 osob\u0105, kt\u00f3r\u0105 pami\u0119taj\u0105. Czy poradzi sobie z powracaj\u0105cymi emocjami? Czy zdo\u0142a oprze\u0107 si\u0119 Thiago? Co zrobi, gdy Taylor zacznie patrze\u0107 na ni\u0105 inaczej? I czy jej \u017cycie ponownie rozsypie si\u0119 na kawa\u0142ki?<\/p>\n<p>\u201ePowiedz mi po cichu\u201d to idealna propozycja dla fan\u00f3w romantycznych dramat\u00f3w, intensywnych relacji i historii pe\u0142nych emocjonalnych zwrot\u00f3w akcji. Je\u015bli nie znacie jeszcze tego uniwersum &#8211; nic straconego. Wystarczy obejrze\u0107 poni\u017cszy zwiastun, kt\u00f3ry \u015bwietnie wprowadza w klimat produkcji i zapowiada czekaj\u0105ce widz\u00f3w wydarzenia.<\/p>\n","protected":false},"excerpt":{"rendered":"Amazon nie zapomina o rozbudowie Amazon Prime Video i widzowie mog\u0105 sprawdzi\u0107 kolejn\u0105 ekscytuj\u0105c\u0105 nowo\u015b\u0107. Korporacja rozwija sag\u0119&hellip;\n","protected":false},"author":2,"featured_media":13198,"comment_status":"","ping_status":"","sticky":false,"template":"","format":"standard","meta":{"footnotes":""},"categories":[20],"tags":[120,118,119,42,38,40,39,41,116,114,115,121,117],"class_list":{"0":"post-147527","1":"post","2":"type-post","3":"status-publish","4":"format-standard","5":"has-post-thumbnail","7":"category-nauka-i-technika","8":"tag-nauka","9":"tag-nauka-i-technika","10":"tag-naukatechnika","11":"tag-pl","12":"tag-poland","13":"tag-polish","14":"tag-polska","15":"tag-polski","16":"tag-science","17":"tag-science-and-technology","18":"tag-sciencetechnology","19":"tag-technika","20":"tag-technology"},"share_on_mastodon":{"url":"https:\/\/pubeurope.com\/@pl\/115708896661777227","error":""},"_links":{"self":[{"href":"https:\/\/www.europesays.com\/pl\/wp-json\/wp\/v2\/posts\/147527","targetHints":{"allow":["GET"]}}],"collection":[{"href":"https:\/\/www.europesays.com\/pl\/wp-json\/wp\/v2\/posts"}],"about":[{"href":"https:\/\/www.europesays.com\/pl\/wp-json\/wp\/v2\/types\/post"}],"author":[{"embeddable":true,"href":"https:\/\/www.europesays.com\/pl\/wp-json\/wp\/v2\/users\/2"}],"replies":[{"embeddable":true,"href":"https:\/\/www.europesays.com\/pl\/wp-json\/wp\/v2\/comments?post=147527"}],"version-history":[{"count":0,"href":"https:\/\/www.europesays.com\/pl\/wp-json\/wp\/v2\/posts\/147527\/revisions"}],"wp:featuredmedia":[{"embeddable":true,"href":"https:\/\/www.europesays.com\/pl\/wp-json\/wp\/v2\/media\/13198"}],"wp:attachment":[{"href":"https:\/\/www.europesays.com\/pl\/wp-json\/wp\/v2\/media?parent=147527"}],"wp:term":[{"taxonomy":"category","embeddable":true,"href":"https:\/\/www.europesays.com\/pl\/wp-json\/wp\/v2\/categories?post=147527"},{"taxonomy":"post_tag","embeddable":true,"href":"https:\/\/www.europesays.com\/pl\/wp-json\/wp\/v2\/tags?post=147527"}],"curies":[{"name":"wp","href":"https:\/\/api.w.org\/{rel}","templated":true}]}}