{"id":147538,"date":"2025-12-12T22:19:15","date_gmt":"2025-12-12T22:19:15","guid":{"rendered":"https:\/\/www.europesays.com\/pl\/147538\/"},"modified":"2025-12-12T22:19:15","modified_gmt":"2025-12-12T22:19:15","slug":"wybuchl-w-latach-50-odradza-sie-w-wyjatkowo-szybkim-tempie","status":"publish","type":"post","link":"https:\/\/www.europesays.com\/pl\/147538\/","title":{"rendered":"Wybuch\u0142 w latach 50. Odradza si\u0119 w wyj\u0105tkowo szybkim tempie"},"content":{"rendered":"<p>Erupcja Wulkanu Bezimiennego z\u00a01956 r. spowodowa\u0142a zawalenie si\u0119 jego znacznej cz\u0119\u015bci. Cz\u0119ste erupcje od tego czasu, w\u00a0tym erupcja pod koniec listopada wp\u0142yn\u0119\u0142y na to, \u017ce wulkan si\u0119 prawie ca\u0142kowicie odrodzi\u0142.<\/p>\n<p>Przed za\u0142amaniem w\u00a0latach 50. Wulkan Bezimienny si\u0119ga\u0142 na ok. 3113 m\u00a0n.p.m. 30 marca 1956 r. pot\u0119\u017cna erupcja za\u015b wyrwa\u0142a zbocze wulkanu, zawalaj\u0105c szczyt. Sto\u017ckowa g\u00f3ra zamieni\u0142a si\u0119 w\u00a0&#8222;kamienny amfiteatr w\u00a0kszta\u0142cie podkowy&#8221;, jak opisuje Live Science.<\/p>\n<p>Instytut Wulkanologii i\u00a0Sejsmologii w\u00a0Kamczatce cyklicznie monitoruje Wulkan Bezimienny. Badaczom pomagaj\u0105 badania terenowe, kamery internetowe i\u00a0loty obserwacyjne. Analiza zdj\u0119\u0107 z\u00a0lat 1949\u20132017 wykaza\u0142a, \u017ce g\u00f3ra niemal dor\u00f3wna\u0142a dawnej wysoko\u015bci i\u00a0\u015brednio przybywa\u0142o jej ok. 26,4 tys. m\u00a0sze\u015bc. ska\u0142 dziennie.<\/p>\n<p>\u2013 Najbardziej zaskakuj\u0105cy by\u0142 szybki wzrost nowego sto\u017cka wulkanicznego \u2013\u00a0powiedzieli wsp\u00f3\u0142autorzy badania, Aleksander Bie\u0142ousow i\u00a0Marina Bie\u0142ousowa.<\/p>\n<p>Wulkan wywo\u0142uje \u015brednio kilka erupcji rocznie. Pod koniec listopada wulkan wyrzuci\u0142 nie tylko dziesi\u0119ciokilometrow\u0105 g\u00f3r\u0119 popio\u0142u, ale i\u00a0lawin\u0119 piroklastyczn\u0105. Bezimienny wyrzuca jednak nie tylko chmury popio\u0142u i\u00a0gazu. Wulkan te\u017c w\u00a0bardzo spokojny spos\u00f3b wylewa law\u0119. Naukowcy nazywaj\u0105 to zjawisko erupcj\u0105 wylewn\u0105.<\/p>\n<p>Pierwsz\u0105 tak\u0105 erupcj\u0119 zarejestrowano w\u00a01977 r. Z\u00a0czasem lawa ta zacz\u0119\u0142a mie\u0107 mniej minera\u0142\u00f3w z\u00a0grupy krzemionki i\u00a0sta\u0142a si\u0119 rzadsza. Jej warstwy nagromadzi\u0142y si\u0119 i\u00a0w\u00a0efekcie nada\u0142y Bezimiennemu sto\u017ckowy wygl\u0105d.<\/p>\n<p>\u2013 Zebrane dane s\u0105 bardzo wa\u017cne. Uzyskana wiedza pozwala wulkanologom z\u00a0ca\u0142ego \u015bwiata formu\u0142owa\u0107 d\u0142ugoterminowe prognozy dotycz\u0105ce zachowania r\u00f3\u017cnych wulkan\u00f3w, kt\u00f3re w\u00a0swojej historii do\u015bwiadczy\u0142y masowych zapadni\u0119\u0107&#8221; \u2013\u00a0powiedzieli naukowcy.<\/p>\n","protected":false},"excerpt":{"rendered":"Erupcja Wulkanu Bezimiennego z\u00a01956 r. spowodowa\u0142a zawalenie si\u0119 jego znacznej cz\u0119\u015bci. Cz\u0119ste erupcje od tego czasu, w\u00a0tym erupcja&hellip;\n","protected":false},"author":2,"featured_media":147539,"comment_status":"","ping_status":"","sticky":false,"template":"","format":"standard","meta":{"footnotes":""},"categories":[20],"tags":[120,118,119,42,38,40,39,41,116,114,115,121,117],"class_list":{"0":"post-147538","1":"post","2":"type-post","3":"status-publish","4":"format-standard","5":"has-post-thumbnail","7":"category-nauka-i-technika","8":"tag-nauka","9":"tag-nauka-i-technika","10":"tag-naukatechnika","11":"tag-pl","12":"tag-poland","13":"tag-polish","14":"tag-polska","15":"tag-polski","16":"tag-science","17":"tag-science-and-technology","18":"tag-sciencetechnology","19":"tag-technika","20":"tag-technology"},"share_on_mastodon":{"url":"https:\/\/pubeurope.com\/@pl\/115708923907479443","error":""},"_links":{"self":[{"href":"https:\/\/www.europesays.com\/pl\/wp-json\/wp\/v2\/posts\/147538","targetHints":{"allow":["GET"]}}],"collection":[{"href":"https:\/\/www.europesays.com\/pl\/wp-json\/wp\/v2\/posts"}],"about":[{"href":"https:\/\/www.europesays.com\/pl\/wp-json\/wp\/v2\/types\/post"}],"author":[{"embeddable":true,"href":"https:\/\/www.europesays.com\/pl\/wp-json\/wp\/v2\/users\/2"}],"replies":[{"embeddable":true,"href":"https:\/\/www.europesays.com\/pl\/wp-json\/wp\/v2\/comments?post=147538"}],"version-history":[{"count":0,"href":"https:\/\/www.europesays.com\/pl\/wp-json\/wp\/v2\/posts\/147538\/revisions"}],"wp:featuredmedia":[{"embeddable":true,"href":"https:\/\/www.europesays.com\/pl\/wp-json\/wp\/v2\/media\/147539"}],"wp:attachment":[{"href":"https:\/\/www.europesays.com\/pl\/wp-json\/wp\/v2\/media?parent=147538"}],"wp:term":[{"taxonomy":"category","embeddable":true,"href":"https:\/\/www.europesays.com\/pl\/wp-json\/wp\/v2\/categories?post=147538"},{"taxonomy":"post_tag","embeddable":true,"href":"https:\/\/www.europesays.com\/pl\/wp-json\/wp\/v2\/tags?post=147538"}],"curies":[{"name":"wp","href":"https:\/\/api.w.org\/{rel}","templated":true}]}}