{"id":147601,"date":"2025-12-12T23:03:08","date_gmt":"2025-12-12T23:03:08","guid":{"rendered":"https:\/\/www.europesays.com\/pl\/147601\/"},"modified":"2025-12-12T23:03:08","modified_gmt":"2025-12-12T23:03:08","slug":"afera-w-osrodku-dla-nieletnich-na-wegrzech-orban-moze-miec-klopoty","status":"publish","type":"post","link":"https:\/\/www.europesays.com\/pl\/147601\/","title":{"rendered":"Afera w o\u015brodku dla nieletnich na W\u0119grzech. Orban mo\u017ce mie\u0107 k\u0142opoty"},"content":{"rendered":"<p>Najwa\u017cniejsze informacje:<\/p>\n<p>Atak na\u00a0szpital. Co\u00a0najmniej 31\u00a0ofiar. Wstrz\u0105saj\u0105ce nagranie z\u00a0Birmy <\/p>\n<p>Pierwsze nagranie z\u00a0monitoringu opublikowano w\u00a0niedziel\u0119. Wida\u0107 na nim, jak dyrektor o\u015brodka atakuje podopiecznych. Materia\u0142 mia\u0142 powsta\u0107 oko\u0142o dziesi\u0119ciu lat temu, a\u00a0s\u0142u\u017cby dysponuj\u0105 nim od p\u00f3\u0142 roku. Pojawi\u0142y si\u0119 oskar\u017cenia o\u00a0pr\u00f3by tuszowania sprawy.<\/p>\n<p>W pi\u0105tek pojawi\u0142 si\u0119 kolejny film, na kt\u00f3rym pracownik uderza ch\u0142opca kijem. <\/p>\n<p>Wed\u0142ug relacji ch\u0142opcy mieli by\u0107 nie tylko bici, ale te\u017c zastraszani i\u00a0molestowani przez osoby odpowiedzialne za opiek\u0119, w\u00a0tym przez \u00f3wczesnego dyrektora. <\/p>\n<p>Peter Pal Juhasz, by\u0142y szef plac\u00f3wki, zosta\u0142 aresztowany w\u00a0maju i\u00a0ma pozosta\u0107 w\u00a0areszcie co najmniej do ko\u0144ca lutego. Prokuratura podejrzewa go ponadto m.in. o\u00a0sutenerstwo, pranie pieni\u0119dzy i\u00a0handel lud\u017ami. Dot\u0105d w\u00a0zwi\u0105zku ze spraw\u0105 zatrzymano \u0142\u0105cznie siedem os\u00f3b.<\/p>\n<p>Rz\u0105d Orbana ma\u00a0problem. Du\u017ca afera na\u00a0p\u00f3\u0142 roku przed wyborami <\/p>\n<p>W\u0119gierskie w\u0142adze pr\u00f3buj\u0105 neutralizowa\u0107 negatywne skutki afery, kt\u00f3ra ju\u017c uderza w\u00a0rz\u0105d na kilka miesi\u0119cy przed wiosennymi wyborami parlamentarnymi. Szef kancelarii Orbana zapowiedzia\u0142 zmiany w\u00a0nadzorze nad poprawczakami. <\/p>\n<p>&#8211; Rz\u0105d zdecydowa\u0142, \u017ce obecne zarz\u0105dzanie tymi plac\u00f3wkami w\u00a0ramach systemu opieki spo\u0142ecznej jest niewystarczaj\u0105ce, poniewa\u017c nie uda\u0142o si\u0119 zapobiec tym przest\u0119pstwom. W\u00a0zwi\u0105zku z\u00a0tym pi\u0119\u0107 o\u015brodk\u00f3w, w\u00a0kt\u00f3rych przebywaj\u0105 nieletni na mocy orzecze\u0144 s\u0105dowych, zostanie obj\u0119tych bezpo\u015brednim nadzorem policji &#8211;\u00a0o\u015bwiadczy\u0142 Gergely Gulyas <\/p>\n<p>Polityk przyzna\u0142 te\u017c, \u017ce dotychczasowy nadz\u00f3r by\u0142 niew\u0142a\u015bciwy.<\/p>\n<p>Dla opozycji te zapowiedzi s\u0105 jednak niewystarczaj\u0105ce. Lider partii Tisza, Peter Magyar, domaga si\u0119 dymisji prezydenta Tamasa Sulyoka i\u00a0rz\u0105du Viktora Orbana oraz natychmiastowego rozpisania wybor\u00f3w. <\/p>\n<p>&#8211; Dosy\u0107 tego. Apeluj\u0119 do wszystkich W\u0119gr\u00f3w o\u00a0wsp\u00f3lny op\u00f3r w\u00a0obronie dzieci. Mamy ju\u017c do\u015b\u0107 k\u0142amstw nieludzkiego re\u017cimu Orbana, do\u015b\u0107 milczenia prezydenta &#8211;\u00a0o\u015bwiadczy\u0142 Peter Magyar.<\/p>\n<p>W sobot\u0119 w\u00a0Budapeszcie ma odby\u0107 si\u0119 antyrz\u0105dowa manifestacja.<\/p>\n","protected":false},"excerpt":{"rendered":"Najwa\u017cniejsze informacje: Atak na\u00a0szpital. Co\u00a0najmniej 31\u00a0ofiar. Wstrz\u0105saj\u0105ce nagranie z\u00a0Birmy Pierwsze nagranie z\u00a0monitoringu opublikowano w\u00a0niedziel\u0119. Wida\u0107 na nim, jak&hellip;\n","protected":false},"author":2,"featured_media":147602,"comment_status":"","ping_status":"","sticky":false,"template":"","format":"standard","meta":{"footnotes":""},"categories":[14],"tags":[32,33,27,34,35,28,31,25,40,41,80,29,30,26,82,83,84],"class_list":{"0":"post-147601","1":"post","2":"type-post","3":"status-publish","4":"format-standard","5":"has-post-thumbnail","7":"category-swiat","8":"tag-breaking-news","9":"tag-breakingnews","10":"tag-headlines","11":"tag-latest-news","12":"tag-latestnews","13":"tag-naglowki","14":"tag-najwazniejsze-artykuly","15":"tag-news","16":"tag-polish","17":"tag-polski","18":"tag-swiat","19":"tag-top-stories","20":"tag-topstories","21":"tag-wiadomosci","22":"tag-world","23":"tag-world-news","24":"tag-worldnews"},"share_on_mastodon":{"url":"https:\/\/pubeurope.com\/@pl\/115709097115293168","error":""},"_links":{"self":[{"href":"https:\/\/www.europesays.com\/pl\/wp-json\/wp\/v2\/posts\/147601","targetHints":{"allow":["GET"]}}],"collection":[{"href":"https:\/\/www.europesays.com\/pl\/wp-json\/wp\/v2\/posts"}],"about":[{"href":"https:\/\/www.europesays.com\/pl\/wp-json\/wp\/v2\/types\/post"}],"author":[{"embeddable":true,"href":"https:\/\/www.europesays.com\/pl\/wp-json\/wp\/v2\/users\/2"}],"replies":[{"embeddable":true,"href":"https:\/\/www.europesays.com\/pl\/wp-json\/wp\/v2\/comments?post=147601"}],"version-history":[{"count":0,"href":"https:\/\/www.europesays.com\/pl\/wp-json\/wp\/v2\/posts\/147601\/revisions"}],"wp:featuredmedia":[{"embeddable":true,"href":"https:\/\/www.europesays.com\/pl\/wp-json\/wp\/v2\/media\/147602"}],"wp:attachment":[{"href":"https:\/\/www.europesays.com\/pl\/wp-json\/wp\/v2\/media?parent=147601"}],"wp:term":[{"taxonomy":"category","embeddable":true,"href":"https:\/\/www.europesays.com\/pl\/wp-json\/wp\/v2\/categories?post=147601"},{"taxonomy":"post_tag","embeddable":true,"href":"https:\/\/www.europesays.com\/pl\/wp-json\/wp\/v2\/tags?post=147601"}],"curies":[{"name":"wp","href":"https:\/\/api.w.org\/{rel}","templated":true}]}}