{"id":147611,"date":"2025-12-12T23:11:09","date_gmt":"2025-12-12T23:11:09","guid":{"rendered":"https:\/\/www.europesays.com\/pl\/147611\/"},"modified":"2025-12-12T23:11:09","modified_gmt":"2025-12-12T23:11:09","slug":"nawrocki-powolal-13-nowych-doradcow-na-liscie-znane-nazwiska","status":"publish","type":"post","link":"https:\/\/www.europesays.com\/pl\/147611\/","title":{"rendered":"Nawrocki powo\u0142a\u0142 13 nowych doradc\u00f3w. Na li\u015bcie znane nazwiska"},"content":{"rendered":"<p>Prezydent Karol Nawrocki zdecydowa\u0142 o\u00a0powo\u0142aniu zespo\u0142u 13 doradc\u00f3w spo\u0142ecznych. W\u015br\u00f3d nowo mianowanych doradc\u00f3w znalaz\u0142 si\u0119 uznany socjolog, prof. Andrzej Zybertowicz, kt\u00f3ry pe\u0142ni\u0142 wcze\u015bniej funkcj\u0119 doradcy dw\u00f3ch prezydent\u00f3w RP. Do grona doradc\u00f3w do\u0142\u0105czy\u0142 r\u00f3wnie\u017c prezydent Che\u0142ma, Jakub Banaszek.<\/p>\n<p>Jedyne takie bmw na\u00a0\u015bwiecie. Nagranie z\u00a0frontu w\u00a0Ukrainie <\/p>\n<p>O powo\u0142aniu trzynastu doradc\u00f3w spo\u0142ecznych poinformowa\u0142 w\u00a0pi\u0105tek rzecznik prezydenta Rafa\u0142 Le\u015bkiewicz. <\/p>\n<p>Z powo\u0142aniem nowych doradc\u00f3w prezydenckich wi\u0105\u017ce si\u0119 oczekiwanie, \u017ce ich do\u015bwiadczenie i\u00a0wiedza przyczyni\u0105 si\u0119 do realizacji kluczowych cel\u00f3w prezydenckich.<\/p>\n","protected":false},"excerpt":{"rendered":"Prezydent Karol Nawrocki zdecydowa\u0142 o\u00a0powo\u0142aniu zespo\u0142u 13 doradc\u00f3w spo\u0142ecznych. W\u015br\u00f3d nowo mianowanych doradc\u00f3w znalaz\u0142 si\u0119 uznany socjolog, prof.&hellip;\n","protected":false},"author":2,"featured_media":147612,"comment_status":"","ping_status":"","sticky":false,"template":"","format":"standard","meta":{"footnotes":""},"categories":[12],"tags":[32,33,36,37,27,34,35,28,31,25,42,38,40,39,41,29,30,26],"class_list":{"0":"post-147611","1":"post","2":"type-post","3":"status-publish","4":"format-standard","5":"has-post-thumbnail","7":"category-polska","8":"tag-breaking-news","9":"tag-breakingnews","10":"tag-featured-news","11":"tag-featurednews","12":"tag-headlines","13":"tag-latest-news","14":"tag-latestnews","15":"tag-naglowki","16":"tag-najwazniejsze-artykuly","17":"tag-news","18":"tag-pl","19":"tag-poland","20":"tag-polish","21":"tag-polska","22":"tag-polski","23":"tag-top-stories","24":"tag-topstories","25":"tag-wiadomosci"},"share_on_mastodon":{"url":"https:\/\/pubeurope.com\/@pl\/115709128435876070","error":""},"_links":{"self":[{"href":"https:\/\/www.europesays.com\/pl\/wp-json\/wp\/v2\/posts\/147611","targetHints":{"allow":["GET"]}}],"collection":[{"href":"https:\/\/www.europesays.com\/pl\/wp-json\/wp\/v2\/posts"}],"about":[{"href":"https:\/\/www.europesays.com\/pl\/wp-json\/wp\/v2\/types\/post"}],"author":[{"embeddable":true,"href":"https:\/\/www.europesays.com\/pl\/wp-json\/wp\/v2\/users\/2"}],"replies":[{"embeddable":true,"href":"https:\/\/www.europesays.com\/pl\/wp-json\/wp\/v2\/comments?post=147611"}],"version-history":[{"count":0,"href":"https:\/\/www.europesays.com\/pl\/wp-json\/wp\/v2\/posts\/147611\/revisions"}],"wp:featuredmedia":[{"embeddable":true,"href":"https:\/\/www.europesays.com\/pl\/wp-json\/wp\/v2\/media\/147612"}],"wp:attachment":[{"href":"https:\/\/www.europesays.com\/pl\/wp-json\/wp\/v2\/media?parent=147611"}],"wp:term":[{"taxonomy":"category","embeddable":true,"href":"https:\/\/www.europesays.com\/pl\/wp-json\/wp\/v2\/categories?post=147611"},{"taxonomy":"post_tag","embeddable":true,"href":"https:\/\/www.europesays.com\/pl\/wp-json\/wp\/v2\/tags?post=147611"}],"curies":[{"name":"wp","href":"https:\/\/api.w.org\/{rel}","templated":true}]}}