{"id":147712,"date":"2025-12-13T02:44:14","date_gmt":"2025-12-13T02:44:14","guid":{"rendered":"https:\/\/www.europesays.com\/pl\/147712\/"},"modified":"2025-12-13T02:44:14","modified_gmt":"2025-12-13T02:44:14","slug":"karol-iii-organizuje-wyjatkowe-swieta-na-wypadek-gdyby-byly-to-jego-ostatnie","status":"publish","type":"post","link":"https:\/\/www.europesays.com\/pl\/147712\/","title":{"rendered":"Karol III organizuje wyj\u0105tkowe \u015bwi\u0119ta. \u201eNa wypadek gdyby by\u0142y to jego ostatnie\u201d"},"content":{"rendered":"<ul>\n<li>Brytyjsk\u0105 rodzin\u0119 kr\u00f3lewsk\u0105 maj\u0105 czeka\u0107 wyj\u0105tkowe \u015bwi\u0119ta Bo\u017cego Narodzenia.<\/li>\n<li>Wed\u0142ug plotek kr\u00f3l Karol III chce, by tegoroczne \u015bwi\u0119ta by\u0142y wyj\u0105tkowe,\u00a0\u201ena wypadek gdyby by\u0142y to jego ostatnie\u201d.<\/li>\n<li>W jakim stanie zdrowia jest Karol III?\u00a0Boi si\u0119, \u017ce nie doczeka kolejnych \u015bwi\u0105t.<\/li>\n<\/ul>\n<p>\t\t\t\t                                    \t<a name=\"eztoc22706376_0_3\" id=\"eztoc22706376_0_3\"\/>Te \u015bwi\u0119ta rodziny kr\u00f3lewskiej b\u0119d\u0105 wyj\u0105tkowe. Wszystko ze wzgl\u0119du na Karola III<\/p>\n<p>Z Wielkiej Brytanii od d\u0142u\u017cszego czasu dochodz\u0105 smutne plotki na temat<br \/>\n<a href=\"https:\/\/www.meloradio.pl\/tag\/kategoria\/karol-iii\" target=\"_blank\" rel=\"dofollow noopener\">kr\u00f3la Karola III<\/a>, kt\u00f3ry zmaga si\u0119 z<br \/>\n<a href=\"https:\/\/www.meloradio.pl\/plotki\/na-jaki-nowotwor-choruje-krol-karol-iii-syn-camilli-zdradzil-jego-tajemnice\" target=\"_blank\" rel=\"dofollow noopener\">nowotworem<\/a>. Wed\u0142ug niekt\u00f3rych monarcha<br \/>\n<a href=\"https:\/\/www.meloradio.pl\/plotki\/coraz-gorzej-z-krolem-karolem-iii-toczy-swoja-ostatnia-walke\" target=\"_blank\" rel=\"dofollow noopener\">czuje si\u0119 coraz gorzej i \u201etoczy swoj\u0105 ostatni\u0105 walk\u0119\u201d<\/a>. Inni twierdz\u0105, \u017ce<br \/>\n<a href=\"https:\/\/www.meloradio.pl\/plotki\/krol-karol-iii-wkrotce-abdykuje-juz-przekazal-czesc-obowiazkow-williamowi\" target=\"_self\" rel=\"dofollow noopener\">przygotowuje si\u0119 do abdykacji i oddania w\u0142adzy ksi\u0119ciu Williamowi<\/a>. Nast\u0119pca tronu ju\u017c zacz\u0105\u0142 wprowadza\u0107 swoje porz\u0105dki na dworze.<br \/>\n<a href=\"https:\/\/www.meloradio.pl\/plotki\/waza-sie-losy-ksiecia-andrzeja-tak-krol-karol-iii-ma-ukarac-brata\" target=\"_blank\" rel=\"dofollow noopener\">To on mia\u0142 nak\u0142oni\u0107 ojca do \u201ewygnania\u201d ksi\u0119cia Andrzeja<\/a> i<br \/>\n<a href=\"https:\/\/www.meloradio.pl\/plotki\/tak-ksiaze-william-uratuje-monarchie-odmlodzi-dwor-i-zatrudni-kuzynki\" target=\"_blank\" rel=\"dofollow noopener\">wpa\u015b\u0107 na zaskakuj\u0105cy pomys\u0142 na od\u015bwie\u017cenie monarchii<\/a>. Tymczasem kr\u00f3l Karol III przygotowuje si\u0119 do Bo\u017cego Narodzenia. M\u00f3wi si\u0119, \u017ce chce zorganizowa\u0107 wyj\u0105tkowe \u015bwi\u0119ta, \u201ena wypadek gdyby by\u0142y to jego ostatnie\u201d.<\/p>\n<p><a name=\"eztoc22706376_0_4\" id=\"eztoc22706376_0_4\"\/>W jakim stanie zdrowia jest kr\u00f3l Karol III? Boi si\u0119, \u017ce nie doczeka kolejnych \u015bwi\u0105t<\/p>\n<p>Brytyjska rodzina kr\u00f3lewska ma martwi\u0107 si\u0119 o kr\u00f3la Karola III. Tak naprawd\u0119 nie wiadomo, jak monarcha radzi sobie w walce z chorob\u0105. Us Weekly poda\u0142, \u017ce \u201eKarol k\u0142adzie nacisk na s\u0142u\u017cb\u0119\u201d przed Bo\u017cym Narodzeniem. \u201eJest bardzo rodzinny i ceni w\u0142asny czas. Chce, \u017ceby te \u015bwi\u0119ta by\u0142y wyj\u0105tkowe, na wypadek, gdyby by\u0142y to jego ostatnie\u201d &#8211; czytamy.<\/p>\n<p>Jednocze\u015bnie \u017ar\u00f3d\u0142a tabloidu z Pa\u0142acu Buckingham podkre\u015blaj\u0105, \u017ce kr\u00f3l Karol III jak zwykle nagra \u015bwi\u0105teczne przem\u00f3wienie do narodu i nie rezygnuje z innych kr\u00f3lewskich obowi\u0105zk\u00f3w. \u201eZrobi to, czego si\u0119 od niego oczekuje, a nawet wi\u0119cej\u201d &#8211; dowiadujemy si\u0119. Z kolei cz\u0142onkowie rodziny kr\u00f3lewskiej maj\u0105 z niepokojem obserwowa\u0107 jego zmagania z chorob\u0105 i \u201eciesz\u0105 si\u0119 ka\u017cdym dniem\u201d.<\/p>\n<p>\u0179r\u00f3d\u0142o: Meloradio.pl\/Pudelek\/Us Weekly<\/p>\n","protected":false},"excerpt":{"rendered":"Brytyjsk\u0105 rodzin\u0119 kr\u00f3lewsk\u0105 maj\u0105 czeka\u0107 wyj\u0105tkowe \u015bwi\u0119ta Bo\u017cego Narodzenia. Wed\u0142ug plotek kr\u00f3l Karol III chce, by tegoroczne \u015bwi\u0119ta&hellip;\n","protected":false},"author":2,"featured_media":147713,"comment_status":"","ping_status":"","sticky":false,"template":"","format":"standard","meta":{"footnotes":""},"categories":[22],"tags":[122,29824,42,38,40,39,41,12346,123,25198],"class_list":{"0":"post-147712","1":"post","2":"type-post","3":"status-publish","4":"format-standard","5":"has-post-thumbnail","7":"category-rozrywka","8":"tag-entertainment","9":"tag-karol-iii","10":"tag-pl","11":"tag-poland","12":"tag-polish","13":"tag-polska","14":"tag-polski","15":"tag-rodzina-krolewska","16":"tag-rozrywka","17":"tag-swieta-bozego-narodzenia"},"share_on_mastodon":{"url":"https:\/\/pubeurope.com\/@pl\/115709966391458659","error":""},"_links":{"self":[{"href":"https:\/\/www.europesays.com\/pl\/wp-json\/wp\/v2\/posts\/147712","targetHints":{"allow":["GET"]}}],"collection":[{"href":"https:\/\/www.europesays.com\/pl\/wp-json\/wp\/v2\/posts"}],"about":[{"href":"https:\/\/www.europesays.com\/pl\/wp-json\/wp\/v2\/types\/post"}],"author":[{"embeddable":true,"href":"https:\/\/www.europesays.com\/pl\/wp-json\/wp\/v2\/users\/2"}],"replies":[{"embeddable":true,"href":"https:\/\/www.europesays.com\/pl\/wp-json\/wp\/v2\/comments?post=147712"}],"version-history":[{"count":0,"href":"https:\/\/www.europesays.com\/pl\/wp-json\/wp\/v2\/posts\/147712\/revisions"}],"wp:featuredmedia":[{"embeddable":true,"href":"https:\/\/www.europesays.com\/pl\/wp-json\/wp\/v2\/media\/147713"}],"wp:attachment":[{"href":"https:\/\/www.europesays.com\/pl\/wp-json\/wp\/v2\/media?parent=147712"}],"wp:term":[{"taxonomy":"category","embeddable":true,"href":"https:\/\/www.europesays.com\/pl\/wp-json\/wp\/v2\/categories?post=147712"},{"taxonomy":"post_tag","embeddable":true,"href":"https:\/\/www.europesays.com\/pl\/wp-json\/wp\/v2\/tags?post=147712"}],"curies":[{"name":"wp","href":"https:\/\/api.w.org\/{rel}","templated":true}]}}