{"id":147722,"date":"2025-12-13T02:58:18","date_gmt":"2025-12-13T02:58:18","guid":{"rendered":"https:\/\/www.europesays.com\/pl\/147722\/"},"modified":"2025-12-13T02:58:18","modified_gmt":"2025-12-13T02:58:18","slug":"piotr-stramowski-pozuje-z-byla-i-obecna-partnerka-zaserwujmy-im-milosc","status":"publish","type":"post","link":"https:\/\/www.europesays.com\/pl\/147722\/","title":{"rendered":"Piotr Stramowski pozuje z by\u0142\u0105 i obecn\u0105 partnerk\u0105. &#8222;Zaserwujmy im mi\u0142o\u015b\u0107&#8221;"},"content":{"rendered":"<p class=\"article-p\" data-section=\"detail-body\">Wygl\u0105da na to, \u017ce Stramowski i Warnke \u017cyj\u0105 w dobrych stosunkach. Chocia\u017c ich zwi\u0105zek formalnie si\u0119 zako\u0144czy\u0142, priorytet wci\u0105\u017c pozostaje ten sam: dobro 6-letniej c\u00f3reczki Heleny.<\/p>\n<p>        Stramowski i Warnke spotkali si\u0119 &#8222;tylko&#8221; po paszport. Wyszli z \u017cyciow\u0105 refleksj\u0105<\/p>\n<p class=\"article-p\" data-section=\"detail-body\">Byli ma\u0142\u017conkowie opiekuj\u0105 si\u0119 c\u00f3rk\u0105 naprzemiennie, a tym razem formalno\u015bci sprawi\u0142y, \u017ce spotkali si\u0119 w Mazowieckim Urz\u0119dzie Wojew\u00f3dzkim. Nie byli tam sami, obok Stramowskiego pojawi\u0142a si\u0119 Natalia Krakowska, jego obecna partnerka. Aktor postanowi\u0142 utrwali\u0107 ten moment i wrzuci\u0107 wsp\u00f3ln\u0105 fotografi\u0119. Do zdj\u0119cia doda\u0142 opis: &#8222;A m\u00f3wi\u0105, \u017ce si\u0119 nie da. Cz\u0142owiek idzie tylko wyrobi\u0107 dziecku paszport\u2026 a wychodzi z refleksj\u0105 nad ca\u0142ym \u017cyciem. Pozdrawiamy z naszej patchworkowej rodzinki&#8221;.<\/p>\n<p class=\"article-p\" data-section=\"detail-body\">Stramowski podkre\u015bli\u0142, \u017ce przed \u015bwi\u0119tami warto pami\u0119ta\u0107 o dialogu, wzajemnym szacunku i emocjach dzieci. &#8222;One ch\u0142on\u0105 wszystko jak g\u0105bka, wi\u0119c zaserwujmy im mi\u0142o\u015b\u0107 i rado\u015b\u0107, \u017ceby ten czas by\u0142 przygod\u0105, a nie ci\u0119\u017carem&#8221; \u2014 doda\u0142.<\/p>\n<p class=\"article-p\" data-section=\"detail-body\"><a href=\"https:\/\/ludzie.fakt.pl\/stramowski-zdradza-szczegoly-rozstania-z-warnke-nigdy-o-tym-nie-mowil\/wdb2xdr\" id=\"14170d6e-7fe2-4eaf-bca5-4341de9f64ec\" rel=\"nofollow noopener\" target=\"_blank\">Stramowski zdradza zaskakuj\u0105ce szczeg\u00f3\u0142y rozwodu z Warnke. Nigdy wcze\u015bniej o tym nie m\u00f3wi\u0142<\/a><\/p>\n<p>        Warnke reaguje kr\u00f3tko, ale wymownie<\/p>\n<p class=\"article-p\" data-section=\"detail-body\">Pod postem pojawi\u0142 si\u0119 komentarz Katarzyny Warnke. Aktorka zareagowa\u0142a oszcz\u0119dnie, lecz znacz\u0105co: &#8222;Nic doda\u0107, nic uj\u0105\u0107!&#8221; \u2014 napisa\u0142a, dodaj\u0105c czerwone serduszka.<\/p>\n<p class=\"article-p\" data-section=\"detail-body\"><a href=\"https:\/\/ludzie.fakt.pl\/katarzyna-warnke-o-nowym-zwiazku-i-zyciu-po-rozwodzie-ze-stramowskim\/e6w58ck\" id=\"0d9d9c0f-1128-4f93-9e12-e270aa45f50a\" rel=\"nofollow noopener\" target=\"_blank\">Tak wygl\u0105da \u017cycie Warnke po rozwodzie ze Stramowskim. Zdradzi\u0142a, czy szuka nowego partnera<\/a><\/p>\n<p class=\"article-p\" data-section=\"detail-body\">W sieci zawrza\u0142o. Internauci gratuluj\u0105 ca\u0142ej tr\u00f3jce dojrza\u0142o\u015bci, wzajemnej \u017cyczliwo\u015bci i podej\u015bcia, kt\u00f3re zw\u0142aszcza w okresie \u015bwi\u0105tecznym mo\u017ce sta\u0107 si\u0119 inspiracj\u0105 dla wielu rodzin.<\/p>\n<p class=\"article-p\" data-section=\"detail-body\"><a href=\"https:\/\/ludzie.fakt.pl\/piotr-stramowski-i-katarzyna-warnke-jak-radza-sobie-z-corka-po-rozwodzie\/50ppmcf\" id=\"4723daa1-59d0-4bbb-9f6c-4c73feb22801\" rel=\"nofollow noopener\" target=\"_blank\">Tak Stramowski dzieli si\u0119 obowi\u0105zkami rodzicielskimi z by\u0142\u0105 \u017con\u0105. Kto mu pomaga?<\/a><\/p>\n","protected":false},"excerpt":{"rendered":"Wygl\u0105da na to, \u017ce Stramowski i Warnke \u017cyj\u0105 w dobrych stosunkach. Chocia\u017c ich zwi\u0105zek formalnie si\u0119 zako\u0144czy\u0142, priorytet&hellip;\n","protected":false},"author":2,"featured_media":147723,"comment_status":"","ping_status":"","sticky":false,"template":"","format":"standard","meta":{"footnotes":""},"categories":[22],"tags":[122,42,38,40,39,41,123],"class_list":{"0":"post-147722","1":"post","2":"type-post","3":"status-publish","4":"format-standard","5":"has-post-thumbnail","7":"category-rozrywka","8":"tag-entertainment","9":"tag-pl","10":"tag-poland","11":"tag-polish","12":"tag-polska","13":"tag-polski","14":"tag-rozrywka"},"share_on_mastodon":{"url":"https:\/\/pubeurope.com\/@pl\/115710020993701068","error":""},"_links":{"self":[{"href":"https:\/\/www.europesays.com\/pl\/wp-json\/wp\/v2\/posts\/147722","targetHints":{"allow":["GET"]}}],"collection":[{"href":"https:\/\/www.europesays.com\/pl\/wp-json\/wp\/v2\/posts"}],"about":[{"href":"https:\/\/www.europesays.com\/pl\/wp-json\/wp\/v2\/types\/post"}],"author":[{"embeddable":true,"href":"https:\/\/www.europesays.com\/pl\/wp-json\/wp\/v2\/users\/2"}],"replies":[{"embeddable":true,"href":"https:\/\/www.europesays.com\/pl\/wp-json\/wp\/v2\/comments?post=147722"}],"version-history":[{"count":0,"href":"https:\/\/www.europesays.com\/pl\/wp-json\/wp\/v2\/posts\/147722\/revisions"}],"wp:featuredmedia":[{"embeddable":true,"href":"https:\/\/www.europesays.com\/pl\/wp-json\/wp\/v2\/media\/147723"}],"wp:attachment":[{"href":"https:\/\/www.europesays.com\/pl\/wp-json\/wp\/v2\/media?parent=147722"}],"wp:term":[{"taxonomy":"category","embeddable":true,"href":"https:\/\/www.europesays.com\/pl\/wp-json\/wp\/v2\/categories?post=147722"},{"taxonomy":"post_tag","embeddable":true,"href":"https:\/\/www.europesays.com\/pl\/wp-json\/wp\/v2\/tags?post=147722"}],"curies":[{"name":"wp","href":"https:\/\/api.w.org\/{rel}","templated":true}]}}