{"id":147856,"date":"2025-12-13T07:09:09","date_gmt":"2025-12-13T07:09:09","guid":{"rendered":"https:\/\/www.europesays.com\/pl\/147856\/"},"modified":"2025-12-13T07:09:09","modified_gmt":"2025-12-13T07:09:09","slug":"ciezki-nokaut-gwiazdor-zdemolowany-mamy-nowego-mistrza-wagi-ciezkiej","status":"publish","type":"post","link":"https:\/\/www.europesays.com\/pl\/147856\/","title":{"rendered":"Ci\u0119\u017cki nokaut. Gwiazdor zdemolowany. Mamy nowego mistrza wagi ci\u0119\u017ckiej"},"content":{"rendered":"\n<p class=\"contentpart contentpart--default contentpart--text\" data-position=\"0\"><a href=\"https:\/\/sportowefakty.wp.pl\/boks\/murat-gassijew\" rel=\"nofollow noopener\" target=\"_blank\">Murat Gassijew<\/a>\u00a0(33-2, 26 KO) wr\u00f3ci\u0142 na salony wagi ci\u0119\u017ckiej w najbardziej efektowny spos\u00f3b, jaki da si\u0119 sobie wyobrazi\u0107. By\u0142y mistrz \u015bwiata <a href=\"https:\/\/sportowefakty.wp.pl\/inne\/ibf\" rel=\"nofollow noopener\" target=\"_blank\">IBF<\/a>\u00a0w kategorii cruiser brutalnie uci\u0105\u0142 dyskusje o swojej pozycji w &#8222;kr\u00f3lewskiej&#8221; dywizji, nokautuj\u0105c <a href=\"https:\/\/sportowefakty.wp.pl\/boks-zawodowy\/kubrat-pulew\" rel=\"nofollow noopener\" target=\"_blank\">Kubrata Pulewa<\/a>\u00a0(32-4, 14 KO) pot\u0119\u017cnym lewym hakiem w 6. rundzie i zdobywaj\u0105c tytu\u0142 <a href=\"https:\/\/sportowefakty.wp.pl\/inne\/wba\" rel=\"nofollow noopener\" target=\"_blank\">WBA<\/a>\u00a0Regular\u00a0podczas gali w Dubaju.<\/p>\n<p class=\"contentpart contentpart--default contentpart--text\" data-position=\"1\">Szokuj\u0105ca walka Polaka. Trener o ma\u0142o nie dosta\u0142 zawa\u0142u<\/p>\n<p>   <img role=\"presentation\" src=\"https:\/\/std.wpcdn.pl\/images\/adv\/placeholder_wp.svg\" loading=\"lazy\" alt=\"\" decoding=\"async\"\/>  <\/p>\n<p class=\"contentpart contentpart--default contentpart--text\" data-position=\"3\">Pocz\u0105tek walki by\u0142 ostro\u017cny, momentami wr\u0119cz szachowy. Pulew czu\u0142 si\u0119 dobrze w boksie na dystans, pr\u00f3bowa\u0142 zatrzyma\u0107 napieraj\u0105cego Rosjanina prostymi i wybiera\u0142 momenty na swoje kombinacje. Gassijew naciska\u0142, ale d\u0142ugo wygl\u0105da\u0142 na zbyt oszcz\u0119dnego &#8211; bi\u0142 ma\u0142o, za to szuka\u0142 czystych trafie\u0144 na tu\u0142\u00f3w i g\u0142ow\u0119, cierpliwie skracaj\u0105c ring.<\/p>\n<p class=\"contentpart contentpart--default contentpart--text\" data-position=\"4\">Kiedy cz\u0119\u015b\u0107 obserwator\u00f3w zacz\u0119\u0142a wytyka\u0107 Gassijewowi nisk\u0105 aktywno\u015b\u0107, pojedynek zacz\u0105\u0142 si\u0119 rozkr\u0119ca\u0107. W 6. rundzie Rosjanin w ko\u0144cu odpali\u0142 to, na co wygl\u0105da\u0142o, \u017ce czeka\u0142 od pierwszego gongu: lewy hak, kt\u00f3rego Pulew nie zd\u0105\u017cy\u0142 przeczyta\u0107. Bu\u0142gar run\u0105\u0142 na deski, a s\u0119dzia Rafael Ramos bez wahania przerwa\u0142 walk\u0119, widz\u0105c, \u017ce obro\u0144ca tytu\u0142u nie jest w stanie \u015bwiadomie kontynuowa\u0107.<\/p>\n<p class=\"contentpart contentpart--default contentpart--text\" data-position=\"6\">Dla Gassijewa to zwyci\u0119stwo ma podw\u00f3jny ci\u0119\u017car. Od przej\u015bcia do wagi ci\u0119\u017ckiej pr\u00f3bowa\u0142 ustawi\u0107 si\u0119 w kolejce do najwi\u0119kszych walk, ale pora\u017cka z Otto Wallinem w 2023 roku sprawi\u0142a, \u017ce zacz\u0119\u0142y pojawia\u0107 si\u0119 pytania o jego przysz\u0142o\u015b\u0107 w\u015br\u00f3d najmocniejszych pi\u0119\u015bciarzy dywizji. Teraz odpowiedzia\u0142 w najbardziej jednoznaczny spos\u00f3b &#8211; nokautem i pasem mistrzowskim. Co wi\u0119cej, dzi\u0119ki posiadaniu pasa WBA Regular w 2026 roku mo\u017ce liczy\u0107 na walk\u0119 z topowym przedstawicielem wagi ci\u0119\u017ckiej.<\/p>\n<p> <img role=\"presentation\" src=\"https:\/\/std.wpcdn.pl\/images\/adv\/placeholder_wp.svg\" loading=\"lazy\" alt=\"\" decoding=\"async\"\/>    <\/p>\n","protected":false},"excerpt":{"rendered":"Murat Gassijew\u00a0(33-2, 26 KO) wr\u00f3ci\u0142 na salony wagi ci\u0119\u017ckiej w najbardziej efektowny spos\u00f3b, jaki da si\u0119 sobie wyobrazi\u0107.&hellip;\n","protected":false},"author":2,"featured_media":147857,"comment_status":"","ping_status":"","sticky":false,"template":"","format":"standard","meta":{"footnotes":"","_share_on_mastodon":"0"},"categories":[24],"tags":[2514,2512,28298,29851,29852,42,38,40,39,41,127,126,1256,29850],"class_list":["post-147856","post","type-post","status-publish","format-standard","has-post-thumbnail","category-sport","tag-boks","tag-boks-zawodowy","tag-ibf","tag-kubrat-pulew","tag-murat-gassijew","tag-pl","tag-poland","tag-polish","tag-polska","tag-polski","tag-sport","tag-sports","tag-sporty-walki","tag-wba"],"share_on_mastodon":{"url":"https:\/\/pubeurope.com\/@pl\/115711008308305306","error":""},"_links":{"self":[{"href":"https:\/\/www.europesays.com\/pl\/wp-json\/wp\/v2\/posts\/147856","targetHints":{"allow":["GET"]}}],"collection":[{"href":"https:\/\/www.europesays.com\/pl\/wp-json\/wp\/v2\/posts"}],"about":[{"href":"https:\/\/www.europesays.com\/pl\/wp-json\/wp\/v2\/types\/post"}],"author":[{"embeddable":true,"href":"https:\/\/www.europesays.com\/pl\/wp-json\/wp\/v2\/users\/2"}],"replies":[{"embeddable":true,"href":"https:\/\/www.europesays.com\/pl\/wp-json\/wp\/v2\/comments?post=147856"}],"version-history":[{"count":0,"href":"https:\/\/www.europesays.com\/pl\/wp-json\/wp\/v2\/posts\/147856\/revisions"}],"wp:featuredmedia":[{"embeddable":true,"href":"https:\/\/www.europesays.com\/pl\/wp-json\/wp\/v2\/media\/147857"}],"wp:attachment":[{"href":"https:\/\/www.europesays.com\/pl\/wp-json\/wp\/v2\/media?parent=147856"}],"wp:term":[{"taxonomy":"category","embeddable":true,"href":"https:\/\/www.europesays.com\/pl\/wp-json\/wp\/v2\/categories?post=147856"},{"taxonomy":"post_tag","embeddable":true,"href":"https:\/\/www.europesays.com\/pl\/wp-json\/wp\/v2\/tags?post=147856"}],"curies":[{"name":"wp","href":"https:\/\/api.w.org\/{rel}","templated":true}]}}