{"id":148027,"date":"2025-12-13T09:12:11","date_gmt":"2025-12-13T09:12:11","guid":{"rendered":"https:\/\/www.europesays.com\/pl\/148027\/"},"modified":"2025-12-13T09:12:11","modified_gmt":"2025-12-13T09:12:11","slug":"eurowizja-junior-2025-kiedy-polska-kolejnosc-wystepow-i-szczegoly-transmisji","status":"publish","type":"post","link":"https:\/\/www.europesays.com\/pl\/148027\/","title":{"rendered":"Eurowizja Junior 2025. Kiedy Polska? Kolejno\u015b\u0107 wyst\u0119p\u00f3w i szczeg\u00f3\u0142y transmisji"},"content":{"rendered":"<p class=\"ods-c-paragraph \">Tegoroczn\u0105 Eurowizj\u0119 Junior organizuje Gruzja, kt\u00f3ra go\u015bci konkurs po raz drugi w historii. Wydarzenie odb\u0119dzie si\u0119 w Hali Gimnastycznej Miasta Olimpijskiego w Tbilisi. Ostatni raz m\u0142odzi arty\u015bci rywalizowali tam w 2017 r.<\/p>\n<p>Dalszy ci\u0105g artyku\u0142u pod materia\u0142em wideo<\/p>\n<p> Kiedy rozpocznie si\u0119 fina\u0142 Eurowizji Junior 2025? <\/p>\n<p> Jaki utw\u00f3r zaprezentuje Marinna K\u0142os? <\/p>\n<p> Gdzie mo\u017cna ogl\u0105da\u0107 transmisj\u0119 fina\u0142u? <\/p>\n<p> O kt\u00f3rej godzinie zako\u0144czy si\u0119 g\u0142osowanie online? <\/p>\n<p>  Eurowizja Junior 2025: kiedy Polska? Kolejno\u015b\u0107 wyst\u0119p\u00f3w<\/p>\n<p class=\"ods-c-paragraph \">W Eurowizji Junior 2025 o zwyci\u0119stwo walczy\u0107 b\u0119dzie 18 m\u0142odych wokalist\u00f3w. Reprezentantka Polski, Marinna K\u0142os, zaprezentuje utw\u00f3r &#8222;Brightest Light&#8221; jako dziewi\u0105ta w kolejno\u015bci \u2014 tu\u017c po Holandii, a przed Macedoni\u0105 P\u00f3\u0142nocn\u0105. Co ciekawe, przed rokiem w\u0142a\u015bnie z tej pozycji startowej wyst\u0105pi\u0142 Gruzin Andria Putkaradze, kt\u00f3ry ostatecznie wygra\u0142 ca\u0142y konkurs. Numer dziewi\u0119\u0107 okaza\u0142 si\u0119 szcz\u0119\u015bliwy r\u00f3wnie\u017c w 2021 r., gdy Malena z Armenii si\u0119gn\u0119\u0142a po zwyci\u0119stwo, r\u00f3wnie\u017c startuj\u0105c z tej lokaty.<\/p>\n<p class=\"ods-c-paragraph \">Pe\u0142n\u0105 list\u0119 startow\u0105 przedstawimy poni\u017cej. <\/p>\n<ol class=\"ods-m-numbered-list\">\n<li class=\"ods-m-numbered-list__item\"> 1\n<p>Malta: Eliza Borg \u2013 &#8222;I Believe&#8221;<\/p>\n<\/li>\n<li class=\"ods-m-numbered-list__item\"> 2\n<p>Azerbejd\u017can: Ya\u011fmur \u2013 &#8222;Miau Miau&#8221;<\/p>\n<\/li>\n<li class=\"ods-m-numbered-list__item\"> 3\n<p>Chorwacja: Marino Vrgo\u010d \u2013 &#8222;Snovi&#8221;<\/p>\n<\/li>\n<li class=\"ods-m-numbered-list__item\"> 4\n<p>San Marino: Martina CRV \u2013 &#8222;Beyond the Stars&#8221;<\/p>\n<\/li>\n<li class=\"ods-m-numbered-list__item\"> 5\n<p>Armenia: Albert \u2013 &#8222;Brave Heart&#8221;<\/p>\n<\/li>\n<li class=\"ods-m-numbered-list__item\"> 6\n<p>Ukraina: Sofija Nersesian \u2013 &#8222;Motanka&#8221;<\/p>\n<\/li>\n<li class=\"ods-m-numbered-list__item\"> 7\n<p>Irlandia: Lottie O\u2019Driscoll Murray \u2013 &#8222;R\u00fain&#8221;<\/p>\n<\/li>\n<li class=\"ods-m-numbered-list__item\"> 8\n<p>Holandia: Meadow \u2013 &#8222;Freeze&#8221;<\/p>\n<\/li>\n<li class=\"ods-m-numbered-list__item\"> 9\n<p>Polska: Marianna K\u0142os \u2013 &#8222;Brightest Light&#8221;<\/p>\n<\/li>\n<li class=\"ods-m-numbered-list__item\"> 10\n<p>Macedonia P\u00f3\u0142nocna: Ne\u0142a Manceszka \u2013 &#8222;Miracle&#8221;<\/p>\n<\/li>\n<li class=\"ods-m-numbered-list__item\"> 11\n<p>Czarnog\u00f3ra: Asja D\u017eogovi\u0107 \u2013 &#8222;I tu\u017ena i sre\u0107na pri\u010da&#8221;<\/p>\n<\/li>\n<li class=\"ods-m-numbered-list__item\"> 12\n<p>W\u0142ochy: Leonardo Giovannangeli \u2013 &#8222;Rockstar&#8221;<\/p>\n<\/li>\n<li class=\"ods-m-numbered-list__item\"> 13\n<p>Portugalia: In\u00eas Gon\u00e7alves \u2013 &#8222;Para onde vai o amor?&#8221;<\/p>\n<\/li>\n<li class=\"ods-m-numbered-list__item\"> 14\n<p>Hiszpania: Gonzalo Pinillos \u2013 &#8222;\u00c9rase una vez (Once Upon a Time)&#8221;<\/p>\n<\/li>\n<li class=\"ods-m-numbered-list__item\"> 15\n<p>Gruzja: Anita Aghbariani \u2013 &#8222;Shine Like a Star&#8221;<\/p>\n<\/li>\n<li class=\"ods-m-numbered-list__item\"> 16\n<p>Cypr: Rafaella i Christos \u2013 &#8222;Away&#8221;<\/p>\n<\/li>\n<li class=\"ods-m-numbered-list__item\"> 17\n<p>Francja: Lou Deleuze \u2013 &#8222;Ce monde&#8221;<\/p>\n<\/li>\n<li class=\"ods-m-numbered-list__item\"> 18\n<p>Albania: Kroni Pula \u2013 &#8222;Fruta perime&#8221;<\/p>\n<\/li>\n<\/ol>\n<p class=\"ods-c-paragraph \">Warto pami\u0119ta\u0107, \u017ce w Konkursie Piosenki Eurowizji dla Dzieci \u2014 w przeciwie\u0144stwie do doros\u0142ej Eurowizji \u2014 mo\u017cna g\u0142osowa\u0107 r\u00f3wnie\u017c na w\u0142asnego reprezentanta. Oznacza to, \u017ce polscy widzowie mog\u0105 realnie wesprze\u0107 Mariann\u0119 K\u0142os. G\u0142osowanie online za po\u015brednictwem strony vote.junioreurovision.tv zako\u0144czy si\u0119 minut\u0119 przed rozpocz\u0119ciem wielkiego fina\u0142u, czyli o godz. 16.59 w sobot\u0119, a nast\u0119pnie zostanie ponownie otwarte na 15 min po wyst\u0119pie ostatniego uczestnika.<\/p>\n<p>    Eurowizja Junior 2025. Gdzie obejrze\u0107 konkurs?<\/p>\n<p class=\"ods-c-paragraph \">Transmisja fina\u0142u Eurowizji Junior 2025 rozpocznie si\u0119 o godz. 17.00 w TVP2 oraz TVP Polonia. W internecie wydarzenie b\u0119dzie dost\u0119pne na oficjalnym kanale Junior Eurovision Song Contest na YouTube. Powt\u00f3rk\u0119 fina\u0142u b\u0119dzie mo\u017cna obejrze\u0107 w niedziel\u0119, 14 grudnia, o godz. 21.45 w TVP ABC.<\/p>\n<p class=\"ods-c-paragraph \">Dzi\u0119kujemy, \u017ce przeczyta\u0142a\u015b\/e\u015b nasz artyku\u0142 do ko\u0144ca. W serwisie Plejada.pl ka\u017cdego dnia piszemy o najwa\u017cniejszych wydarzeniach show-biznesowych. B\u0105d\u017a na bie\u017c\u0105co! <a rel=\"nofollow noopener\" href=\"https:\/\/profile.google.com\/cp\/Cg0vZy8xMWJ6X19wdHBx\" id=\"9561db4c-74a4-45b7-a501-dc6bb439edff\" target=\"_blank\">Obserwuj<\/a> Plejad\u0119 w Google. Odwied\u017a nas tak\u017ce na <a rel=\"nofollow noopener\" href=\"https:\/\/www.facebook.com\/plejadapl\" id=\"cb0fd88d-2663-41ea-b676-172dd01d50e5\" target=\"_blank\">Facebooku<\/a>, <a rel=\"nofollow noopener\" href=\"https:\/\/www.instagram.com\/plejadapl\/\" id=\"6f9f72e8-5e0d-400c-ba86-3e647a70334d\" target=\"_blank\">Instagramie<\/a>, <a rel=\"nofollow noopener\" href=\"https:\/\/www.youtube.com\/c\/plejada\" id=\"3b3eac3c-b91d-475e-b902-58796dad1d87\" target=\"_blank\">YouTubie<\/a> oraz <a rel=\"nofollow noopener\" href=\"https:\/\/www.tiktok.com\/@plejada_pl\" id=\"84be3ce6-d763-4125-801d-f18542083cc6\" target=\"_blank\">TikToku<\/a>.<\/p>\n<p class=\"ods-c-paragraph \">Chcesz podzieli\u0107 si\u0119 ciekawym newsem lub zaproponowa\u0107 temat? Skontaktuj si\u0119 z nami, pisz\u0105c maila na adres: <a rel=\"nofollow noopener\" href=\"https:\/\/plejada.pl\/newsy\/eurowizja-junior-2025-kiedy-polska-kolejnosc-wystepow-i-szczegoly-transmisji\/mailto:plejada@redakcjaonet.pl\" id=\"c362e77b-b8af-4b77-86fd-dc836bc8beae\" target=\"_blank\">plejada@redakcjaon<\/a><a rel=\"nofollow noopener\" href=\"https:\/\/et.pl\/\" id=\"ceedea2c-b055-4ecd-8082-0f3a64bb63b8\" target=\"_blank\">et.pl<\/a>.<\/p>\n<p><script async src=\"\/\/www.instagram.com\/embed.js\"><\/script><script async src=\"\/\/www.tiktok.com\/embed.js\"><\/script><\/p>\n","protected":false},"excerpt":{"rendered":"Tegoroczn\u0105 Eurowizj\u0119 Junior organizuje Gruzja, kt\u00f3ra go\u015bci konkurs po raz drugi w historii. Wydarzenie odb\u0119dzie si\u0119 w Hali&hellip;\n","protected":false},"author":2,"featured_media":148028,"comment_status":"","ping_status":"","sticky":false,"template":"","format":"standard","meta":{"footnotes":""},"categories":[22],"tags":[122,29907,48,125,46,42,38,40,39,41,25199,123,47,506],"class_list":{"0":"post-148027","1":"post","2":"type-post","3":"status-publish","4":"format-standard","5":"has-post-thumbnail","7":"category-rozrywka","8":"tag-entertainment","9":"tag-eurowizja_junior","10":"tag-nat_styl","11":"tag-newsy","12":"tag-omp","13":"tag-pl","14":"tag-poland","15":"tag-polish","16":"tag-polska","17":"tag-polski","18":"tag-rebrand_ai_tst1","19":"tag-rozrywka","20":"tag-screening_general","21":"tag-tvp"},"share_on_mastodon":{"url":"https:\/\/pubeurope.com\/@pl\/115711491645841021","error":""},"_links":{"self":[{"href":"https:\/\/www.europesays.com\/pl\/wp-json\/wp\/v2\/posts\/148027","targetHints":{"allow":["GET"]}}],"collection":[{"href":"https:\/\/www.europesays.com\/pl\/wp-json\/wp\/v2\/posts"}],"about":[{"href":"https:\/\/www.europesays.com\/pl\/wp-json\/wp\/v2\/types\/post"}],"author":[{"embeddable":true,"href":"https:\/\/www.europesays.com\/pl\/wp-json\/wp\/v2\/users\/2"}],"replies":[{"embeddable":true,"href":"https:\/\/www.europesays.com\/pl\/wp-json\/wp\/v2\/comments?post=148027"}],"version-history":[{"count":0,"href":"https:\/\/www.europesays.com\/pl\/wp-json\/wp\/v2\/posts\/148027\/revisions"}],"wp:featuredmedia":[{"embeddable":true,"href":"https:\/\/www.europesays.com\/pl\/wp-json\/wp\/v2\/media\/148028"}],"wp:attachment":[{"href":"https:\/\/www.europesays.com\/pl\/wp-json\/wp\/v2\/media?parent=148027"}],"wp:term":[{"taxonomy":"category","embeddable":true,"href":"https:\/\/www.europesays.com\/pl\/wp-json\/wp\/v2\/categories?post=148027"},{"taxonomy":"post_tag","embeddable":true,"href":"https:\/\/www.europesays.com\/pl\/wp-json\/wp\/v2\/tags?post=148027"}],"curies":[{"name":"wp","href":"https:\/\/api.w.org\/{rel}","templated":true}]}}