{"id":148544,"date":"2025-12-13T15:35:09","date_gmt":"2025-12-13T15:35:09","guid":{"rendered":"https:\/\/www.europesays.com\/pl\/148544\/"},"modified":"2025-12-13T15:35:09","modified_gmt":"2025-12-13T15:35:09","slug":"kontrowersje-przed-eurowizja-junior-chodzi-o-nagrania-polki-musieli-nas-skrzywdzic","status":"publish","type":"post","link":"https:\/\/www.europesays.com\/pl\/148544\/","title":{"rendered":"Kontrowersje przed Eurowizj\u0105 Junior. Chodzi o nagrania Polki. &#8222;Musieli nas skrzywdzi\u0107&#8221;"},"content":{"rendered":"<p class=\"Paragraph_desktopParagraph__U31Gm\">Przed nami Eurowizja Junior 2025, kt\u00f3ra tym razem zawita\u0142a do Tbilisi. Polsk\u0119 reprezentuje Marianna K\u0142os \u2014 laureatka drugiego miejsca programu &#8222;The Voice Kids&#8221;. Co ciekawe, artystka pierwotnie nie mia\u0142a wyst\u0105pi\u0107 w popularnym mi\u0119dzynarodowym konkursie, poniewa\u017c ten zaszczyt przys\u0142uguje zwyci\u0119zcy telewizyjnego show.<\/p>\n<p class=\"Paragraph_desktopParagraph__U31Gm\">Polecamy: <a href=\"https:\/\/plejada.pl\/newsy\/nie-wygrala-the-voice-kids-a-wystapi-na-eurowizji-junior-kim-jest-marianna-klos\/yjs3mmp\" id=\"8c597ec5-7b13-4b6e-8cc0-cbd8fd4478f7\" rel=\"nofollow noopener\" target=\"_blank\">Nie wygra\u0142a &#8222;The Voice Kids&#8221;, a wyst\u0105pi na Eurowizji Junior. &#8222;Od razu by\u0142o wida\u0107&#8221;<\/a><\/p>\n<p class=\"Paragraph_desktopParagraph__U31Gm\">Marianna K\u0142os urodzi\u0142a si\u0119 w 2013 r. i od najm\u0142odszych lat rozwija si\u0119 w sferze artystycznej. Nie tylko \u015bpiewa, ale r\u00f3wnie\u017c gra na fortepianie, a tak\u017ce wyst\u0119puje teatrze i dzia\u0142a jako aktorka dubbingowa.<\/p>\n<blockquote>\n<p class=\"Paragraph_desktopParagraph__U31Gm\">Od razu by\u0142o wida\u0107, \u017ce sprawia jej to ogromn\u0105 rado\u015b\u0107. To nigdy nie by\u0142y obowi\u0105zki, a raczej spos\u00f3b na wyra\u017cenie siebie. Wszystko potoczy\u0142o si\u0119 naturalnie: od zaj\u0119\u0107, a\u017c po wyst\u0119py w teatrze i program &#8222;The Voice Kids&#8221;<\/p>\n<\/blockquote>\n<p class=\"Paragraph_desktopParagraph__U31Gm\">\u2014 m\u00f3wi\u0142a Ba\u0142aba\u0144ska-K\u0142os w rozmowie z Plejad\u0105.<\/p>\n<ul class=\"OchatFollowUps_wrapper__1ry7X\">\n<li class=\"OchatFollowUps_item__Dhyly OchatFollowUps_itemDesktop__R6aBv\">Dlaczego Marianna K\u0142os nie mia\u0142a wyst\u0105pi\u0107 na Eurowizji Junior?<\/li>\n<li class=\"OchatFollowUps_item__Dhyly OchatFollowUps_itemDesktop__R6aBv\">Jakie umiej\u0119tno\u015bci ma Marianna K\u0142os?<\/li>\n<li class=\"OchatFollowUps_item__Dhyly OchatFollowUps_itemDesktop__R6aBv\">Jak zareagowali fani na fragment wyst\u0119pu Marianny K\u0142os?<\/li>\n<li class=\"OchatFollowUps_item__Dhyly OchatFollowUps_itemDesktop__R6aBv\">Co si\u0119 sta\u0142o z g\u0142osem Marianny K\u0142os podczas wyst\u0119pu?<\/li>\n<\/ul>\n<p>Marianna K\u0142os przed Eurowizj\u0105 Junior <\/p>\n<p class=\"Paragraph_desktopParagraph__U31Gm\">W sieci pojawi\u0142y si\u0119 fragmenty wyst\u0119p\u00f3w poszczeg\u00f3lnych m\u0142odych artyst\u00f3w, a szczeg\u00f3ln\u0105 uwag\u0119 przyci\u0105gn\u0105\u0142 moment z nasz\u0105 reprezentantk\u0105, umieszczony w oficjalnym podsumowaniu konkursu. W przygotowanym widzom przed g\u0142osowaniem &#8222;recapie&#8221; zamiast pe\u0142nego, wcze\u015bniejszego wykonania pokazano kr\u00f3tki urywek, w kt\u00f3rym 12-latka zaliczy\u0142a drobn\u0105 wpadk\u0119 \u2014 do jej ust najprawdopodobniej wpad\u0142 kosmyk w\u0142os\u00f3w, przez co jej g\u0142os na u\u0142amek sekundy za\u0142ama\u0142 si\u0119. Fani konkursu s\u0105 przekonani, \u017ce wyb\u00f3r tego fragmentu mo\u017ce mie\u0107 wp\u0142yw na ko\u0144cowy wynik g\u0142osowania.<\/p>\n<p class=\"Paragraph_desktopParagraph__U31Gm\">Czytaj tak\u017ce: <a href=\"https:\/\/plejada.pl\/newsy\/mama-marianny-klos-zdradza-kulisy-przygotowan-do-eurowizji-junior-opuszcza-lekcje\/hc93x20\" id=\"5096a142-5082-4c41-bfbf-f4396b9dcd22\" rel=\"nofollow noopener\" target=\"_blank\">Marianna K\u0142os na chwil\u0119 przed Eurowizj\u0105 Junior 2025. Mama zdradza kulisy<\/a><\/p>\n<p class=\"Paragraph_desktopParagraph__U31Gm\">Pod nagraniem pojawi\u0142a si\u0119 lawina komentarzy.<\/p>\n<p class=\"Paragraph_desktopParagraph__U31Gm\">&#8222;Nie wiem, co si\u0119 tutaj wydarzy\u0142o&#8221;<\/p>\n<p class=\"Paragraph_desktopParagraph__U31Gm\">&#8222;Oni specjalnie takie momenty wybieraj\u0105 czy co?&#8221;<\/p>\n<p class=\"Paragraph_desktopParagraph__U31Gm\">&#8222;Bardzo z\u0142e podej\u015bcie do g\u00f3ry, po co oni to zmienili? Biedna Marianna wybrali jej najgorszy fragment&#8221;<\/p>\n<p class=\"Paragraph_desktopParagraph__U31Gm\">&#8222;Serio, oni sobie jaja zrobili&#8221;<\/p>\n<p class=\"Paragraph_desktopParagraph__U31Gm\">&#8222;No trudno za rok mo\u017ce wygramy, ale i tak da\u0142a z siebie wszystko &#8222;<\/p>\n<p class=\"Paragraph_desktopParagraph__U31Gm\">&#8222;Nas serio musieli skrzywdzi\u0107 i wybra\u0107 ten fragment&#8221;<\/p>\n<p class=\"Paragraph_desktopParagraph__U31Gm\">Dzi\u0119kujemy, \u017ce przeczyta\u0142a\u015b\/e\u015b nasz artyku\u0142 do ko\u0144ca. W serwisie Plejada.pl ka\u017cdego dnia piszemy o najwa\u017cniejszych wydarzeniach show-biznesowych. B\u0105d\u017a na bie\u017c\u0105co! <a rel=\"nofollow noopener\" href=\"https:\/\/profile.google.com\/cp\/Cg0vZy8xMWJ6X19wdHBx\" id=\"8a807272-7ceb-4c22-8e01-d22a094ec9a1\" target=\"_blank\">Obserwuj<\/a> Plejad\u0119 w Google. Odwied\u017a nas tak\u017ce na <a rel=\"nofollow noopener\" href=\"https:\/\/www.facebook.com\/plejadapl\" id=\"4b9f2557-0061-4382-ba34-d5946250e25f\" target=\"_blank\">Facebooku<\/a>, <a rel=\"nofollow noopener\" href=\"https:\/\/www.instagram.com\/plejadapl\/\" id=\"2e4061cf-e71c-47cf-8729-4b192d8e2525\" target=\"_blank\">Instagramie<\/a>, <a rel=\"nofollow noopener\" href=\"https:\/\/www.youtube.com\/c\/plejada\" id=\"93a732d6-d008-497b-8781-fc8a63567704\" target=\"_blank\">YouTubie<\/a> oraz <a rel=\"nofollow noopener\" href=\"https:\/\/www.tiktok.com\/@plejada_pl\" id=\"af2d8951-4155-4b91-87d6-6fb870e50818\" target=\"_blank\">TikToku<\/a>.<\/p>\n<p class=\"Paragraph_desktopParagraph__U31Gm\">Chcesz podzieli\u0107 si\u0119 ciekawym newsem lub zaproponowa\u0107 temat? Skontaktuj si\u0119 z nami, pisz\u0105c maila na adres: <a href=\"https:\/\/www.onet.pl\/styl-zycia\/plejada\/kontrowersje-przed-eurowizja-junior-chodzi-o-nagrania-polki-musieli-nas-skrzywdzic\/mailto:plejada@redakcjaonet.pl\" id=\"04cc00b0-034e-4e15-8adc-875326518ec0\" rel=\"nofollow noopener\" target=\"_blank\">plejada@redakcjaon<\/a><a rel=\"nofollow noopener\" href=\"https:\/\/et.pl\/\" id=\"c68f8817-02ab-4a8d-b960-234da86cea4e\" target=\"_blank\">et.pl<\/a>.<\/p>\n<p><script async src=\"\/\/www.instagram.com\/embed.js\"><\/script><script async src=\"\/\/www.tiktok.com\/embed.js\"><\/script><\/p>\n","protected":false},"excerpt":{"rendered":"Przed nami Eurowizja Junior 2025, kt\u00f3ra tym razem zawita\u0142a do Tbilisi. Polsk\u0119 reprezentuje Marianna K\u0142os \u2014 laureatka drugiego&hellip;\n","protected":false},"author":2,"featured_media":148545,"comment_status":"","ping_status":"","sticky":false,"template":"","format":"standard","meta":{"footnotes":""},"categories":[22],"tags":[122,67,29970,261,29969,53,52,68,51,55,42,38,40,39,41,123,47,65,50],"class_list":{"0":"post-148544","1":"post","2":"type-post","3":"status-publish","4":"format-standard","5":"has-post-thumbnail","7":"category-rozrywka","8":"tag-entertainment","9":"tag-intextvideo_splayer","10":"tag-konkurs_piosenki_eurowizji_dla_dzieci_eurowizja_junior","11":"tag-kultura","12":"tag-marianna_klos","13":"tag-new_header","14":"tag-onet3","15":"tag-onet3d","16":"tag-onet3d_2i","17":"tag-phx","18":"tag-pl","19":"tag-poland","20":"tag-polish","21":"tag-polska","22":"tag-polski","23":"tag-rozrywka","24":"tag-screening_general","25":"tag-update_me","26":"tag-v2021"},"share_on_mastodon":{"url":"https:\/\/pubeurope.com\/@pl\/115712997647322475","error":""},"_links":{"self":[{"href":"https:\/\/www.europesays.com\/pl\/wp-json\/wp\/v2\/posts\/148544","targetHints":{"allow":["GET"]}}],"collection":[{"href":"https:\/\/www.europesays.com\/pl\/wp-json\/wp\/v2\/posts"}],"about":[{"href":"https:\/\/www.europesays.com\/pl\/wp-json\/wp\/v2\/types\/post"}],"author":[{"embeddable":true,"href":"https:\/\/www.europesays.com\/pl\/wp-json\/wp\/v2\/users\/2"}],"replies":[{"embeddable":true,"href":"https:\/\/www.europesays.com\/pl\/wp-json\/wp\/v2\/comments?post=148544"}],"version-history":[{"count":0,"href":"https:\/\/www.europesays.com\/pl\/wp-json\/wp\/v2\/posts\/148544\/revisions"}],"wp:featuredmedia":[{"embeddable":true,"href":"https:\/\/www.europesays.com\/pl\/wp-json\/wp\/v2\/media\/148545"}],"wp:attachment":[{"href":"https:\/\/www.europesays.com\/pl\/wp-json\/wp\/v2\/media?parent=148544"}],"wp:term":[{"taxonomy":"category","embeddable":true,"href":"https:\/\/www.europesays.com\/pl\/wp-json\/wp\/v2\/categories?post=148544"},{"taxonomy":"post_tag","embeddable":true,"href":"https:\/\/www.europesays.com\/pl\/wp-json\/wp\/v2\/tags?post=148544"}],"curies":[{"name":"wp","href":"https:\/\/api.w.org\/{rel}","templated":true}]}}