{"id":148615,"date":"2025-12-13T16:17:12","date_gmt":"2025-12-13T16:17:12","guid":{"rendered":"https:\/\/www.europesays.com\/pl\/148615\/"},"modified":"2025-12-13T16:17:12","modified_gmt":"2025-12-13T16:17:12","slug":"nie-zyje-peter-greene-aktor-ktory-zagral-w-pulp-fiction-mial-60-lat","status":"publish","type":"post","link":"https:\/\/www.europesays.com\/pl\/148615\/","title":{"rendered":"Nie \u017cyje Peter Greene. Aktor, kt\u00f3ry zagra\u0142 w &#8222;Pulp Fiction&#8221;, mia\u0142 60 lat"},"content":{"rendered":"<p>Zmar\u0142 aktor znany z r\u00f3l w &#8222;Pulp Fiction&#8221; i &#8222;Masce&#8221;. Peter Greene mia\u0142 60 lat<\/p>\n<p>Peter Greene zosta\u0142 znaleziony martwy w swoim domu w Nowym Jorku &#8211; przekaza\u0142a w sobot\u0119 stacja NBC, powo\u0142uj\u0105c si\u0119 na mened\u017cera artysty.<\/p>\n<p>\u00a0<\/p>\n<p>Wcze\u015bniej s\u0105siedzi aktora skar\u017cyli si\u0119, \u017ce z jego mieszkania od \u015brody s\u0142ycha\u0107 by\u0142o g\u0142o\u015bn\u0105 muzyk\u0119. Wys\u0142any zosta\u0142 tam \u015blusarz, \u017ceby otworzy\u0107 drzwi i sprawdzi\u0107, co dzieje si\u0119 w \u015brodku. W mieszkaniu znaleziono cia\u0142o artysty, lekarz stwierdzi\u0142 zgon.<\/p>\n<p>Nie \u017cyje Peter Greene. Aktor znany z &#8222;Pulp Fiction&#8221;, mia\u0142 60 lat<\/p>\n<p>Greene zagra\u0142 m.in. Zeda, sadystycznego gwa\u0142ciciela w filmie Quentina Tarantino &#8222;Pulp Fiction&#8221;. By\u0142 znany r\u00f3wnie\u017c z roli Doriana w filmie Jima Carreya &#8222;Maska&#8221; (obie produkcje z 1994 r.).<\/p>\n<p>\u00a0<\/p>\n<p>ZOBACZ: <a href=\"https:\/\/www.polsatnews.pl\/wiadomosc\/2025-12-12\/magda-umer-nie-zyje-aktorka-miala-76-lat\/\" target=\"_blank\" rel=\"noopener noreferrer nofollow\">Magda Umer nie \u017cyje. Artystka mia\u0142a 76 lat<\/a><\/p>\n<p>\u00a0<\/p>\n<p>&#8211; Nikt nie gra\u0142 z\u0142ego faceta lepiej ni\u017c Peter &#8211; powiedzia\u0142 Gregg Edwards, mened\u017cer artysty. &#8211; Ale on mia\u0142 te\u017c \u0142agodn\u0105 stron\u0119, kt\u00f3rej wi\u0119kszo\u015b\u0107 ludzi nigdy nie dostrzega\u0142a. I serce jak z\u0142oto &#8211; podkre\u015bli\u0142.<\/p>\n<p>\u00a0<\/p>\n<p>Aktor zmaga\u0142 si\u0119 w latach 90. XX wieku z uzale\u017cnieniem od heroiny i kokainy, a w 2007 r. zosta\u0142 aresztowany za posiadanie \u015brodk\u00f3w odurzaj\u0105cych.\u00a0<\/p>\n<p>\u00a0<\/p>\n<p>Widzia\u0142e\u015b co\u015b wa\u017cnego? Przy\u015blij zdj\u0119cie, film lub napisz, co si\u0119 sta\u0142o. Skorzystaj z naszej <a href=\"https:\/\/www.polsatnews.pl\/platforma-widzow\/\" target=\"_blank\" rel=\"noopener noreferrer nofollow\">Wrzutni<\/a><\/p>\n<p>                <a class=\"news__read-more-button\" href=\"https:\/\/www.polsatnews.pl\/\" rel=\"nofollow noopener\" target=\"_blank\">Czytaj wi\u0119cej<\/a><\/p>\n<p>\t\t\tChcesz by\u0107 na bie\u017c\u0105co z najnowszymi newsami?<\/p>\n<p class=\"app-ad__preview\">Jeste\u015bmy w aplikacji na Tw\u00f3j telefon. Sprawd\u017a\u00a0nas!<\/p>\n","protected":false},"excerpt":{"rendered":"Zmar\u0142 aktor znany z r\u00f3l w &#8222;Pulp Fiction&#8221; i &#8222;Masce&#8221;. Peter Greene mia\u0142 60 lat Peter Greene zosta\u0142&hellip;\n","protected":false},"author":2,"featured_media":148616,"comment_status":"","ping_status":"","sticky":false,"template":"","format":"standard","meta":{"footnotes":""},"categories":[22],"tags":[122,42,38,40,39,41,123],"class_list":{"0":"post-148615","1":"post","2":"type-post","3":"status-publish","4":"format-standard","5":"has-post-thumbnail","7":"category-rozrywka","8":"tag-entertainment","9":"tag-pl","10":"tag-poland","11":"tag-polish","12":"tag-polska","13":"tag-polski","14":"tag-rozrywka"},"share_on_mastodon":{"url":"https:\/\/pubeurope.com\/@pl\/115713162834739276","error":""},"_links":{"self":[{"href":"https:\/\/www.europesays.com\/pl\/wp-json\/wp\/v2\/posts\/148615","targetHints":{"allow":["GET"]}}],"collection":[{"href":"https:\/\/www.europesays.com\/pl\/wp-json\/wp\/v2\/posts"}],"about":[{"href":"https:\/\/www.europesays.com\/pl\/wp-json\/wp\/v2\/types\/post"}],"author":[{"embeddable":true,"href":"https:\/\/www.europesays.com\/pl\/wp-json\/wp\/v2\/users\/2"}],"replies":[{"embeddable":true,"href":"https:\/\/www.europesays.com\/pl\/wp-json\/wp\/v2\/comments?post=148615"}],"version-history":[{"count":0,"href":"https:\/\/www.europesays.com\/pl\/wp-json\/wp\/v2\/posts\/148615\/revisions"}],"wp:featuredmedia":[{"embeddable":true,"href":"https:\/\/www.europesays.com\/pl\/wp-json\/wp\/v2\/media\/148616"}],"wp:attachment":[{"href":"https:\/\/www.europesays.com\/pl\/wp-json\/wp\/v2\/media?parent=148615"}],"wp:term":[{"taxonomy":"category","embeddable":true,"href":"https:\/\/www.europesays.com\/pl\/wp-json\/wp\/v2\/categories?post=148615"},{"taxonomy":"post_tag","embeddable":true,"href":"https:\/\/www.europesays.com\/pl\/wp-json\/wp\/v2\/tags?post=148615"}],"curies":[{"name":"wp","href":"https:\/\/api.w.org\/{rel}","templated":true}]}}