{"id":148619,"date":"2025-12-13T16:20:06","date_gmt":"2025-12-13T16:20:06","guid":{"rendered":"https:\/\/www.europesays.com\/pl\/148619\/"},"modified":"2025-12-13T16:20:06","modified_gmt":"2025-12-13T16:20:06","slug":"bialorus-wypuszcza-wiezniow-politycznych-opozycjonisci-o-andrzeju-poczobucie","status":"publish","type":"post","link":"https:\/\/www.europesays.com\/pl\/148619\/","title":{"rendered":"Bia\u0142oru\u015b wypuszcza wi\u0119\u017ani\u00f3w politycznych. Opozycjoni\u015bci o Andrzeju Poczobucie"},"content":{"rendered":"<p class=\"article-p\" data-section=\"detail-body\"><a href=\"https:\/\/www.fakt.pl\/polityka\/bialorus-wypuszcza-123-wiezniow-politycznych-wsrod-nich-laureat-pokojowego-nobla\/k3hpmsy\" id=\"de1c3e42-4be2-4616-b252-76175c6b3ecc\" rel=\"nofollow noopener\" target=\"_blank\">Po zniesieniu przez USA sankcji na eksport potasu re\u017cim Alaksandra \u0141ukaszenko poinformowa\u0142 o wypuszczeniu z wi\u0119zie\u0144 123 osadzonych z powod\u00f3w politycznych<\/a>. W\u015br\u00f3d nich jedna z liderek opozycji podczas wybor\u00f3w 2020 r. Maryja Kalesnikawa, laureat Pokojowej Nagrody Nobla Ale\u015b Bialacki, by\u0142y kandydat na prezydenta Bia\u0142orusi Wiktar Babaryka oraz obywatel Polski Roman Ga\u0142uza. Wed\u0142ug rzecznika MSZ Macieja Wewi\u00f3ra na tej li\u015bcie nie ma dziennikarza i dzia\u0142acza polonijnego Andrzeja Poczobuta.<\/p>\n<p>        Bia\u0142oru\u015b wypuszcza wi\u0119\u017ani\u00f3w politycznych. Dlaczego nie Andrzeja Poczobuta?<\/p>\n<p class=\"article-p\" data-section=\"detail-body\">\u2014 \u0141ukaszenko chce dalej rozmawia\u0107 z Polsk\u0105 i gra\u0107 w swoj\u0105 gr\u0119 wykorzystuj\u0105c Poczobuta. Dyktator wie, jak wa\u017cny jest on dla polskiej strony \u2014 powiedzia\u0142 &#8222;Faktowi&#8221; jeden z lider\u00f3w bia\u0142oruskiej opozycji, Pawie\u0142 \u0141atuszka.<\/p>\n<p class=\"article-p\" data-section=\"detail-body\">Dziennikarz i dzia\u0142acz mniejszo\u015bci polskiej na Bia\u0142orusi Andrzej Poczobut w areszcie przebywa\u0142 od 25 marca 2021 r. Bia\u0142oruska prokuratura oskar\u017cy\u0142a go o &#8222;rehabilitacj\u0119 nazizmu&#8221;, a potem tak\u017ce o wzywanie do sankcji i dzia\u0142a\u0144 na szkod\u0119 Bia\u0142orusi. Od maja 2023 r. Poczobut odbywa kar\u0119 o\u015bmiu lat wi\u0119zienia w kolonii karnej w Nowopo\u0142ocku za &#8222;wzniecanie, pod\u017ceganie do nienawi\u015bci&#8221; i &#8222;wzywanie do dzia\u0142a\u0144 na szkod\u0119 Bia\u0142orusi&#8221;. Polska strona oraz bia\u0142oruska opozycja domaga si\u0119 jego uwolnienia.<\/p>\n<p class=\"article-p\" data-section=\"detail-body\">We wtorek 16 grudnia Poczobut \u2014 za po\u015brednictwem rodziny \u2014 otrzyma w Parlamencie Europejskim Nagrod\u0119 Sacharowa, kt\u00f3r\u0105 otrzymuj\u0105 dzia\u0142acze praw cz\u0142owieka z ca\u0142ego \u015bwiata.<\/p>\n<p class=\"article-p\" data-section=\"detail-body\">\u0141atuszka zwr\u00f3ci\u0142 uwag\u0119, jak cenne jest dla re\u017cimu w Mi\u0144sku zniesienie cz\u0119\u015bci ameryka\u0144skich sankcji. \u2014 \u0141ukaszenko ma ogromne problemy gospodarcze i doskwiera mu brak inwestycji. Poza tym eksport potasu stanowi\u0142o ogromne \u017ar\u00f3d\u0142o przychod\u00f3w do bud\u017cetu pa\u0144stwa \u2014 t\u0142umaczy\u0142 opozycjonista.<\/p>\n<p class=\"article-p\" data-section=\"detail-body\">Jednocze\u015bnie podzi\u0119kowa\u0142 stronie ameryka\u0144skiej za doprowadzenie do wypuszczenia kolejnych wi\u0119\u017ani\u00f3w politycznych. \u2014 Cieszymy si\u0119 za uratowanie ich \u017cycia. Trzeba jednak pami\u0119ta\u0107, \u017ce tylko cz\u0119\u015b\u0107 os\u00f3b na li\u015bcie uwolnionych s\u0105 wi\u0119\u017aniami politycznymi. Poprzednio, kiedy \u0141ukaszenko wypuszcza\u0142 ludzi, to r\u00f3wnie\u017c znajdowali si\u0119 tam zwykli przest\u0119pcy. To straszne, \u017ce dyktator handluje lud\u017ami. To niedopuszczalne \u2014 podsumowa\u0142.<\/p>\n<p>        Aleksandr Azarau pyta\u0142, kto teraz pokieruje bia\u0142orusk\u0105 opozycj\u0105<\/p>\n<p class=\"article-p\" data-section=\"detail-body\">Z kolei by\u0142y oficer s\u0142u\u017cb specjalnych Bia\u0142orusi i szef BYPOL Aleksandr Azarau zwr\u00f3ci\u0142 uwag\u0119, \u017ce uwolnieni opozycjoni\u015bci 13 grudnia byli na pewno cenni dla strony ameryka\u0144skiej. \u2014 By\u0107 mo\u017ce wa\u017cny dla nich nie by\u0142 Andrzej Poczobut. \u0141ukaszenko wie, \u017ce gdyby go wypu\u015bci\u0142by, straci\u0142by wszelkie mo\u017cliwo\u015bci negocjacji z Polsk\u0105. Najwidoczniej co\u015b chce z Warszaw\u0105 przehandlowa\u0107 np. zniesienie kolejnych sankcji \u2014 zauwa\u017cy\u0142 w rozmowie z &#8222;Faktem&#8221;.<\/p>\n<p class=\"article-p\" data-section=\"detail-body\">Azarau zwr\u00f3ci\u0142 szczeg\u00f3ln\u0105 uwag\u0119 na fakt, \u017ce wolno\u015b\u0107 odzyskali bardzo popularni w\u015br\u00f3d Bia\u0142orusin\u00f3w dzia\u0142acze opozycyjni. \u2014 Gdyby Wiktar Babaryka m\u00f3g\u0142 w pe\u0142ni wystartowa\u0107 w wyborach (jego kandydatura zosta\u0142a brutalnie zatrzymana w 2020 r. \u2014 red.), to na pewno zosta\u0142by prezydentem. Tego chcia\u0142a zdecydowana wi\u0119kszo\u015b\u0107 Bia\u0142orusin\u00f3w. Po wyj\u015bciu na wolno\u015b\u0107 na pewno b\u0119d\u0105 aktywni, podobnie jak przed uwi\u0119zieniem Maryja Kalesnikawa. To b\u0119dzie rodzi\u0107 pytania o to, kto reprezentuje bia\u0142orusk\u0105 opozycj\u0119, bo dotychczas na \u015bwiecie za tak\u0105 osob\u0119 by\u0142a uwa\u017cana Swiat\u0142ana Cichanouska (wsp\u00f3lna kandydatka opozycji na prezydenta Bia\u0142orusi w 2020 r.) \u2014 komentowa\u0142 dla &#8222;Faktu&#8221;.<\/p>\n<p class=\"article-p\" data-section=\"detail-body\">&#8222;Maria jest wolna! Przez pi\u0119\u0107 lat walczyli\u015bmy o wolno\u015b\u0107 Maryji Kalesnikawej. Jestem g\u0142\u0119boko wdzi\u0119czny administracji USA i naszym europejskim partnerom, kt\u00f3rzy niestrudzenie pracowali na rzecz jej uwolnienia. Maria jest w bezpiecznym miejscu i mamy nadziej\u0119, \u017ce wkr\u00f3tce si\u0119 z ni\u0105 skontaktujemy&#8221; \u2014 napisa\u0142a 13 grudnia w serwisie X Swiat\u0142ana Cichanouska.<\/p>\n<p class=\"article-p\" data-section=\"detail-body\">\u0179r\u00f3d\u0142o: Fakt<\/p>\n","protected":false},"excerpt":{"rendered":"Po zniesieniu przez USA sankcji na eksport potasu re\u017cim Alaksandra \u0141ukaszenko poinformowa\u0142 o wypuszczeniu z wi\u0119zie\u0144 123 osadzonych&hellip;\n","protected":false},"author":2,"featured_media":148620,"comment_status":"","ping_status":"","sticky":false,"template":"","format":"standard","meta":{"footnotes":""},"categories":[14],"tags":[32,33,27,34,35,28,31,25,40,41,80,29,30,26,82,83,84],"class_list":{"0":"post-148619","1":"post","2":"type-post","3":"status-publish","4":"format-standard","5":"has-post-thumbnail","7":"category-swiat","8":"tag-breaking-news","9":"tag-breakingnews","10":"tag-headlines","11":"tag-latest-news","12":"tag-latestnews","13":"tag-naglowki","14":"tag-najwazniejsze-artykuly","15":"tag-news","16":"tag-polish","17":"tag-polski","18":"tag-swiat","19":"tag-top-stories","20":"tag-topstories","21":"tag-wiadomosci","22":"tag-world","23":"tag-world-news","24":"tag-worldnews"},"share_on_mastodon":{"url":"https:\/\/pubeurope.com\/@pl\/115713174697738223","error":""},"_links":{"self":[{"href":"https:\/\/www.europesays.com\/pl\/wp-json\/wp\/v2\/posts\/148619","targetHints":{"allow":["GET"]}}],"collection":[{"href":"https:\/\/www.europesays.com\/pl\/wp-json\/wp\/v2\/posts"}],"about":[{"href":"https:\/\/www.europesays.com\/pl\/wp-json\/wp\/v2\/types\/post"}],"author":[{"embeddable":true,"href":"https:\/\/www.europesays.com\/pl\/wp-json\/wp\/v2\/users\/2"}],"replies":[{"embeddable":true,"href":"https:\/\/www.europesays.com\/pl\/wp-json\/wp\/v2\/comments?post=148619"}],"version-history":[{"count":0,"href":"https:\/\/www.europesays.com\/pl\/wp-json\/wp\/v2\/posts\/148619\/revisions"}],"wp:featuredmedia":[{"embeddable":true,"href":"https:\/\/www.europesays.com\/pl\/wp-json\/wp\/v2\/media\/148620"}],"wp:attachment":[{"href":"https:\/\/www.europesays.com\/pl\/wp-json\/wp\/v2\/media?parent=148619"}],"wp:term":[{"taxonomy":"category","embeddable":true,"href":"https:\/\/www.europesays.com\/pl\/wp-json\/wp\/v2\/categories?post=148619"},{"taxonomy":"post_tag","embeddable":true,"href":"https:\/\/www.europesays.com\/pl\/wp-json\/wp\/v2\/tags?post=148619"}],"curies":[{"name":"wp","href":"https:\/\/api.w.org\/{rel}","templated":true}]}}