{"id":148638,"date":"2025-12-13T16:34:14","date_gmt":"2025-12-13T16:34:14","guid":{"rendered":"https:\/\/www.europesays.com\/pl\/148638\/"},"modified":"2025-12-13T16:34:14","modified_gmt":"2025-12-13T16:34:14","slug":"niemcy-wzywaja-ambasadora-rosji-sikorski-juz-zareagowal","status":"publish","type":"post","link":"https:\/\/www.europesays.com\/pl\/148638\/","title":{"rendered":"Niemcy wzywaj\u0105 ambasadora Rosji. Sikorski ju\u017c zareagowa\u0142"},"content":{"rendered":"<p>&#8222;W Polsce wiemy, jak wygl\u0105daj\u0105 rosyjskie ataki hybrydowe. Solidaryzujemy si\u0119 z\u00a0Niemcami i\u00a0pozostajemy zjednoczeni z\u00a0naszymi sojusznikami w\u00a0przeciwdzia\u0142aniu rosyjskim zagro\u017ceniom&#8221; &#8211;\u00a0przekaza\u0142 na X\u00a0szef MSZ Rados\u0142aw Sikorski. <\/p>\n<p>Najwi\u0119kszy outlet \u015bwi\u0105teczny. Niskie ceny i\u00a0ogromny wyb\u00f3r <\/p>\n<p>Wicepremier udost\u0119pni\u0142 post niemieckiego resortu obrony, kt\u00f3ry poinformowa\u0142, \u017ce w\u00a0zwi\u0105zku z\u00a0oskar\u017ceniami o\u00a0ataki hybrydowe, sabota\u017c i\u00a0cyberataki, w\u00a0pi\u0105tek do siedziby MSZ zosta\u0142 <a href=\"https:\/\/wiadomosci.wp.pl\/niemcy-rosyjski-ambasador-wezwany-na-dywanik-podejmiemy-kroki-7231677486803904a\" rel=\"noopener noreferrer nofollow\" target=\"_blank\">wezwany rosyjski ambasador Siergiej Nieczajew<\/a>.<\/p>\n<p>Wed\u0142ug rz\u0105du RFN Rosja prowadzi\u0142a szerok\u0105 kampani\u0119 dezinformacyjn\u0105 zwi\u0105zan\u0105 z\u00a0wyborami do Bundestagu. Na celowniku mieli znale\u017a\u0107 si\u0119 m.in. polityk Zielonych Robert Habeck oraz kanclerz Friedrich Merz. W\u0142adze wskazuj\u0105 te\u017c na cyberatak z\u00a0sierpnia 2024 r. na s\u0142u\u017cby kontroli ruchu lotniczego.<\/p>\n<p>&#8211; Nasze ustalenia wywiadowcze dowodz\u0105, \u017ce odpowiedzialno\u015b\u0107 za ten atak ponosi rosyjski wywiad wojskowy GRU &#8211;\u00a0przekaza\u0142 rzecznik niemieckiego resortu.<\/p>\n<p>Berlin \u0142\u0105czy ten incydent z\u00a0dzia\u0142alno\u015bci\u0105 grupy hakerskiej Fancy Bear. R\u00f3wnolegle niemiecki rz\u0105d ocenia, \u017ce w\u00a0ramach kampanii Storm 1516 Rosja stara\u0142a si\u0119 wp\u0142ywa\u0107 na przebieg ostatnich wybor\u00f3w i\u00a0trwale oddzia\u0142ywa\u0107 na sprawy wewn\u0119trzne RFN. W\u0142adze m\u00f3wi\u0105 o\u00a0systematycznym charakterze tych dzia\u0142a\u0144.<\/p>\n<p>Rzecznik MSZ o\u015bwiadczy\u0142, \u017ce Rosja &#8222;w bardzo konkretny spos\u00f3b zagra\u017ca bezpiecze\u0144stwu&#8221; Niemiec, nie tylko przez wojn\u0119 przeciwko Ukrainie, ale tak\u017ce dzia\u0142aj\u0105c wewn\u0105trz RFN. Zapowiedzia\u0142 &#8222;liczne kroki odwetowe&#8221;, przygotowywane we wsp\u00f3\u0142pracy z\u00a0partnerami europejskimi, aby pokaza\u0107 cen\u0119 dzia\u0142a\u0144 hybrydowych.<\/p>\n<p>Berlin od d\u0142u\u017cszego czasu obserwuje wzrost liczby takich incydent\u00f3w. Wed\u0142ug deklaracji szefa MSZ Niemiec Johanna Wadephula do <a href=\"https:\/\/wiadomosci.wp.pl\/media-hybrydowa-wojna-rosji-wystawia-europe-na-probe-7230648436771776a\" rel=\"noopener noreferrer nofollow\" target=\"_blank\">atak\u00f3w hybrydowych ma dochodzi\u0107 ka\u017cdego dnia<\/a>, co &#8211;\u00a0w\u00a0ocenie w\u0142adz &#8211;\u00a0potwierdza skal\u0119 wyzwania dla bezpiecze\u0144stwa pa\u0144stwa.<\/p>\n","protected":false},"excerpt":{"rendered":"&#8222;W Polsce wiemy, jak wygl\u0105daj\u0105 rosyjskie ataki hybrydowe. Solidaryzujemy si\u0119 z\u00a0Niemcami i\u00a0pozostajemy zjednoczeni z\u00a0naszymi sojusznikami w\u00a0przeciwdzia\u0142aniu rosyjskim zagro\u017ceniom&#8221;&hellip;\n","protected":false},"author":2,"featured_media":148639,"comment_status":"","ping_status":"","sticky":false,"template":"","format":"standard","meta":{"footnotes":""},"categories":[14],"tags":[32,33,27,34,35,28,31,25,40,41,80,29,30,26,82,83,84],"class_list":{"0":"post-148638","1":"post","2":"type-post","3":"status-publish","4":"format-standard","5":"has-post-thumbnail","7":"category-swiat","8":"tag-breaking-news","9":"tag-breakingnews","10":"tag-headlines","11":"tag-latest-news","12":"tag-latestnews","13":"tag-naglowki","14":"tag-najwazniejsze-artykuly","15":"tag-news","16":"tag-polish","17":"tag-polski","18":"tag-swiat","19":"tag-top-stories","20":"tag-topstories","21":"tag-wiadomosci","22":"tag-world","23":"tag-world-news","24":"tag-worldnews"},"share_on_mastodon":{"url":"https:\/\/pubeurope.com\/@pl\/115713229768038243","error":""},"_links":{"self":[{"href":"https:\/\/www.europesays.com\/pl\/wp-json\/wp\/v2\/posts\/148638","targetHints":{"allow":["GET"]}}],"collection":[{"href":"https:\/\/www.europesays.com\/pl\/wp-json\/wp\/v2\/posts"}],"about":[{"href":"https:\/\/www.europesays.com\/pl\/wp-json\/wp\/v2\/types\/post"}],"author":[{"embeddable":true,"href":"https:\/\/www.europesays.com\/pl\/wp-json\/wp\/v2\/users\/2"}],"replies":[{"embeddable":true,"href":"https:\/\/www.europesays.com\/pl\/wp-json\/wp\/v2\/comments?post=148638"}],"version-history":[{"count":0,"href":"https:\/\/www.europesays.com\/pl\/wp-json\/wp\/v2\/posts\/148638\/revisions"}],"wp:featuredmedia":[{"embeddable":true,"href":"https:\/\/www.europesays.com\/pl\/wp-json\/wp\/v2\/media\/148639"}],"wp:attachment":[{"href":"https:\/\/www.europesays.com\/pl\/wp-json\/wp\/v2\/media?parent=148638"}],"wp:term":[{"taxonomy":"category","embeddable":true,"href":"https:\/\/www.europesays.com\/pl\/wp-json\/wp\/v2\/categories?post=148638"},{"taxonomy":"post_tag","embeddable":true,"href":"https:\/\/www.europesays.com\/pl\/wp-json\/wp\/v2\/tags?post=148638"}],"curies":[{"name":"wp","href":"https:\/\/api.w.org\/{rel}","templated":true}]}}