{"id":148655,"date":"2025-12-13T16:47:40","date_gmt":"2025-12-13T16:47:40","guid":{"rendered":"https:\/\/www.europesays.com\/pl\/148655\/"},"modified":"2025-12-13T16:47:40","modified_gmt":"2025-12-13T16:47:40","slug":"grudzien-z-trzema-niedzielami-handlowymi-sklepy-otwarte-przed-swietami","status":"publish","type":"post","link":"https:\/\/www.europesays.com\/pl\/148655\/","title":{"rendered":"Grudzie\u0144 z trzema niedzielami handlowymi. Sklepy otwarte przed \u015bwi\u0119tami"},"content":{"rendered":"<p class=\"ods-c-paragraph \">Polska Rada Centr\u00f3w Handlowych (PRCH) przypomina, \u017ce Wigilia (24 grudnia) po raz pierwszy w historii b\u0119dzie dniem ustawowo wolnym od pracy, co oznacza, \u017ce zakupy &#8222;last minute&#8221; nie b\u0119d\u0105 mo\u017cliwe. Tego dnia sklepy b\u0119d\u0105 nieczynne.<\/p>\n<p class=\"ods-c-paragraph \">PRCH rekomenduje, by wykorzysta\u0107 nadchodz\u0105ce niedziele handlowe jako alternatyw\u0119 dla sob\u00f3t. Radzi, by unika\u0107 godzin szczytu, kt\u00f3re w weekendy w centrach handlowych przypadaj\u0105 zazwyczaj popo\u0142udniami. Sugeruje te\u017c, aby klienci przemy\u015bleli dojazdy do sklep\u00f3w i wskazuje, \u017ce w godzinach szczytu w najwi\u0119kszych centrach handlowych transport publiczny mo\u017ce okaza\u0107 si\u0119 szybszy ni\u017c samoch\u00f3d. Ponadto warto te\u017c sprawdzi\u0107 godziny otwarcia \u2014 wiele obiekt\u00f3w wyd\u0142u\u017ca bowiem czas pracy, umo\u017cliwiaj\u0105c zakupy p\u00f3\u017anym wieczorem.<\/p>\n<p>Dalszy ci\u0105g artyku\u0142u pod materia\u0142em wideo<\/p>\n<p> Czy 14 grudnia 2025 roku to niedziela handlowa? <\/p>\n<p> Ile niedziel handlowych przypada w grudniu 2025 roku? <\/p>\n<p> Kiedy s\u0105 najbli\u017csze niedziele handlowe przed \u015bwi\u0119tami? <\/p>\n<p> Czy 24 grudnia 2025 sklepy b\u0119d\u0105 otwarte? <\/p>\n<p>  Czy 14 grudnia to niedziela handlowa?<\/p>\n<p class=\"ods-c-paragraph \">Rada zach\u0119ca klient\u00f3w do niezostawiania zakup\u00f3w na ostatni\u0105 chwil\u0119 i korzystania z dost\u0119pno\u015bci sklep\u00f3w przez ca\u0142e przed\u015bwi\u0105teczne, grudniowe weekendy.<\/p>\n<p class=\"ods-c-paragraph \">Ustawa wprowadzaj\u0105ca stopniowo zakaz handlu w niedziele wesz\u0142a w \u017cycie 1 marca 2018 r. Od 2020 r. zakaz handlu nie obowi\u0105zuje jedynie w siedem niedziel w roku: ostatnie niedziele stycznia, kwietnia, czerwca i sierpnia, w niedziel\u0119 przed Wielkanoc\u0105, a po nowelizacji r\u00f3wnie\u017c w trzy kolejne niedziele poprzedzaj\u0105ce Bo\u017ce Narodzenie.<\/p>\n<p class=\"ods-c-paragraph \">W ustawie ograniczaj\u0105cej handel w niedziele przewidziano katalog 32 wy\u0142\u0105cze\u0144. Zakaz nie obejmuje m.in. dzia\u0142alno\u015bci pocztowej, je\u015bli przychody z tej dzia\u0142alno\u015bci stanowi\u0105 co najmniej 40 proc. przychod\u00f3w ze sprzeda\u017cy danej plac\u00f3wki. Ponadto nie obowi\u0105zuje w cukierniach, lodziarniach, na stacjach paliw p\u0142ynnych, w kwiaciarniach, w sklepach z pras\u0105 ani w kawiarniach.<\/p>\n<p class=\"ods-c-paragraph \">Za z\u0142amanie zakazu handlu w niedziele grozi od 1000 z\u0142 do 100 tys. z\u0142 kary, a przy uporczywym naruszaniu przepis\u00f3w \u2014 kara ograniczenia wolno\u015bci.<\/p>\n<p class=\"ods-c-paragraph \">1 lutego wesz\u0142a w \u017cycie nowela przewiduj\u0105ca ustanowienie 24 grudnia dniem wolnym dla wszystkich pracownik\u00f3w, w tym pracownik\u00f3w plac\u00f3wek handlowych, dla kt\u00f3rych dot\u0105d \u2014 zgodnie z ustaw\u0105 o ograniczeniu handlu w niedziele i \u015bwi\u0119ta \u2014 Wigilia by\u0142a dniem roboczym do godziny 14. Nowela przewiduje r\u00f3wnie\u017c, \u017ce w grudniu pracownik handlu nie b\u0119dzie m\u00f3g\u0142 pracowa\u0107 wi\u0119cej ni\u017c dwie niedziele.<\/p>\n<p class=\"ods-c-paragraph \">Pod koniec grudnia ub.r. prezydent Andrzej Duda zdecydowa\u0142 o skierowaniu ustawy o wolnej Wigilii do Trybuna\u0142u Konstytucyjnego w trybie kontroli nast\u0119pczej. Zastrze\u017cenia prezydenta dotycz\u0105 wprowadzenia trzeciej, dodatkowej niedzieli pracuj\u0105cej w grudniu dla pracownik\u00f3w handlu.<\/p>\n","protected":false},"excerpt":{"rendered":"Polska Rada Centr\u00f3w Handlowych (PRCH) przypomina, \u017ce Wigilia (24 grudnia) po raz pierwszy w historii b\u0119dzie dniem ustawowo&hellip;\n","protected":false},"author":2,"featured_media":148656,"comment_status":"","ping_status":"","sticky":false,"template":"","format":"standard","meta":{"footnotes":""},"categories":[16],"tags":[113,23150,112,49,48,29980,46,42,38,40,39,41,47,2676],"class_list":{"0":"post-148655","1":"post","2":"type-post","3":"status-publish","4":"format-standard","5":"has-post-thumbnail","7":"category-biznes","8":"tag-biznes","9":"tag-boze_narodzenie_wigilia","10":"tag-business","11":"tag-kraj","12":"tag-nat_styl","13":"tag-niedziele_handlowe","14":"tag-omp","15":"tag-pl","16":"tag-poland","17":"tag-polish","18":"tag-polska","19":"tag-polski","20":"tag-screening_general","21":"tag-sklepy"},"share_on_mastodon":{"url":"https:\/\/pubeurope.com\/@pl\/115713280799915049","error":""},"_links":{"self":[{"href":"https:\/\/www.europesays.com\/pl\/wp-json\/wp\/v2\/posts\/148655","targetHints":{"allow":["GET"]}}],"collection":[{"href":"https:\/\/www.europesays.com\/pl\/wp-json\/wp\/v2\/posts"}],"about":[{"href":"https:\/\/www.europesays.com\/pl\/wp-json\/wp\/v2\/types\/post"}],"author":[{"embeddable":true,"href":"https:\/\/www.europesays.com\/pl\/wp-json\/wp\/v2\/users\/2"}],"replies":[{"embeddable":true,"href":"https:\/\/www.europesays.com\/pl\/wp-json\/wp\/v2\/comments?post=148655"}],"version-history":[{"count":0,"href":"https:\/\/www.europesays.com\/pl\/wp-json\/wp\/v2\/posts\/148655\/revisions"}],"wp:featuredmedia":[{"embeddable":true,"href":"https:\/\/www.europesays.com\/pl\/wp-json\/wp\/v2\/media\/148656"}],"wp:attachment":[{"href":"https:\/\/www.europesays.com\/pl\/wp-json\/wp\/v2\/media?parent=148655"}],"wp:term":[{"taxonomy":"category","embeddable":true,"href":"https:\/\/www.europesays.com\/pl\/wp-json\/wp\/v2\/categories?post=148655"},{"taxonomy":"post_tag","embeddable":true,"href":"https:\/\/www.europesays.com\/pl\/wp-json\/wp\/v2\/tags?post=148655"}],"curies":[{"name":"wp","href":"https:\/\/api.w.org\/{rel}","templated":true}]}}