{"id":148659,"date":"2025-12-13T16:50:17","date_gmt":"2025-12-13T16:50:17","guid":{"rendered":"https:\/\/www.europesays.com\/pl\/148659\/"},"modified":"2025-12-13T16:50:17","modified_gmt":"2025-12-13T16:50:17","slug":"tragedia-na-drodze-pod-elblagiem-zginely-dwie-osoby-onet","status":"publish","type":"post","link":"https:\/\/www.europesays.com\/pl\/148659\/","title":{"rendered":"Tragedia na drodze pod Elbl\u0105giem. Zgin\u0119\u0142y dwie osoby &#8211; Onet"},"content":{"rendered":"<ol>\n<li><a href=\"https:\/\/news.google.com\/rss\/articles\/CBMisAFBVV95cUxNbXNWWUFaTnRldVY3ME02c2d6QTNEc1F0MVJjNjcwNWFzY01VLUZyMXFEYmFCa3FpVWcxSzNpaldZbHJIZVdPbU8wNlQyaUZkYjl2QS1lZ2lCX00zY29EQ3BtWF9VTXJTTEFwVEFxZDhGd25FUlFYZ1NLckZNZDlxaTBlSmhiTEFlX1BLbmhEYWJfZTRDZGRGcU9KeDBkOW1fTVh2N1EzcWR6UjhCZnQ0bw?oc=5\" target=\"_blank\" rel=\"nofollow noopener\">Tragedia na drodze pod Elbl\u0105giem. Zgin\u0119\u0142y dwie osoby<\/a>&nbsp;&nbsp;Onet<\/li>\n<li><a href=\"https:\/\/news.google.com\/rss\/articles\/CBMivAFBVV95cUxOU0FuTlEzODhzS3VDaDNwaDlpSXBvbXU1ek5DeHJaZFZTMlJaUUxralpSOUlCb2N5dUJHNVNiSGtQc2lKMHZOaW1zMU5NS3E1aE9wV1h4bnBqeFhkU3l6UUg2ZzhzcWtLYnV6WjZzWWJteDkxdlJsVW4yQXEtaVllcFFqdjlJOHdiOUFmbGxvVTE5eXNRZ255VnBoc202MVVwX1Vzc3ZnZjVSM0lXclJXTUVtcnk3M2FwQkJtRA?oc=5\" target=\"_blank\" rel=\"nofollow noopener\">Tragiczny fina\u0142 nocnego przejazdu pod Elbl\u0105giem. Nie \u017cyj\u0105 dwie osoby<\/a>&nbsp;&nbsp;Wydarzenia w INTERIA.PL<\/li>\n<li><a href=\"https:\/\/news.google.com\/rss\/articles\/CBMingFBVV95cUxQSkhIbjdselZidXk3TFZNTVQ4N1VnaF8wLUl1SFVGdUUzTjZYYkNyX1d6UkxsQ1Q2R1hQNVFMM2FIcUdKUWdsclNHUUVSaFpSODhFQ3RxZVhqZVJyVHZ5OTZKNTFCel9qWjNxUXVBSUpDeW9xN20wY240Mjl6Y2htV1lVbnc1djE4Z29Zb1lobFJMV01tV0lkdG00eGNXZw?oc=5\" target=\"_blank\" rel=\"nofollow noopener\">Rejsyty. Zjecha\u0142 z drogi i uderzy\u0142 w drzewo. Dwie osoby nie \u017cyj\u0105<\/a>&nbsp;&nbsp;TVN24<\/li>\n<li><a href=\"https:\/\/news.google.com\/rss\/articles\/CBMitAFBVV95cUxPVE40X2R3djRpTjctWloyMVZZRU1ZMENtVzJ6NnA0NVJaOWhqMWg1MjJjQ3NwRzU2bm9JeEJLSlpCYk5lck5lSk9RZ1Y2TnBwalNMSTVzLXVad1MwaEpKVGxVM1czdEl2TUpJUEZQUXRaZ0ROMFdzZkswTl9fQXNTRlN2MDFycTNUMlpIdU5xMzEyWHVIcW9ITGZzeE9wa0FPWkVpNE5EMVFKa2djb1JLLXNSY3c?oc=5\" target=\"_blank\" rel=\"nofollow noopener\">Tragedia na drodze w Warmi\u0144sko-Mazurskiem. Dw\u00f3ch m\u0119\u017cczyzn nie \u017cyje<\/a>&nbsp;&nbsp;RMF24<\/li>\n<li><a href=\"https:\/\/news.google.com\/rss\/articles\/CBMirAFBVV95cUxPNzdoOWowQWkxVHpmekV6UVJjRUFBUXNVZXJ6Q2xramJzODUtOW51R2tFZlZEbko2RXNwZHAwdjdVWTk3ZzBlRjhsSHZtVzRoYzdpX0FKcHJnSklYc1JYTnBDOHp4LTRPTmNmRUI1SkRET24zV0t1YXpjcVRTajR1NjlRWXVubXRneFJQUE5saF9QOXJDd1VvbWxVS0pwdEdxQVVYZFZ3amx2UUc0?oc=5\" target=\"_blank\" rel=\"nofollow noopener\">Dwie osoby nie \u017cyj\u0105, stan trzeciej okre\u015blany jako ci\u0119\u017cki. Nocna tragedia na Warmii i Mazurach<\/a>&nbsp;&nbsp;Radio ZET<\/li>\n<\/ol>\n","protected":false},"excerpt":{"rendered":"Tragedia na drodze pod Elbl\u0105giem. Zgin\u0119\u0142y dwie osoby&nbsp;&nbsp;Onet Tragiczny fina\u0142 nocnego przejazdu pod Elbl\u0105giem. Nie \u017cyj\u0105 dwie osoby&nbsp;&nbsp;Wydarzenia&hellip;\n","protected":false},"author":2,"featured_media":148660,"comment_status":"","ping_status":"","sticky":false,"template":"","format":"standard","meta":{"footnotes":"","_share_on_mastodon":"0"},"categories":[12],"tags":[32,33,4002,36,37,27,27850,34,35,28,31,53,25,52,68,51,55,42,38,251,40,39,41,5652,47,29,30,50,26],"class_list":["post-148659","post","type-post","status-publish","format-standard","has-post-thumbnail","category-polska","tag-breaking-news","tag-breakingnews","tag-elblag","tag-featured-news","tag-featurednews","tag-headlines","tag-inst_tst2","tag-latest-news","tag-latestnews","tag-naglowki","tag-najwazniejsze-artykuly","tag-new_header","tag-news","tag-onet3","tag-onet3d","tag-onet3d_2i","tag-phx","tag-pl","tag-poland","tag-policja_policjanci_policjant_policjantka_policjantki","tag-polish","tag-polska","tag-polski","tag-samochody_samochod_osobowy_ciezarowy_auto_auta_prawo_jazdy_kodeks_drogowy","tag-screening_general","tag-top-stories","tag-topstories","tag-v2021","tag-wiadomosci"],"share_on_mastodon":{"url":"","error":"Validation failed: Text character limit of 500 exceeded"},"_links":{"self":[{"href":"https:\/\/www.europesays.com\/pl\/wp-json\/wp\/v2\/posts\/148659","targetHints":{"allow":["GET"]}}],"collection":[{"href":"https:\/\/www.europesays.com\/pl\/wp-json\/wp\/v2\/posts"}],"about":[{"href":"https:\/\/www.europesays.com\/pl\/wp-json\/wp\/v2\/types\/post"}],"author":[{"embeddable":true,"href":"https:\/\/www.europesays.com\/pl\/wp-json\/wp\/v2\/users\/2"}],"replies":[{"embeddable":true,"href":"https:\/\/www.europesays.com\/pl\/wp-json\/wp\/v2\/comments?post=148659"}],"version-history":[{"count":0,"href":"https:\/\/www.europesays.com\/pl\/wp-json\/wp\/v2\/posts\/148659\/revisions"}],"wp:featuredmedia":[{"embeddable":true,"href":"https:\/\/www.europesays.com\/pl\/wp-json\/wp\/v2\/media\/148660"}],"wp:attachment":[{"href":"https:\/\/www.europesays.com\/pl\/wp-json\/wp\/v2\/media?parent=148659"}],"wp:term":[{"taxonomy":"category","embeddable":true,"href":"https:\/\/www.europesays.com\/pl\/wp-json\/wp\/v2\/categories?post=148659"},{"taxonomy":"post_tag","embeddable":true,"href":"https:\/\/www.europesays.com\/pl\/wp-json\/wp\/v2\/tags?post=148659"}],"curies":[{"name":"wp","href":"https:\/\/api.w.org\/{rel}","templated":true}]}}