{"id":148812,"date":"2025-12-13T18:47:10","date_gmt":"2025-12-13T18:47:10","guid":{"rendered":"https:\/\/www.europesays.com\/pl\/148812\/"},"modified":"2025-12-13T18:47:10","modified_gmt":"2025-12-13T18:47:10","slug":"pionki-grozny-incydent-na-komisariacie-policji-niekontrolowany-wystrzal","status":"publish","type":"post","link":"https:\/\/www.europesays.com\/pl\/148812\/","title":{"rendered":"Pionki. Gro\u017any incydent na komisariacie policji. &#8222;Niekontrolowany wystrza\u0142&#8221;"},"content":{"rendered":"<p class=\"ods-c-paragraph \">To jeden z internaut\u00f3w jako pierwszy poinformowa\u0142 redakcj\u0119 portalu TVN24 o zdarzeniu, do kt\u00f3rego mia\u0142o doj\u015b\u0107 w zesz\u0142ym tygodniu na komisariacie policji w Pionkach. Z jego relacji wynika\u0142o, \u017ce w trakcie czynno\u015bci z zatrzymanym jednej z policjantek nagle wystrzeli\u0142a bro\u0144 s\u0142u\u017cbowa.<\/p>\n<p>Dalszy ci\u0105g artyku\u0142u pod materia\u0142em wideo<\/p>\n<p> Gdzie dosz\u0142o do tego incydentu? <\/p>\n<p> Kiedy mia\u0142 miejsce ten wystrza\u0142? <\/p>\n<p> Ilu ludzi znajdowa\u0142o si\u0119 w pomieszczeniu? <\/p>\n<p> Czy kto\u015b zosta\u0142 ranny w wyniku tego incydentu? <\/p>\n<p>  Gro\u017any incydent na komisariacie policji w Pionkach. Policjantce nagle wystrzeli\u0142a bro\u0144<\/p>\n<p class=\"ods-c-paragraph \">Informacje te potwierdzi\u0142a w rozmowie z portalem TVN24 rzeczniczka prasowa Komendy Miejskiej Policji w Radomiu. Jak przekaza\u0142a, do gro\u017anego incydentu dosz\u0142o w ostatni\u0105 niedziel\u0119 7 grudnia.<\/p>\n<blockquote class=\"ods-o-quota\">\n<p class=\"ods-o-quota__paragraph\">Podczas wykonywanych czynno\u015bci w pomieszczeniu s\u0142u\u017cbowym policjantka z 25-letnim sta\u017cem w wyniku obs\u0142ugi broni doprowadzi\u0142a do niekontrolowanego wystrza\u0142u w kierunku pod\u0142ogi. W pomieszczeniu by\u0142y jeszcze dwie osoby. Nikt nie odni\u00f3s\u0142 obra\u017ce\u0144<\/p>\n<\/blockquote>\n<p class=\"ods-c-paragraph \">\u2014 poinformowa\u0142a w rozmowie z TVN24 Justyna Ja\u015bkiewicz, rzeczniczka prasowa Komendy Miejskiej Policji w Radomiu.<\/p>\n<p class=\"ods-c-paragraph \">Na miejscu zdarzenia pojawili si\u0119 funkcjonariusze Biura Spraw Wewn\u0119trznych Policji w Radomiu, a tak\u017ce technik kryminalistyki. Specjali\u015bci zabezpieczyli \u0142usk\u0119, wystrzelony nab\u00f3j, a tak\u017ce sam\u0105 bro\u0144, z kt\u00f3rej dosz\u0142o do niekontrolowanego wystrza\u0142u.<\/p>\n","protected":false},"excerpt":{"rendered":"To jeden z internaut\u00f3w jako pierwszy poinformowa\u0142 redakcj\u0119 portalu TVN24 o zdarzeniu, do kt\u00f3rego mia\u0142o doj\u015b\u0107 w zesz\u0142ym&hellip;\n","protected":false},"author":2,"featured_media":148813,"comment_status":"","ping_status":"","sticky":false,"template":"","format":"standard","meta":{"footnotes":""},"categories":[12],"tags":[32,33,36,37,27,29982,34,35,24418,28,31,48,25,46,29983,42,38,414,40,39,41,29984,47,29,30,435,26],"class_list":{"0":"post-148812","1":"post","2":"type-post","3":"status-publish","4":"format-standard","5":"has-post-thumbnail","7":"category-polska","8":"tag-breaking-news","9":"tag-breakingnews","10":"tag-featured-news","11":"tag-featurednews","12":"tag-headlines","13":"tag-komisariat","14":"tag-latest-news","15":"tag-latestnews","16":"tag-naboje","17":"tag-naglowki","18":"tag-najwazniejsze-artykuly","19":"tag-nat_styl","20":"tag-news","21":"tag-omp","22":"tag-pionki","23":"tag-pl","24":"tag-poland","25":"tag-policja","26":"tag-polish","27":"tag-polska","28":"tag-polski","29":"tag-postepowanie_dyscyplinarne","30":"tag-screening_general","31":"tag-top-stories","32":"tag-topstories","33":"tag-warszawa","34":"tag-wiadomosci"},"share_on_mastodon":{"url":"","error":""},"_links":{"self":[{"href":"https:\/\/www.europesays.com\/pl\/wp-json\/wp\/v2\/posts\/148812","targetHints":{"allow":["GET"]}}],"collection":[{"href":"https:\/\/www.europesays.com\/pl\/wp-json\/wp\/v2\/posts"}],"about":[{"href":"https:\/\/www.europesays.com\/pl\/wp-json\/wp\/v2\/types\/post"}],"author":[{"embeddable":true,"href":"https:\/\/www.europesays.com\/pl\/wp-json\/wp\/v2\/users\/2"}],"replies":[{"embeddable":true,"href":"https:\/\/www.europesays.com\/pl\/wp-json\/wp\/v2\/comments?post=148812"}],"version-history":[{"count":0,"href":"https:\/\/www.europesays.com\/pl\/wp-json\/wp\/v2\/posts\/148812\/revisions"}],"wp:featuredmedia":[{"embeddable":true,"href":"https:\/\/www.europesays.com\/pl\/wp-json\/wp\/v2\/media\/148813"}],"wp:attachment":[{"href":"https:\/\/www.europesays.com\/pl\/wp-json\/wp\/v2\/media?parent=148812"}],"wp:term":[{"taxonomy":"category","embeddable":true,"href":"https:\/\/www.europesays.com\/pl\/wp-json\/wp\/v2\/categories?post=148812"},{"taxonomy":"post_tag","embeddable":true,"href":"https:\/\/www.europesays.com\/pl\/wp-json\/wp\/v2\/tags?post=148812"}],"curies":[{"name":"wp","href":"https:\/\/api.w.org\/{rel}","templated":true}]}}