{"id":148818,"date":"2025-12-13T18:50:12","date_gmt":"2025-12-13T18:50:12","guid":{"rendered":"https:\/\/www.europesays.com\/pl\/148818\/"},"modified":"2025-12-13T18:50:12","modified_gmt":"2025-12-13T18:50:12","slug":"eurowizja-junior-2025-lawina-komentarzy-po-wystepie-polki-widzowie-wydali-werdykt-2","status":"publish","type":"post","link":"https:\/\/www.europesays.com\/pl\/148818\/","title":{"rendered":"Eurowizja Junior 2025. Lawina komentarzy po wyst\u0119pie Polki. Widzowie wydali werdykt"},"content":{"rendered":"<p class=\"ods-c-paragraph \">W tegorocznej edycji Eurowizji Junior rywalizowa\u0142o 18 kraj\u00f3w, w tym powracaj\u0105ca Chorwacja, Czarnog\u00f3ra i Azerbejd\u017can. Reprezentuj\u0105ca Polsk\u0119 12-letnia Marianna K\u0142os wyst\u0105pi\u0142a w po\u0142owie kolejki \u2014 na scenie w Tbilisi w Gruzji pojawi\u0142a si\u0119 jako dziewi\u0105ta z utworem &#8222;Brightest Light&#8221;. Zaj\u0119\u0142a 8. miejsce. Pierwsze miejsce zdoby\u0142a Lou Deleuze z Francji z utworem &#8222;Ce monde&#8221;. <\/p>\n<p><img decoding=\"async\" src=\"https:\/\/www.europesays.com\/pl\/wp-content\/uploads\/2025\/12\/Bkek9lBaHR0cHM6Ly9vY2RuLmV1L3B1bHNjbXMvTURBXy9mMTY4NDUyNGNiZGU0OGNkY2ZkNDBmOWJjNGI0MTU0Mi5qcGeRlQLNB.jpeg\" height=\"505\" width=\"940\" alt=\"Marianna K\u0142os na scenie Eurowizji Junior 2025\" loading=\"lazy\" class=\"ods-c-image__img ods-c-image__img--viewport-width\"\/><\/p>\n<p>Marianna K\u0142os na scenie Eurowizji Junior 2025Junior Eurovision \/ na prawach cytatu<\/p>\n<p class=\"ods-c-paragraph \">Fina\u0142 prowadzili David Aladashvili \u2014 znany muzyk, prezenter program\u00f3w muzycznych i dyrektor artystyczny Narodowego Pa\u0142acu M\u0142odzie\u017cy w Tbilisi \u2014 oraz Liza Tsiklauri, gruzi\u0144ska dziennikarka i prezenterka telewizyjna.<\/p>\n<p class=\"ods-c-paragraph \">Pod nagraniem z wyst\u0119pu Polki pojawi\u0142o si\u0119 wiele komentarzy.<\/p>\n<p>Dalszy ci\u0105g artyku\u0142u pod materia\u0142em wideo<\/p>\n<p> Kto reprezentuje Polsk\u0119 na Eurowizji Junior 2025? <\/p>\n<p> Jakie komentarze pojawi\u0142y si\u0119 po wyst\u0119pie Marianny K\u0142os? <\/p>\n<p> Ile kraj\u00f3w bierze udzia\u0142 w Eurowizji Junior 2025? <\/p>\n<p> Kto prowadzi fina\u0142 Eurowizji Junior w Tbilisi? <\/p>\n<p>  Eurowizja Junior 2025. Fala komentarzy po wyst\u0119pie Polki<\/p>\n<p class=\"ods-c-paragraph \">Marianna K\u0142os da\u0142a z siebie wszystko na scenie. Internauci s\u0105 pod wra\u017ceniem jej wyst\u0119pu.<\/p>\n<p class=\"ods-c-paragraph \">&#8222;Pi\u0119knie by\u0142o Marianka!&#8221;<\/p>\n<p class=\"ods-c-paragraph \">&#8222;By\u0142o przecudownie!!! Pop\u0142aka\u0142am si\u0119 podczas wyst\u0119pu&#8230;&#8221;<\/p>\n<p class=\"ods-c-paragraph \">&#8222;Super g\u0142osujemy na Polsk\u0119 po wszystkich wyst\u0119pach&#8221;<\/p>\n<p class=\"ods-c-paragraph \">&#8222;Je\u015bli tego nie wygramy, to jest to ustawione!&#8221;<\/p>\n<p class=\"ods-c-paragraph \">Polecamy: <a href=\"https:\/\/plejada.pl\/newsy\/eurowizja-junior-2025-marianna-klos-porwala-publicznosc-zobacz-jej-wystep\/h0k3rhw\" id=\"f4752b16-11f2-4fc0-bd1d-652fcd3d77ae\" rel=\"nofollow noopener\" target=\"_blank\">Tak Marianna K\u0142os porwa\u0142a publiczno\u015b\u0107. Zobacz jej wyst\u0119p z Eurowizji Junior<\/a><\/p>\n<p class=\"ods-c-paragraph \">Tak\u017ce zagraniczni widzowie s\u0105 zachwyceni talentem dziewczynki.<\/p>\n<p class=\"ods-c-paragraph \">&#8222;Prawdziwa zwyci\u0119\u017cczyni o niesamowitym g\u0142osie, jedna z uczestniczek, kt\u00f3ra opowiedzia\u0142a ca\u0142\u0105 histori\u0119 na scenie. Spos\u00f3b, w jaki \u015bpiewa, gra i w pe\u0142ni wciela si\u0119 w narracj\u0119, jest po prostu niesamowity&#8221;<\/p>\n<p class=\"ods-c-paragraph \">&#8222;Mamy zwyci\u0119\u017cczyni\u0119&#8221;<\/p>\n<p class=\"ods-c-paragraph \">&#8222;Jestem zachwycony. Co za g\u0142os i osobowo\u015b\u0107&#8221;<\/p>\n<p class=\"ods-c-paragraph \">O tym, kto zwyci\u0119\u017cy Eurowizj\u0119 Junior 2025, zadecyduj\u0105 wsp\u00f3lnie jury z poszczeg\u00f3lnych kraj\u00f3w oraz internauci. G\u0142osowanie online zostanie wznowione na 15 min po ostatnim wyst\u0119pie, a po jego zako\u0144czeniu punkty jury i publiczno\u015bci zostan\u0105 zsumowane.<\/p>\n<p class=\"ods-c-paragraph \">Dzi\u0119kujemy, \u017ce przeczyta\u0142a\u015b\/e\u015b nasz artyku\u0142 do ko\u0144ca. W serwisie Plejada.pl ka\u017cdego dnia piszemy o najwa\u017cniejszych wydarzeniach show-biznesowych. B\u0105d\u017a na bie\u017c\u0105co! <a rel=\"nofollow noopener\" href=\"https:\/\/profile.google.com\/cp\/Cg0vZy8xMWJ6X19wdHBx\" id=\"16eaa034-3479-4ae4-aa87-c3f323951fdf\" target=\"_blank\">Obserwuj<\/a> Plejad\u0119 w Google. Odwied\u017a nas tak\u017ce na <a rel=\"nofollow noopener\" href=\"https:\/\/www.facebook.com\/plejadapl\" id=\"c3194a52-3a3e-42d9-a158-3da45c4258b2\" target=\"_blank\">Facebooku<\/a>, <a rel=\"nofollow noopener\" href=\"https:\/\/www.instagram.com\/plejadapl\/\" id=\"9eb46793-ec4f-4256-accb-7e4acf81fba3\" target=\"_blank\">Instagramie<\/a>, <a rel=\"nofollow noopener\" href=\"https:\/\/www.youtube.com\/c\/plejada\" id=\"f8cd62fd-4ff6-4aa6-b5ef-4eafac33217a\" target=\"_blank\">YouTubie<\/a> oraz <a rel=\"nofollow noopener\" href=\"https:\/\/www.tiktok.com\/@plejada_pl\" id=\"1eac3a18-79c8-4285-b266-e2b277f2d65e\" target=\"_blank\">TikToku<\/a>.<\/p>\n<p class=\"ods-c-paragraph \">Chcesz podzieli\u0107 si\u0119 ciekawym newsem lub zaproponowa\u0107 temat? Skontaktuj si\u0119 z nami, pisz\u0105c maila na adres: <a rel=\"nofollow noopener\" href=\"https:\/\/plejada.pl\/newsy\/eurowizja-junior-2025-lawina-komentarzy-po-wystepie-polki-widzowie-wydali-werdykt\/mailto:plejada@redakcjaonet.pl\" id=\"1f842137-c8c2-4628-91ab-3bc33e88a3aa\" target=\"_blank\">plejada@redakcjaon<\/a><a rel=\"nofollow noopener\" href=\"https:\/\/et.pl\/\" id=\"42eaab26-5999-4288-a355-27e4cad955d4\" target=\"_blank\">et.pl<\/a>.<\/p>\n<p><script async src=\"\/\/www.instagram.com\/embed.js\"><\/script><script async src=\"\/\/www.tiktok.com\/embed.js\"><\/script><\/p>\n","protected":false},"excerpt":{"rendered":"W tegorocznej edycji Eurowizji Junior rywalizowa\u0142o 18 kraj\u00f3w, w tym powracaj\u0105ca Chorwacja, Czarnog\u00f3ra i Azerbejd\u017can. Reprezentuj\u0105ca Polsk\u0119 12-letnia&hellip;\n","protected":false},"author":2,"featured_media":148819,"comment_status":"","ping_status":"","sticky":false,"template":"","format":"standard","meta":{"footnotes":""},"categories":[22],"tags":[122,29907,48,125,46,42,38,40,39,41,25199,123,47],"class_list":{"0":"post-148818","1":"post","2":"type-post","3":"status-publish","4":"format-standard","5":"has-post-thumbnail","7":"category-rozrywka","8":"tag-entertainment","9":"tag-eurowizja_junior","10":"tag-nat_styl","11":"tag-newsy","12":"tag-omp","13":"tag-pl","14":"tag-poland","15":"tag-polish","16":"tag-polska","17":"tag-polski","18":"tag-rebrand_ai_tst1","19":"tag-rozrywka","20":"tag-screening_general"},"share_on_mastodon":{"url":"https:\/\/pubeurope.com\/@pl\/115713765133016299","error":""},"_links":{"self":[{"href":"https:\/\/www.europesays.com\/pl\/wp-json\/wp\/v2\/posts\/148818","targetHints":{"allow":["GET"]}}],"collection":[{"href":"https:\/\/www.europesays.com\/pl\/wp-json\/wp\/v2\/posts"}],"about":[{"href":"https:\/\/www.europesays.com\/pl\/wp-json\/wp\/v2\/types\/post"}],"author":[{"embeddable":true,"href":"https:\/\/www.europesays.com\/pl\/wp-json\/wp\/v2\/users\/2"}],"replies":[{"embeddable":true,"href":"https:\/\/www.europesays.com\/pl\/wp-json\/wp\/v2\/comments?post=148818"}],"version-history":[{"count":0,"href":"https:\/\/www.europesays.com\/pl\/wp-json\/wp\/v2\/posts\/148818\/revisions"}],"wp:featuredmedia":[{"embeddable":true,"href":"https:\/\/www.europesays.com\/pl\/wp-json\/wp\/v2\/media\/148819"}],"wp:attachment":[{"href":"https:\/\/www.europesays.com\/pl\/wp-json\/wp\/v2\/media?parent=148818"}],"wp:term":[{"taxonomy":"category","embeddable":true,"href":"https:\/\/www.europesays.com\/pl\/wp-json\/wp\/v2\/categories?post=148818"},{"taxonomy":"post_tag","embeddable":true,"href":"https:\/\/www.europesays.com\/pl\/wp-json\/wp\/v2\/tags?post=148818"}],"curies":[{"name":"wp","href":"https:\/\/api.w.org\/{rel}","templated":true}]}}