{"id":148824,"date":"2025-12-13T18:54:22","date_gmt":"2025-12-13T18:54:22","guid":{"rendered":"https:\/\/www.europesays.com\/pl\/148824\/"},"modified":"2025-12-13T18:54:22","modified_gmt":"2025-12-13T18:54:22","slug":"ludzie-wchodza-na-drzewa-i-opukuja-je-jest-w-tym-pewna-metoda","status":"publish","type":"post","link":"https:\/\/www.europesays.com\/pl\/148824\/","title":{"rendered":"Ludzie wchodz\u0105 na drzewa i opukuj\u0105 je. Jest w tym pewna metoda"},"content":{"rendered":"<ul class=\"typography ids-typeset-body ids-typeset-body--preset-large list ids-list ids-list--unordered ids-list--size-large \" datatype=\"disc\">\n<li class=\"ids-list-item\">\n<p>Dendrologowie u\u017cywaj\u0105 m\u0142otk\u00f3w akustycznych do oceny zdrowia drzew po d\u017awi\u0119ku pnia.<\/p>\n<\/li>\n<li class=\"ids-list-item\">\n<p>Jesieni\u0105 \u0142atwiej oceni\u0107 stan drzew, poniewa\u017c brak li\u015bci i brak mroz\u00f3w u\u0142atwiaj\u0105 badania.<\/p>\n<\/li>\n<li class=\"ids-list-item\">\n<p>W Warszawie regularnie przeprowadza si\u0119 inspekcje drzew, nadaje im PESEL i monitoruje ich kondycj\u0119 po zimie.<\/p>\n<\/li>\n<li class=\"ids-list-item\">Wi\u0119cej podobnych informacji znajdziesz na <a class=\"ids-undecorated-link link ids-link link\" href=\"https:\/\/zielona.interia.pl\/#utm_source=Zielona%20Interia&amp;utm_medium=bullet&amp;utm_campaign=powrot_z_wew&amp;iwa_source=bullet\" target=\"_blank\" rel=\"nofollow noopener\">stronie g\u0142\u00f3wnej serwisu<\/a><\/li>\n<\/ul>\n<p class=\"typography ids-typeset-body ids-typeset-body--preset-large link paragraph ids-paragraph ids-paragraph--default\">Taki widok w warszawskich parkach o tej porze roku jest do\u015b\u0107 zaskakuj\u0105cy. Sto\u0142eczni dendrologowie z sondami arborystycznymi i m\u0142otkami akustycznymi wchodz\u0105 na drzewa i pukaj\u0105 w ich pnie. Po d\u017awi\u0119ku oceniaj\u0105 zdrowie drzew.<\/p>\n<p class=\"typography ids-typeset-body ids-typeset-body--preset-large link paragraph ids-paragraph ids-paragraph--default\">&#8211; To badanie nam pozwala sprawdzi\u0107 stan pnia wewn\u0105trz, bo niestety z zewn\u0105trz wszystkiego nie zobaczymy. S\u0105 cechy diagnostyczne, kt\u00f3re wskazuj\u0105 na pogorszenie stanu &#8211; wyja\u015bnia Milena Suchodolska-Kwas z Zarz\u0105du Zieleni miasta sto\u0142ecznego Warszawa.<\/p>\n<p class=\"typography ids-typeset-body ids-typeset-body--preset-large link paragraph ids-paragraph ids-paragraph--default\">Ekipa filmowa Polsatu towarzyszy\u0142a dendrologom w jednej z ostatnich inspekcji drzew przed zim\u0105. Teraz wszystko wida\u0107 jak na d\u0142oni, bo li\u015bcie opad\u0142y i jeszcze nie ma mroz\u00f3w. Tam gdzie nie si\u0119ga wzrok przyda si\u0119 sonda arborystyczna.<\/p>\n<p class=\"typography ids-typeset-body ids-typeset-body--preset-large link paragraph ids-paragraph ids-paragraph--default\">&#8211; Mo\u017cemy zobaczy\u0107 czy ta tkanka drzewa, kt\u00f3r\u0105 badamy jest twarda, czy nie ma tam rozk\u0142adu &#8211; m\u00f3wi Katarzyna Deda, dendrolo\u017cka z Zarz\u0105du Zieleni miasta sto\u0142ecznego Warszawa.<\/p>\n<p>Je\u015bli sonda napotka op\u00f3r, to dobrze<\/p>\n<p class=\"typography ids-typeset-body ids-typeset-body--preset-large link paragraph ids-paragraph ids-paragraph--default\">Je\u015bli sonda napotyka op\u00f3r &#8211; drzewo jest zdrowe. Je\u015bli wchodzi g\u0142\u0119boko, to znak \u017ce grzyby rozk\u0142adaj\u0105 drzewo od wewn\u0105trz. Wtedy wyst\u0119puje jeszcze charakterystyczny d\u017awi\u0119k.<\/p>\n<p class=\"typography ids-typeset-body ids-typeset-body--preset-large link paragraph ids-paragraph ids-paragraph--default\">&#8211; Szczeg\u00f3lnie zdradliwy jest tak zwany bia\u0142y rozk\u0142ad rozdrewna, bo na zewn\u0105trz nie daje objaw\u00f3w &#8211; opisuje Katarzyna Deda. Jest bardzo gro\u017any, bo rozk\u0142ada drewno w ca\u0142o\u015bci, nie zostawiaj\u0105c drzewu \u017cadnego oparcia w tym miejscu. Chore drzewo rozpada si\u0119 od \u015brodka. Zainfekowane drewno kruszy si\u0119 w d\u0142oniach. W wi\u0119kszo\u015bci przypadk\u00f3w z zewn\u0105trz nic nie wida\u0107 i wtedy przydaje si\u0119 m\u0142otek.<\/p>\n<p><img decoding=\"async\" class=\"ids-image-holder__img\" loading=\"lazy\" alt=\"Osoba ubrana w profesjonalny sprz\u0119t do wspinaczki drzewnej wspina si\u0119 po wysokim pniu drzewa otoczonym z\u0142ocistymi, jesiennymi li\u015b\u0107mi. \u015awiat\u0142o przebija si\u0119 przez koron\u0119 drzewa, tworz\u0105c ciep\u0142y i jasny klimat.\" title=\"Badania stanu drzew odbywa si\u0119 na ich pniach\" width=\"1331\" height=\"2000\" src=\"https:\/\/www.europesays.com\/pl\/wp-content\/uploads\/2025\/12\/000M2LOYLS7KC0YT-C125-F4.webp.webp\"\/><\/p>\n<p>Badania stanu drzew odbywa si\u0119 na ich pniachErber, HermannEast News<\/p>\n<p class=\"typography ids-typeset-body ids-typeset-body--preset-large link paragraph ids-paragraph ids-paragraph--default\">Milena Suchodolska-Kwas dodaje: &#8211; Charakterystyczny d\u017awi\u0119k m\u00f3wi o tym \u017ce mamy rozk\u0142ad w nabiegu. Nabieg korzeniowy to cz\u0119\u015b\u0107, kt\u00f3ra \u0142\u0105czy pie\u0144 z korzeniem. Charakterystyczne fa\u0142dy przy ziemi, kt\u00f3re te\u017c mo\u017ce zainfekowa\u0107 niebezpieczny grzyb i zmieni\u0107 je w g\u0105bk\u0119. W takich przypadkach musimy wykonywa\u0107 specjalistyczn\u0105 ocen\u0119 instrumentaln\u0105. Musimy zbada\u0107 drzewo pod k\u0105tem stabilno\u015bci, bo tu ju\u017c istnieje ryzyko \u017ce ta stabilno\u015b\u0107 jest zachwiana.<\/p>\n<p>Drzewa dostaj\u0105 sw\u00f3j w\u0142asny PESEL<\/p>\n<p class=\"typography ids-typeset-body ids-typeset-body--preset-large link paragraph ids-paragraph ids-paragraph--default\">Ka\u017cde przebadane przez sto\u0142ecznych dendrolog\u00f3w drzewo ma potem swoj\u0105 kart\u0119 zdrowia oraz sw\u00f3j drzewny PESEL. W Warszawie nadano ich ju\u017c ponad 400 tysi\u0119cy. Drzewa- jak ludzie- te\u017c potem przechodz\u0105 kresowe badania kontrolne.<\/p>\n<p class=\"typography ids-typeset-body ids-typeset-body--preset-large link paragraph ids-paragraph ids-paragraph--default\">Warszawa jako pierwsza w Polsce mia\u0142a map\u0119 koron drzew. To wielka kartoteka zdrowia drzew stolicy z ponad dziewi\u0119cioma milionami okaz\u00f3w.<\/p>\n<p class=\"typography ids-typeset-body ids-typeset-body--preset-large link paragraph ids-paragraph ids-paragraph--default\">&#8211; Og\u00f3lny wniosek jest taki \u017ce drzewa nie s\u0105 w zbyt dobrej kondycji. Warunki miejskie s\u0105 bardzo trudne, lepiej si\u0119 maj\u0105 drzewa parkowe, bo warunki s\u0105 tu o wiele lepsze, najgorzej maj\u0105 drzewa przyuliczne, to jest ogromny stres dla drzew &#8211; przyznaje Milena Suchodolska-Kwas. Kolejne inspekcje dendrologiczne dopiero wiosn\u0105. Wtedy oka\u017ce si\u0119 w jakim stanie s\u0105 drzewa po zimie i kt\u00f3rymi trzeba si\u0119 zaj\u0105\u0107 w pierwszej kolejno\u015bci.<\/p>\n<p>To rekordzi\u015bci w\u015br\u00f3d polskich drzew. Zupe\u0142ne unikaty. Znasz je?<img decoding=\"async\" class=\"ids-image-holder__img\" loading=\"lazy\" alt=\"\" title=\"\" width=\"625\" height=\"352\" src=\"https:\/\/www.europesays.com\/pl\/wp-content\/uploads\/2025\/12\/000KONV7CUAWPU57-C432.webp.webp\"\/>Rozpocznij quiz<\/p>\n<p>Co s\u0142ycha\u0107 pod kor\u0105? Dendrolodzy os\u0142uchuj\u0105 drzewaCzysta Polska<\/p>\n<p>Masz sugestie, uwagi albo widzisz b\u0142\u0105d? Napisz do nas<\/p>\n","protected":false},"excerpt":{"rendered":"Dendrologowie u\u017cywaj\u0105 m\u0142otk\u00f3w akustycznych do oceny zdrowia drzew po d\u017awi\u0119ku pnia. Jesieni\u0105 \u0142atwiej oceni\u0107 stan drzew, poniewa\u017c brak&hellip;\n","protected":false},"author":2,"featured_media":148825,"comment_status":"","ping_status":"","sticky":false,"template":"","format":"standard","meta":{"footnotes":""},"categories":[12],"tags":[32,33,36,37,27,34,35,28,31,25,42,38,40,39,41,29,30,26],"class_list":{"0":"post-148824","1":"post","2":"type-post","3":"status-publish","4":"format-standard","5":"has-post-thumbnail","7":"category-polska","8":"tag-breaking-news","9":"tag-breakingnews","10":"tag-featured-news","11":"tag-featurednews","12":"tag-headlines","13":"tag-latest-news","14":"tag-latestnews","15":"tag-naglowki","16":"tag-najwazniejsze-artykuly","17":"tag-news","18":"tag-pl","19":"tag-poland","20":"tag-polish","21":"tag-polska","22":"tag-polski","23":"tag-top-stories","24":"tag-topstories","25":"tag-wiadomosci"},"share_on_mastodon":{"url":"https:\/\/pubeurope.com\/@pl\/115713780579999113","error":""},"_links":{"self":[{"href":"https:\/\/www.europesays.com\/pl\/wp-json\/wp\/v2\/posts\/148824","targetHints":{"allow":["GET"]}}],"collection":[{"href":"https:\/\/www.europesays.com\/pl\/wp-json\/wp\/v2\/posts"}],"about":[{"href":"https:\/\/www.europesays.com\/pl\/wp-json\/wp\/v2\/types\/post"}],"author":[{"embeddable":true,"href":"https:\/\/www.europesays.com\/pl\/wp-json\/wp\/v2\/users\/2"}],"replies":[{"embeddable":true,"href":"https:\/\/www.europesays.com\/pl\/wp-json\/wp\/v2\/comments?post=148824"}],"version-history":[{"count":0,"href":"https:\/\/www.europesays.com\/pl\/wp-json\/wp\/v2\/posts\/148824\/revisions"}],"wp:featuredmedia":[{"embeddable":true,"href":"https:\/\/www.europesays.com\/pl\/wp-json\/wp\/v2\/media\/148825"}],"wp:attachment":[{"href":"https:\/\/www.europesays.com\/pl\/wp-json\/wp\/v2\/media?parent=148824"}],"wp:term":[{"taxonomy":"category","embeddable":true,"href":"https:\/\/www.europesays.com\/pl\/wp-json\/wp\/v2\/categories?post=148824"},{"taxonomy":"post_tag","embeddable":true,"href":"https:\/\/www.europesays.com\/pl\/wp-json\/wp\/v2\/tags?post=148824"}],"curies":[{"name":"wp","href":"https:\/\/api.w.org\/{rel}","templated":true}]}}