{"id":148838,"date":"2025-12-13T19:03:13","date_gmt":"2025-12-13T19:03:13","guid":{"rendered":"https:\/\/www.europesays.com\/pl\/148838\/"},"modified":"2025-12-13T19:03:13","modified_gmt":"2025-12-13T19:03:13","slug":"bedzie-rekord-ekstraklasy-wygadal-sie-w-sprawie-transferow-widzewa-przegladsportowy-onet-pl","status":"publish","type":"post","link":"https:\/\/www.europesays.com\/pl\/148838\/","title":{"rendered":"B\u0119dzie rekord Ekstraklasy! Wygada\u0142 si\u0119 w sprawie transfer\u00f3w Widzewa &#8211; przegladsportowy.onet.pl"},"content":{"rendered":"<ol>\n<li><a href=\"https:\/\/news.google.com\/rss\/articles\/CBMiywFBVV95cUxOa01ySmVJR1FmNU9oM3JPdU5HcVNEc19ibmMtM09HRHpRWVktWUFacm5MN1BVdHdaQUxoSEVvOFlkOENFZ3kwUWl4SHZ4THllRVA5Mk1UVk12aTk2eE9xUG9aSjVpMEtaLW9Wa2hPOTdNdVhORFRETnl5a1RsS1l3X3dLNTU5MTMyMHNsZndXamlzVjN1RnhKWndPN29CQlU4cWVQZ2o2NWZmZmR2X2pzcjNaN2FpNGxtcUZpWTBYNDloMzdydDNiX05Sdw?oc=5\" target=\"_blank\" rel=\"nofollow noopener\">B\u0119dzie rekord Ekstraklasy! Wygada\u0142 si\u0119 w sprawie transfer\u00f3w Widzewa<\/a>&nbsp;&nbsp;przegladsportowy.onet.pl<\/li>\n<li><a href=\"https:\/\/news.google.com\/rss\/articles\/CBMirwFBVV95cUxQRFpuWTJ1aXdUcVhfRWtHR1hwTXgta2gtMThWOG1xdEtFaVVOYzhVNU9HZDRvNnlNTXBJUjNHVDlMODBwSTh0QUpQOVhZczZHSF9vVEJSZVNJMDFfX0tsbmNxa1NNNHBhVFRJZV9mc2drWkM3Um1QQ2JhRkFmajBOMVBwbHd1SXhnSk10WDlNNWlxUUFld0RTZElqdjVIeVZEbVhiU1dNQ2tmN2dwVjh3?oc=5\" target=\"_blank\" rel=\"nofollow noopener\">Media. Widzew blisko kolejnego transferu. To napastnik z Jamajki<\/a>&nbsp;&nbsp;SportoweFakty<\/li>\n<li><a href=\"https:\/\/news.google.com\/rss\/articles\/CBMiqgFBVV95cUxOMXhhTktRZ1BMY0hpYnpBcFhTTWM1QXdQcFBLM0h2VHlHdzNDZTBzbnBxZ251QjlmNWhWMWgtWEJ4UmEyQzNFY1dPRk9VTjBJRkVGeDZmY3FCbngtbTJaRW83MHd0S2MxeTM1SFJXV2Fsb3dZS1ltQTF6bmZONDFvbk85NEJhQnJRc20xTkRjaFkzSW5XcjFjOU95U1RqNE94dU8yNnI1bldVdw?oc=5\" target=\"_blank\" rel=\"nofollow noopener\">Mieli by\u0107 Polacy, b\u0119dzie Jamajczyk. Widzew zadziwia zakupami<\/a>&nbsp;&nbsp;Meczyki.pl<\/li>\n<li><a href=\"https:\/\/news.google.com\/rss\/articles\/CBMiqwFBVV95cUxNR2pkMzYwRnE4UmdBdTUyeE1yOWtPYW96VUNZNFBBc3lVb2dUZHRGVFl1ZVE4dW5lZTczeS1WQWFqVF9CUVZXcUVjVFJzYUVXdklfZkdTaDhWVE1zYnZxS2FXWXRvMjR4YktLODhhVHR2OUoyRzdPVFhfSV84SU9ROWhCWHRBc2h1OFUzNURPV3ZZOUFZR05TaWJqN1VCUUZnYlp6MERrbFBsTDg?oc=5\" target=\"_blank\" rel=\"nofollow noopener\">B\u0119dzie rekord! \u017baden polski klub nie wyda\u0142 takich pieni\u0119dzy. &#8222;To kosmos&#8221;<\/a>&nbsp;&nbsp;Sport.pl<\/li>\n<li><a href=\"https:\/\/news.google.com\/rss\/articles\/CBMigAFBVV95cUxOb1NHa1dnbFhVdkJiY3gtR29lVVQ5OG1FWUx3NjluVlEyUDBnTVI1cFNxTUNKcldzNUNaVzc4bUQtRFBXMl9jUFVUTXhPdXFPR1hSRW41LS1YMDNHc3dsSzdpSmJHeG10OFd0SFlKTVB0ODJ0eUY4TE1lYWNaamtiWg?oc=5\" target=\"_blank\" rel=\"nofollow noopener\">W rytmie reggae. Norman Campbell do\u0142\u0105czy do Widzewa [NEWS]<\/a>&nbsp;&nbsp;weszlo.com<\/li>\n<\/ol>\n","protected":false},"excerpt":{"rendered":"B\u0119dzie rekord Ekstraklasy! Wygada\u0142 si\u0119 w sprawie transfer\u00f3w Widzewa&nbsp;&nbsp;przegladsportowy.onet.pl Media. Widzew blisko kolejnego transferu. To napastnik z Jamajki&nbsp;&nbsp;SportoweFakty&hellip;\n","protected":false},"author":2,"featured_media":148839,"comment_status":"","ping_status":"","sticky":false,"template":"","format":"standard","meta":{"footnotes":""},"categories":[5],"tags":[32,33,274,36,37,27,67,34,35,746,28,31,25,42,38,40,39,41,136,128,9096,47,135,29,30,26,130,3469],"class_list":{"0":"post-148838","1":"post","2":"type-post","3":"status-publish","4":"format-standard","5":"has-post-thumbnail","7":"category-naglowki","8":"tag-breaking-news","9":"tag-breakingnews","10":"tag-ekstraklasa","11":"tag-featured-news","12":"tag-featurednews","13":"tag-headlines","14":"tag-intextvideo_splayer","15":"tag-latest-news","16":"tag-latestnews","17":"tag-lysy","18":"tag-naglowki","19":"tag-najwazniejsze-artykuly","20":"tag-news","21":"tag-pl","22":"tag-poland","23":"tag-polish","24":"tag-polska","25":"tag-polski","26":"tag-ps_detal_new","27":"tag-psv2","28":"tag-robert_dobrzycki","29":"tag-screening_general","30":"tag-sport_sport","31":"tag-top-stories","32":"tag-topstories","33":"tag-wiadomosci","34":"tag-wiadomosci_sportowe","35":"tag-widzew_lodz"},"share_on_mastodon":{"url":"https:\/\/pubeurope.com\/@pl\/115713815810454654","error":""},"_links":{"self":[{"href":"https:\/\/www.europesays.com\/pl\/wp-json\/wp\/v2\/posts\/148838","targetHints":{"allow":["GET"]}}],"collection":[{"href":"https:\/\/www.europesays.com\/pl\/wp-json\/wp\/v2\/posts"}],"about":[{"href":"https:\/\/www.europesays.com\/pl\/wp-json\/wp\/v2\/types\/post"}],"author":[{"embeddable":true,"href":"https:\/\/www.europesays.com\/pl\/wp-json\/wp\/v2\/users\/2"}],"replies":[{"embeddable":true,"href":"https:\/\/www.europesays.com\/pl\/wp-json\/wp\/v2\/comments?post=148838"}],"version-history":[{"count":0,"href":"https:\/\/www.europesays.com\/pl\/wp-json\/wp\/v2\/posts\/148838\/revisions"}],"wp:featuredmedia":[{"embeddable":true,"href":"https:\/\/www.europesays.com\/pl\/wp-json\/wp\/v2\/media\/148839"}],"wp:attachment":[{"href":"https:\/\/www.europesays.com\/pl\/wp-json\/wp\/v2\/media?parent=148838"}],"wp:term":[{"taxonomy":"category","embeddable":true,"href":"https:\/\/www.europesays.com\/pl\/wp-json\/wp\/v2\/categories?post=148838"},{"taxonomy":"post_tag","embeddable":true,"href":"https:\/\/www.europesays.com\/pl\/wp-json\/wp\/v2\/tags?post=148838"}],"curies":[{"name":"wp","href":"https:\/\/api.w.org\/{rel}","templated":true}]}}