{"id":148848,"date":"2025-12-13T19:08:13","date_gmt":"2025-12-13T19:08:13","guid":{"rendered":"https:\/\/www.europesays.com\/pl\/148848\/"},"modified":"2025-12-13T19:08:13","modified_gmt":"2025-12-13T19:08:13","slug":"atak-nozownika-w-niemczech-20-latek-zatrzymany-po-10-godzinach-oblawy","status":"publish","type":"post","link":"https:\/\/www.europesays.com\/pl\/148848\/","title":{"rendered":"Atak no\u017cownika w Niemczech. 20-latek zatrzymany po 10 godzinach ob\u0142awy"},"content":{"rendered":"<p class=\"article-p\" data-section=\"detail-body\">Do dramatycznych wydarze\u0144 dosz\u0142o w sobot\u0119, 13 grudnia, oko\u0142o godz. 5.30 rano. Jak poda\u0142a policja, <a href=\"https:\/\/www.fakt.pl\/wydarzenia\/swiat\/atak-nozownika-w-bergkamen-mial-ranic-matke-z-dziecmi\/z6jprvr\" id=\"22414af2-5860-459d-bb2c-484a2a83c4a6\" rel=\"nofollow noopener\" target=\"_blank\">w jednym z mieszka\u0144 <\/a>w Bergkamen w Zag\u0142\u0119biu Ruhry zaatakowana zosta\u0142a 26-letnia kobieta oraz jej czworo dzieci w wieku od 3 do 8 lat. Napastnik u\u017cy\u0142 no\u017ca. Ofiary z ci\u0119\u017ckimi obra\u017ceniami trafi\u0142y do szpitali.<\/p>\n<p class=\"article-p\" data-section=\"detail-body\">Po ataku 20-latek zbieg\u0142 z miejsca zdarzenia. Policja natychmiast rozpocz\u0119\u0142a szeroko zakrojon\u0105 akcj\u0119 poszukiwawcz\u0105. Teren wok\u00f3\u0142 bloku zosta\u0142 zamkni\u0119ty. <a href=\"https:\/\/www.fakt.pl\/wydarzenia\/kalety-grozny-wypadek-na-budowie-ladowal-smiglowiec-lpr\/w5fehbt\" id=\"54ed389a-ad7b-4863-86a2-49d10d8cb040\" rel=\"nofollow noopener\" target=\"_blank\">Nad osiedlem kr\u0105\u017cy\u0142 \u015bmig\u0142owiec.<\/a><\/p>\n<p class=\"article-p\" data-section=\"detail-body\">Po\u015bcig za podejrzanym trwa\u0142 oko\u0142o 10 godzin. W mediach opublikowano jego rysopis oraz zdj\u0119cie z policyjnego komunikatu. Poszukiwanego opisywano jako m\u0119\u017cczyzn\u0119 oko\u0142o 185 cm wzrostu, szczup\u0142ej budowy cia\u0142a, z trzydniowym zarostem, w bia\u0142ej czapce, okularach i ciemnym ubraniu.<\/p>\n<p class=\"article-p\" data-section=\"detail-body\">Podejrzany zosta\u0142 ostatecznie zatrzymany w piwnicy jednego z budynk\u00f3w mieszkalnych w tym samym mie\u015bcie.<\/p>\n<p>        Co wiadomo z ustale\u0144 policji<\/p>\n<p class=\"article-p\" data-section=\"detail-body\">Policja potwierdzi\u0142a, \u017ce wszystkie ofiary zosta\u0142y przewiezione do szpitali. Stan matki i jednego z dzieci okre\u015blano jako krytyczny. \u015aledczy zabezpieczyli mieszkanie, gdzie dosz\u0142o do napa\u015bci. Na miejscu pracowali<a href=\"https:\/\/www.fakt.pl\/wydarzenia\/polska\/trojmiasto\/czy-on-znal-iwone-wieczorek-mogl-wiedziec-o-niej-wiecej\/hfj89ye\" id=\"a86eb7ec-d0d5-43a5-be99-23491f069407\" rel=\"nofollow noopener\" target=\"_blank\"> technicy kryminalni.<\/a><\/p>\n<p>        Nowe informacje ujawnia BILD<\/p>\n<p class=\"article-p\" data-section=\"detail-body\">Jak ustali\u0142 dziennik &#8222;BILD&#8221;, napastnik mia\u0142 by\u0107 znajomym matki i nocowa\u0142 w mieszkaniu przed atakiem. Kobieta od kilku lat mieszka\u0142a tam sama z dzie\u0107mi, na si\u00f3dmym pi\u0119trze bloku. Funkcjonariusze nie podali motywu ataku, t\u0142umacz\u0105c to dobrem \u015bledztwa.<\/p>\n<p>        \/1<\/p>\n<p>                    <img decoding=\"async\" class=\"article-image-img\" loading=\"lazy\" alt=\"\" src=\"https:\/\/www.europesays.com\/pl\/wp-content\/uploads\/2025\/12\/NC1k9kpTURBXy9hZGUxODM0ZDQ1NTJlMjRhNzQ5N2E5NjYzNzE4ZjUwNi5qcGeRkwLNA0jNAdbeAAKhMAGhMQE.jpeg\" width=\"840\" height=\"470\"\/><\/p>\n<p>                  Materia\u0142y policyjne  \u0179r\u00f3d\u0142o: 123RF<\/p>\n<p class=\"article-gallery-p\">\n        20-latek podejrzany o atak w Niemczech.\n    <\/p>\n","protected":false},"excerpt":{"rendered":"Do dramatycznych wydarze\u0144 dosz\u0142o w sobot\u0119, 13 grudnia, oko\u0142o godz. 5.30 rano. Jak poda\u0142a policja, w jednym z&hellip;\n","protected":false},"author":2,"featured_media":148849,"comment_status":"","ping_status":"","sticky":false,"template":"","format":"standard","meta":{"footnotes":""},"categories":[14],"tags":[32,33,27,34,35,28,31,25,40,41,80,29,30,26,82,83,84],"class_list":{"0":"post-148848","1":"post","2":"type-post","3":"status-publish","4":"format-standard","5":"has-post-thumbnail","7":"category-swiat","8":"tag-breaking-news","9":"tag-breakingnews","10":"tag-headlines","11":"tag-latest-news","12":"tag-latestnews","13":"tag-naglowki","14":"tag-najwazniejsze-artykuly","15":"tag-news","16":"tag-polish","17":"tag-polski","18":"tag-swiat","19":"tag-top-stories","20":"tag-topstories","21":"tag-wiadomosci","22":"tag-world","23":"tag-world-news","24":"tag-worldnews"},"share_on_mastodon":{"url":"https:\/\/pubeurope.com\/@pl\/115713835821785570","error":""},"_links":{"self":[{"href":"https:\/\/www.europesays.com\/pl\/wp-json\/wp\/v2\/posts\/148848","targetHints":{"allow":["GET"]}}],"collection":[{"href":"https:\/\/www.europesays.com\/pl\/wp-json\/wp\/v2\/posts"}],"about":[{"href":"https:\/\/www.europesays.com\/pl\/wp-json\/wp\/v2\/types\/post"}],"author":[{"embeddable":true,"href":"https:\/\/www.europesays.com\/pl\/wp-json\/wp\/v2\/users\/2"}],"replies":[{"embeddable":true,"href":"https:\/\/www.europesays.com\/pl\/wp-json\/wp\/v2\/comments?post=148848"}],"version-history":[{"count":0,"href":"https:\/\/www.europesays.com\/pl\/wp-json\/wp\/v2\/posts\/148848\/revisions"}],"wp:featuredmedia":[{"embeddable":true,"href":"https:\/\/www.europesays.com\/pl\/wp-json\/wp\/v2\/media\/148849"}],"wp:attachment":[{"href":"https:\/\/www.europesays.com\/pl\/wp-json\/wp\/v2\/media?parent=148848"}],"wp:term":[{"taxonomy":"category","embeddable":true,"href":"https:\/\/www.europesays.com\/pl\/wp-json\/wp\/v2\/categories?post=148848"},{"taxonomy":"post_tag","embeddable":true,"href":"https:\/\/www.europesays.com\/pl\/wp-json\/wp\/v2\/tags?post=148848"}],"curies":[{"name":"wp","href":"https:\/\/api.w.org\/{rel}","templated":true}]}}