{"id":148860,"date":"2025-12-13T19:16:14","date_gmt":"2025-12-13T19:16:14","guid":{"rendered":"https:\/\/www.europesays.com\/pl\/148860\/"},"modified":"2025-12-13T19:16:14","modified_gmt":"2025-12-13T19:16:14","slug":"przepolowione-cialo-w-zbiorniku-na-deszczowke-makabryczna-zbrodnia","status":"publish","type":"post","link":"https:\/\/www.europesays.com\/pl\/148860\/","title":{"rendered":"Przepo\u0142owione cia\u0142o w zbiorniku na deszcz\u00f3wk\u0119. Makabryczna zbrodnia"},"content":{"rendered":"<p>10 lipca 49-letni Micha\u0142 K. wyjecha\u0142 z\u00a0domu w\u00a0Che\u0142mie \u015al\u0105skim, dotar\u0142 do domu 65-letniego J\u00f3zefa G. i\u00a0\u015blad po nim zagin\u0105\u0142. Pozosta\u0142 po nim tylko rower.<\/p>\n<p>W poszukiwania zaanga\u017cowali si\u0119 brat i\u00a0siostra Micha\u0142a. Odwiedzili dom jego kolegi. Okaza\u0142o si\u0119, \u017ce w\u00a0dniu zagini\u0119cia by\u0142a tam policja. M\u0119\u017cczyzna mia\u0142 bowiem nieuzasadnienie wezwa\u0107 karetk\u0119 pogotowia do swojej partnerki. <\/p>\n<p>&#8211; Tak czy siak, funkcjonariusze zastali w\u00f3wczas mojego brata na posesji. Co by\u0142o potem? Znajomy brata utrzymuje, \u017ce nic nie pami\u0119ta. Nie potrafi nam powiedzie\u0107, co si\u0119 sta\u0142o z\u00a0bratem, czy m\u00f3wi\u0142, gdzie si\u0119 udaje, a\u00a0je\u015bli opu\u015bci\u0142 posesj\u0119, to czemu nie zabra\u0142 roweru? &#8211;\u00a0m\u00f3wi\u0142 &#8222;Super Expressowi&#8221; brat zaginionego.<\/p>\n<p>11 grudnia policja zn\u00f3w pojawi\u0142a si\u0119 na posesji znajomego Micha\u0142a K., razem ze stra\u017cakami, kt\u00f3rzy wypompowali wod\u0119 ze zbiornika na deszcz\u00f3wk\u0119. Jak podaje &#8222;Super Express&#8221;, znaleziono tam przeci\u0119te na p\u00f3\u0142 zw\u0142oki 49-latka.<\/p>\n<p>Policja zatrzyma\u0142a J\u00f3zefa G. M\u0119\u017cczyzna jest podejrzany o\u00a0zamordowanie 49-latka. Na razie nie wiadomo, co dok\u0142adnie wydarzy\u0142o si\u0119 na posesji. <\/p>\n<p>Jak opisuje &#8222;Super Express&#8221;, zab\u00f3jca mia\u0142 wytaszczy\u0107 cia\u0142o na podw\u00f3rko, a\u00a0nast\u0119pnie przepo\u0142owi\u0107 je pi\u0142\u0105 mechaniczn\u0105. Nast\u0119pnie wrzuci\u0142 cia\u0142o do zbiornika i\u00a0zakry\u0142. Zmy\u0142 krew i\u00a0ubrania wypra\u0142.<\/p>\n<p>G. planowa\u0142 pocz\u0105tkowo wywiezienie cia\u0142a z\u00a0podw\u00f3rka w\u00a0ustronne miejsce. Ba\u0142 si\u0119 jednak, \u017ce kto\u015b go zauwa\u017cy. Mia\u0142 te\u017c obawy, \u017ce fizycznie sobie z\u00a0tym nie poradzi &#8211;\u00a0podaje &#8222;Super Express&#8221;. <\/p>\n<p>Na wniosek prokuratora s\u0105d zdecydowa\u0142, \u017ce o\u00a0trzymiesi\u0119cznym areszcie dla J\u00f3zefa G. M\u0119\u017cczy\u017anie grozi nawet do\u017cywocie. <\/p>\n<p>\u0179r\u00f3d\u0142o: &#8222;Super Express&#8221;<\/p>\n","protected":false},"excerpt":{"rendered":"10 lipca 49-letni Micha\u0142 K. wyjecha\u0142 z\u00a0domu w\u00a0Che\u0142mie \u015al\u0105skim, dotar\u0142 do domu 65-letniego J\u00f3zefa G. i\u00a0\u015blad po nim&hellip;\n","protected":false},"author":2,"featured_media":148861,"comment_status":"","ping_status":"","sticky":false,"template":"","format":"standard","meta":{"footnotes":""},"categories":[12],"tags":[32,33,36,37,27,34,35,28,31,25,42,38,40,39,41,29,30,26],"class_list":{"0":"post-148860","1":"post","2":"type-post","3":"status-publish","4":"format-standard","5":"has-post-thumbnail","7":"category-polska","8":"tag-breaking-news","9":"tag-breakingnews","10":"tag-featured-news","11":"tag-featurednews","12":"tag-headlines","13":"tag-latest-news","14":"tag-latestnews","15":"tag-naglowki","16":"tag-najwazniejsze-artykuly","17":"tag-news","18":"tag-pl","19":"tag-poland","20":"tag-polish","21":"tag-polska","22":"tag-polski","23":"tag-top-stories","24":"tag-topstories","25":"tag-wiadomosci"},"share_on_mastodon":{"url":"https:\/\/pubeurope.com\/@pl\/115713866937365336","error":""},"_links":{"self":[{"href":"https:\/\/www.europesays.com\/pl\/wp-json\/wp\/v2\/posts\/148860","targetHints":{"allow":["GET"]}}],"collection":[{"href":"https:\/\/www.europesays.com\/pl\/wp-json\/wp\/v2\/posts"}],"about":[{"href":"https:\/\/www.europesays.com\/pl\/wp-json\/wp\/v2\/types\/post"}],"author":[{"embeddable":true,"href":"https:\/\/www.europesays.com\/pl\/wp-json\/wp\/v2\/users\/2"}],"replies":[{"embeddable":true,"href":"https:\/\/www.europesays.com\/pl\/wp-json\/wp\/v2\/comments?post=148860"}],"version-history":[{"count":0,"href":"https:\/\/www.europesays.com\/pl\/wp-json\/wp\/v2\/posts\/148860\/revisions"}],"wp:featuredmedia":[{"embeddable":true,"href":"https:\/\/www.europesays.com\/pl\/wp-json\/wp\/v2\/media\/148861"}],"wp:attachment":[{"href":"https:\/\/www.europesays.com\/pl\/wp-json\/wp\/v2\/media?parent=148860"}],"wp:term":[{"taxonomy":"category","embeddable":true,"href":"https:\/\/www.europesays.com\/pl\/wp-json\/wp\/v2\/categories?post=148860"},{"taxonomy":"post_tag","embeddable":true,"href":"https:\/\/www.europesays.com\/pl\/wp-json\/wp\/v2\/tags?post=148860"}],"curies":[{"name":"wp","href":"https:\/\/api.w.org\/{rel}","templated":true}]}}