{"id":148862,"date":"2025-12-13T19:17:12","date_gmt":"2025-12-13T19:17:12","guid":{"rendered":"https:\/\/www.europesays.com\/pl\/148862\/"},"modified":"2025-12-13T19:17:12","modified_gmt":"2025-12-13T19:17:12","slug":"papszun-do-legii-tak-zareagowala-szatnia-rakowa","status":"publish","type":"post","link":"https:\/\/www.europesays.com\/pl\/148862\/","title":{"rendered":"Papszun do Legii? Tak zareagowa\u0142a szatnia Rakowa"},"content":{"rendered":"<p class=\"art_paragraph\">Wszystko wskazuje na to, \u017ce <a href=\"https:\/\/www.sport.pl\/pilka\/7,65039,32435932,marek-papszun-odpowiedzial-kibicom-rakowa-krociutko.html#anchorLink\" rel=\"nofollow noopener\" target=\"_blank\">Marek Papszun<\/a>, trener Rakowa Cz\u0119stochowa w rundzie wiosennej poprowadzi Legi\u0119 Warszawa. 51-letni szkoleniowiec uzgodni\u0142 ju\u017c warunki odej\u015bcia do najbardziej utytu\u0142owanej polskiej dru\u017cyny (15 mistrzostw i 21 Puchar\u00f3w Polski).\u00a0<\/p>\n<p>\n    Zobacz wideo Pi\u0142karze Legii baluj\u0105 po przegranych meczach? Kosecki: Po remisie z Lechi\u0105 pi\u0142karze bawili si\u0119 w klubie\n  <\/p>\n<p> Mateusz Wdowiak m\u00f3wi jak szatnia Rakowa zareagowa\u0142a na odej\u015bcie Papszuna do Legii<\/p>\n<p class=\"art_paragraph\">Pewnie wielu <a href=\"https:\/\/www.sport.pl\/kibice#anchorLink\" rel=\"nofollow noopener\" target=\"_blank\">kibic\u00f3w<\/a> i ekspert\u00f3w jest ciekawa, jak na odej\u015bcie Papszuna do Legii Warszawa zareagowa\u0142a szatnia Rakowa Cz\u0119stochowa. Na ten temat wypowiedzia\u0142 si\u0119 Mateusz Wdowiak, pi\u0142karz Zag\u0142\u0119bia Lubin, kt\u00f3ry pracowa\u0142 z Papszunem, a w Rakowie gra\u0142 przez trzy sezony. Zrobi\u0142 to tu\u017c przed niedzielnym <a href=\"https:\/\/www.sport.pl\/euro\/7,154862,31079522,kto-dzis-gra-na-euro-2024-jakie-mecze-dzisiaj-piatek-21-czerwca.html#anchorLink\" rel=\"nofollow noopener\" target=\"_blank\">meczem<\/a> Rak\u00f3w &#8211; Zag\u0142\u0119bie.\u00a0<\/p>\n<p class=\"art_paragraph\">&#8211; Nie musimy si\u0119 tylko domy\u015bla\u0107, bo by\u0142 pan przecie\u017c w szatni Marka Papszuna dok\u0142adnie cztery lata <a href=\"https:\/\/www.sport.pl\/pilka\/7,65037,32443635,ostatni-raz-w-kadrze-gral-1052-dni-temu-nagle-glos-z-anglii.html#anchorLink\" rel=\"nofollow noopener\" target=\"_blank\">temu<\/a>, kiedy <a href=\"https:\/\/www.sport.pl\/legia-warszawa#anchorLink\" rel=\"nofollow noopener\" target=\"_blank\">Legia<\/a> po raz pierwszy nie ukrywa\u0142a, \u017ce chce przechwyci\u0107 trenera Rakowa. Jak dru\u017cyna p\u00f3\u017aniejszego mistrza Polski reagowa\u0142a na tamte wydarzenia? &#8211; spyta\u0142 dziennikarz Karol Bugajski.<\/p>\n<p class=\"art_paragraph\">&#8211; Wiadomo, \u017ce zawodnicy nigdy nie odetn\u0105 si\u0119 ca\u0142kowicie od takich informacji. By\u0142y \u017carty mniejsze, wi\u0119ksze, ale mieli\u015bmy do tego dystans. By\u0142o grono zawodnik\u00f3w inteligentnych, kt\u00f3rzy potrafili sobie to wszystko rozdzieli\u0107 i rozr\u00f3\u017cni\u0107 prawd\u0119 od k\u0142amstw. Pami\u0119tam, \u017ce nawet na Miko\u0142ajki kto\u015b wylosowa\u0142 trenera Papszuna i kupi\u0142 mu sweter Legii, ale to wszystko w formie dowcipu. Wiedzieli\u015bmy, \u017ce gdyby trener mia\u0142 co\u015b dogadane z jakimkolwiek innym klubem, to powiedzia\u0142by nam o tym i po prostu zachowa\u0142 si\u0119 profesjonalnie. Nie zrobi\u0142by tego z dnia na dzie\u0144, ma swoje zasady, relacje r\u00f3wnie\u017c w takich sytuacjach, nie ulega\u0142y zmianie &#8211; <a href=\"https:\/\/przegladsportowy.onet.pl\/pilka-nozna\/ekstraklasa\/rakow-kghm-zaglebie-mateusz-wdowiak-liczy-na-powrot-do-wyjsciowego-skladu\/ddw2be0\" class=\"art_link\" rel=\"nofollow noopener\" target=\"_blank\">powiedzia\u0142 Wdowiak w rozmowie z Przegl\u0105dem Sportowym Onet. <\/a><\/p>\n<p class=\"art_paragraph\">Dziennikarz dopytywa\u0142 te\u017c, jak Papszun mo\u017ce reagowa\u0107 w tej niecodziennej sytuacji, w jakiej tkwi od blisko miesi\u0105ca.\u00a0<\/p>\n<p class=\"art_paragraph\">&#8211; Trener Papszun to przede wszystkim profesjonalista. Jest wok\u00f3\u0142 niego sporo szumu, ale znaj\u0105c go, potrafi sobie wszystko pouk\u0142ada\u0107 w g\u0142owie tak, by nie odbija\u0142o si\u0119 na pracy i zespole. I jak wida\u0107 po wynikach, to mu si\u0119 udaje. Zawsze potrafi\u0142 oddzieli\u0107 prac\u0119 z zespo\u0142em od medialnego szumu, bo nie ukrywajmy, \u017ce zawsze by\u0142o o nim nieco g\u0142o\u015bniej, tym bardziej kiedy si\u0119gali\u015bmy po wymieniane przez pana sukcesy oraz trofea. Mog\u0119 jednak powiedzie\u0107, \u017ce potrafi roz\u0142o\u017cy\u0107 nad zespo\u0142em pewien parasol ochronny i podejrzewam, \u017ce podobnie jest teraz w Rakowie od \u015brodka &#8211; doda\u0142 Wdowiak.\u00a0<\/p>\n<p class=\"art_paragraph\">Zobacz tak\u017ce: <a href=\"https:\/\/www.sport.pl\/pilka\/7,65084,32468556,to-nie-zart-slynny-trener-widzi-upadla-gwiazde-ze-zlota-pilka.html\" class=\"art_link\" rel=\"dofollow noopener\" target=\"_blank\">To nie \u017cart. S\u0142ynny trener widzi upad\u0142\u0105 gwiazd\u0119 ze Z\u0142ot\u0105 Pi\u0142k\u0105<\/a><\/p>\n<p class=\"art_paragraph\">29-letni pomocnik w tym sezonie w Zag\u0142\u0119biu Lubin zagra\u0142 w 12 spotkaniach. Nie zdoby\u0142 gola i nie mia\u0142 asysty.\u00a0<\/p>\n<p class=\"art_paragraph\">Mecz Rak\u00f3w Cz\u0119stochowa &#8211; Zag\u0142\u0119bie Lubin w niedziel\u0119, 14 grudnia o godz. 14.45.\u00a0<\/p>\n","protected":false},"excerpt":{"rendered":"Wszystko wskazuje na to, \u017ce Marek Papszun, trener Rakowa Cz\u0119stochowa w rundzie wiosennej poprowadzi Legi\u0119 Warszawa. 51-letni szkoleniowiec&hellip;\n","protected":false},"author":2,"featured_media":148863,"comment_status":"","ping_status":"","sticky":false,"template":"","format":"standard","meta":{"footnotes":""},"categories":[5],"tags":[32,33,36,37,27,34,35,28,31,25,42,38,40,39,41,29,30,26],"class_list":{"0":"post-148862","1":"post","2":"type-post","3":"status-publish","4":"format-standard","5":"has-post-thumbnail","7":"category-naglowki","8":"tag-breaking-news","9":"tag-breakingnews","10":"tag-featured-news","11":"tag-featurednews","12":"tag-headlines","13":"tag-latest-news","14":"tag-latestnews","15":"tag-naglowki","16":"tag-najwazniejsze-artykuly","17":"tag-news","18":"tag-pl","19":"tag-poland","20":"tag-polish","21":"tag-polska","22":"tag-polski","23":"tag-top-stories","24":"tag-topstories","25":"tag-wiadomosci"},"share_on_mastodon":{"url":"https:\/\/pubeurope.com\/@pl\/115713870849995157","error":""},"_links":{"self":[{"href":"https:\/\/www.europesays.com\/pl\/wp-json\/wp\/v2\/posts\/148862","targetHints":{"allow":["GET"]}}],"collection":[{"href":"https:\/\/www.europesays.com\/pl\/wp-json\/wp\/v2\/posts"}],"about":[{"href":"https:\/\/www.europesays.com\/pl\/wp-json\/wp\/v2\/types\/post"}],"author":[{"embeddable":true,"href":"https:\/\/www.europesays.com\/pl\/wp-json\/wp\/v2\/users\/2"}],"replies":[{"embeddable":true,"href":"https:\/\/www.europesays.com\/pl\/wp-json\/wp\/v2\/comments?post=148862"}],"version-history":[{"count":0,"href":"https:\/\/www.europesays.com\/pl\/wp-json\/wp\/v2\/posts\/148862\/revisions"}],"wp:featuredmedia":[{"embeddable":true,"href":"https:\/\/www.europesays.com\/pl\/wp-json\/wp\/v2\/media\/148863"}],"wp:attachment":[{"href":"https:\/\/www.europesays.com\/pl\/wp-json\/wp\/v2\/media?parent=148862"}],"wp:term":[{"taxonomy":"category","embeddable":true,"href":"https:\/\/www.europesays.com\/pl\/wp-json\/wp\/v2\/categories?post=148862"},{"taxonomy":"post_tag","embeddable":true,"href":"https:\/\/www.europesays.com\/pl\/wp-json\/wp\/v2\/tags?post=148862"}],"curies":[{"name":"wp","href":"https:\/\/api.w.org\/{rel}","templated":true}]}}