{"id":148961,"date":"2025-12-13T21:01:10","date_gmt":"2025-12-13T21:01:10","guid":{"rendered":"https:\/\/www.europesays.com\/pl\/148961\/"},"modified":"2025-12-13T21:01:10","modified_gmt":"2025-12-13T21:01:10","slug":"kardynal-rys-zegna-sie-z-lodzia-msza-dziekczynna-za-lata-poslugi","status":"publish","type":"post","link":"https:\/\/www.europesays.com\/pl\/148961\/","title":{"rendered":"Kardyna\u0142 Ry\u015b \u017cegna si\u0119 z \u0141odzi\u0105: msza dzi\u0119kczynna za lata pos\u0142ugi"},"content":{"rendered":"<ul class=\"UnorderedList_container__nmfSl\">\n<li class=\"UnorderedList_listElement__Py7xi UnorderedList_listElementDefault__oEOOV\">Kardyna\u0142 Grzegorz Ry\u015b zako\u0144czy\u0142 8-letni\u0105 pos\u0142ug\u0119 w Archidiecezji \u0141\u00f3dzkiej<\/li>\n<li class=\"UnorderedList_listElement__Py7xi UnorderedList_listElementDefault__oEOOV\">Msza \u015bwi\u0119ta zgromadzi\u0142a licznych wiernych oraz przedstawicieli w\u0142adz i Ko\u015bcio\u0142\u00f3w<\/li>\n<li class=\"UnorderedList_listElement__Py7xi UnorderedList_listElementDefault__oEOOV\">Kardyna\u0142 podkre\u015bli\u0142 znaczenie m\u0119cze\u0144stwa i \u015bwiadectwa w misji Ko\u015bcio\u0142a<\/li>\n<li class=\"UnorderedList_listElement__Py7xi UnorderedList_listElementDefault__oEOOV\">Podzi\u0119kowa\u0142 za wsp\u00f3lne do\u015bwiadczenia i d\u0105\u017cenie do jedno\u015bci w \u0141odzi<\/li>\n<\/ul>\n<ul class=\"UnorderedList_container__nmfSl\">\n<li class=\"UnorderedList_listElement__Py7xi\" data-id=\"ai-summary-link\">Du\u017co czytania, a ma\u0142o czasu? Sprawd\u017a\u00a0skr\u00f3t\u00a0artyku\u0142u<\/li>\n<\/ul>\n<p>Wsp\u00f3lna Eucharystia z duchownymi <\/p>\n<p class=\"Paragraph_desktopParagraph__U31Gm\">Wraz z administratorem apostolskim dzisiejsz\u0105 Eucharysti\u0119 celebrowali: pochodz\u0105cy z \u0141odzi \u2014 kard. Konrad Krajewski \u2014 ja\u0142mu\u017cnik papieski, abp W\u0142adys\u0142aw Zi\u00f3\u0142ek \u2014 emerytowany metropolita \u0142\u00f3dzki, bp Marek Marczak, bp Zbigniew Wo\u0142kowicz, bp Piotr Kleszcz oraz bp Ireneusz P\u0119kalski \u2014 biskup emeryt.<\/p>\n<p class=\"Paragraph_desktopParagraph__U31Gm\">W homilii administrator kard. Ry\u015b, odwo\u0142uj\u0105c si\u0119 do dzisiejszej Liturgii S\u0142owa, m\u00f3wi\u0142 o m\u0119cze\u0144stwie jako o wa\u017cnym wymiarze misji Jana Chrzciciela. Podkre\u015bli\u0142, \u017ce nie da si\u0119 przepowiada\u0107 Paschalnego Pana, kt\u00f3ry umar\u0142 i zmartwychwsta\u0142, je\u015bli chcemy uciec od ka\u017cdej formy umierania i powstawania na nowo. Zaznaczy\u0142, \u017ce s\u0142owa nie wystarczaj\u0105. Czasem pozostaje tylko \u015bwiadectwo, do\u015bwiadczenie Ewangelii na sobie.<\/p>\n<ul class=\"OchatFollowUps_wrapper__1ry7X\">\n<li class=\"OchatFollowUps_item__Dhyly OchatFollowUps_itemDesktop__R6aBv\">Kiedy kardyna\u0142 Grzegorz Ry\u015b zako\u0144czy\u0142 swoj\u0105 pos\u0142ug\u0119?<\/li>\n<li class=\"OchatFollowUps_item__Dhyly OchatFollowUps_itemDesktop__R6aBv\">Jakie znaczenie podkre\u015bli\u0142 kard. Ry\u015b w swojej homilii?<\/li>\n<li class=\"OchatFollowUps_item__Dhyly OchatFollowUps_itemDesktop__R6aBv\">Kto celebrowa\u0142 dzisiejsz\u0105 Eucharysti\u0119 razem z kard. Rysiem?<\/li>\n<li class=\"OchatFollowUps_item__Dhyly OchatFollowUps_itemDesktop__R6aBv\">Jakie podzi\u0119kowanie otrzyma\u0142 kard. Ry\u015b podczas po\u017cegnania?<\/li>\n<\/ul>\n<p>Podzi\u0119kowania i refleksje <\/p>\n<p class=\"Paragraph_desktopParagraph__U31Gm\">\u2014 Bardzo wam dzi\u0119kuj\u0119 za wszystkie momenty, kiedy\u015bmy si\u0119 razem gromadzili wok\u00f3\u0142 S\u0142owa Bo\u017cego, bo to jest przepi\u0119kne do\u015bwiadczenie tego Ko\u015bcio\u0142a. Gdyby mnie kto\u015b pyta\u0142 o \u0141\u00f3dzki Ko\u015bci\u00f3\u0142, to pierwsze co powiem, to powiem, \u017ce to jest Ko\u015bci\u00f3\u0142 s\u0142uchaj\u0105cy. Nie s\u0142uchaj\u0105cy bzdur, ale s\u0142uchaj\u0105cy S\u0142owa Bo\u017cego. Dzi\u0119kuj\u0119 wam za te momenty, kiedy\u015bmy razem prze\u017cywali rekolekcje. Ciesz\u0119 si\u0119 tym, \u017ce mog\u0142em je go\u015bci\u0107 w Adwencie i w Po\u015bcie rekolekcje dla m\u0142odzie\u017cy. S\u0142owo, S\u0142owo, S\u0142owo. Pierwsze\u0144stwo S\u0142owa \u2014 m\u00f3wi\u0142 kard Ry\u015b.<\/p>\n<p class=\"Paragraph_desktopParagraph__U31Gm\">Podzi\u0119kowa\u0142 te\u017c duchownym bratnich Ko\u015bcio\u0142\u00f3w za rado\u015b\u0107 spotykania si\u0119 wok\u00f3\u0142 S\u0142owa. \u2014P\u00f3ki co ekumenizm jest przede wszystkim wsp\u00f3lnot\u0105 wok\u00f3\u0142 S\u0142owa, ale ci\u0105gle nie jest wsp\u00f3lnot\u0105 wok\u00f3\u0142 Eucharystii. Ufamy, \u017ce to si\u0119 sko\u0144czy kiedy\u015b. Ufamy, \u017ce b\u0119dziemy mogli sko\u0144czy\u0107 ten post eucharystyczny i razem prze\u017cy\u0107 Komuni\u0119 \u015awi\u0119t\u0105 \u2014 zaznaczy\u0142.<\/p>\n<p>Jedno\u015b\u0107 i wsp\u00f3\u0142praca w \u0141odzi <\/p>\n<p class=\"Paragraph_desktopParagraph__U31Gm\">\u2014 B\u0119d\u0119 Panu Bogu dzi\u0119kowa\u0142 zawsze, \u017ce to bycie razem w \u0141odzi mia\u0142o wymiar absolutnie powszechny. I wezm\u0119 ze sob\u0105 w sercu obraz tej spo\u0142eczno\u015bci, tego miasta, tej diecezji jako spo\u0142eczno\u015bci ludzi, kt\u00f3rzy potrafi\u0105 budowa\u0107 zgod\u0119. Ciesz\u0119 si\u0119, \u017ce mog\u0142em si\u0119 przywita\u0107 z osobami, kt\u00f3re dzisiaj sprawuj\u0105 w mie\u015bcie i wojew\u00f3dztwie w\u0142adz\u0119. Ale tak\u017ce z tymi, kt\u00f3rzy sprawowali j\u0105 wcze\u015bniej. Musz\u0119 powiedzie\u0107, \u017ce w\u0142a\u015bnie to jest przepi\u0119kne, \u017ce przy tych wszystkich zmianach, politycznych, kt\u00f3rych nam \u017cycie nie oszcz\u0119dza, to nasze \u015brodowisko jest takim, kt\u00f3re potrafi ze sob\u0105 rozmawia\u0107, s\u0142ucha\u0107 si\u0119 nawzajem, uszanowa\u0107 si\u0119 wzajemnie. To jest tak pi\u0119kne do\u015bwiadczenie tego, przynajmniej d\u0105\u017cenia do jedno\u015bci, bycia ze sob\u0105 razem. To dotyczy w\u0142adz, dotyczy wy\u017cszych uczelni, szk\u00f3\u0142 w og\u00f3le, dotyczy w\u0142a\u015bciwie wszystkich mo\u017cliwych instytucji \u2014 doda\u0142 kaznodzieja.<\/p>\n<p class=\"Paragraph_desktopParagraph__U31Gm\">Ko\u0144cz\u0105c homili\u0119 kard. Ry\u015b zaprosi\u0142 do o\u0142tarza wszystkich duchownych i rozpocz\u0105\u0142 wsp\u00f3ln\u0105 modlitw\u0119 b\u0142ogos\u0142awie\u0144stwa zawierzaj\u0105c Ko\u015bci\u00f3\u0142 \u0141\u00f3dzki Bogu.<\/p>\n<p>Po\u017cegnanie i symboliczne gesty <\/p>\n<p class=\"Paragraph_desktopParagraph__U31Gm\">Przed b\u0142ogos\u0142awie\u0144stwem delegacje wiernych i biskup\u00f3w pomocniczych z\u0142o\u017cyli gratulacje kard. Rysiowi oraz podzi\u0119kowania za dotychczasow\u0105 pos\u0142ug\u0119 w Ko\u015bciele \u0141\u00f3dzkim. W podzi\u0119kowaniu otrzyma\u0142 on obraz biskupa Wincentego Tymienieckiego \u2014 budowniczego i proboszcza \u0142\u00f3dzkiej katedry oraz pierwszego biskupa \u0142\u00f3dzkiego.<\/p>\n<p class=\"Paragraph_desktopParagraph__U31Gm\">Po b\u0142ogos\u0142awie\u0144stwie i ostatnim uca\u0142owaniu o\u0142tarza \u0142\u00f3dzkiej katedry administrator apostolski dokona\u0142 ods\u0142oni\u0119cia epitafium po\u015bwi\u0119conego pi\u0105temu biskupowi diecezji \u0142\u00f3dzkiej i pierwszemu metropolicie \u0142\u00f3dzkiemu abp. W\u0142adys\u0142awowi Zi\u00f3\u0142kowi. Epitafium zosta\u0142o przygotowane i zainstalowane w absydzie \u0142\u00f3dzkiej archikatedry.<\/p>\n<p>Dziedzictwo kardyna\u0142a Rysia <\/p>\n<p class=\"Paragraph_desktopParagraph__U31Gm\">Kard. Grzegorz Ry\u015b by\u0142 si\u00f3dmym biskupem diecezjalnym Ko\u015bcio\u0142a \u0141\u00f3dzkiego \u2014 drugim, po biskupie J\u00f3zefie Rozwadowskim \u2014 biskupem pochodz\u0105cym z Krakowa oraz drugim \u2014 po arcybiskupie Marku J\u0119draszewskim \u2014 arcybiskupem \u0142\u00f3dzkim, kt\u00f3ry z \u0141odzi przechodzi do Krakowa. Pasterzami Diecezji \u0141\u00f3dzkiej byli kolejno: bp Wincenty Tymieniecki (1921-1934), bp W\u0142odzimierz Jasi\u0144ski (1935-1946), bp Micha\u0142 Klepacz (1947-1967), bp J\u00f3zef Rozwadowski (1968-1986), abp W\u0142adys\u0142aw Zi\u00f3\u0142ek (1986-2012), abp Marek J\u0119draszewski (2012-2017), oraz kard. Grzegorz Ry\u015b (2017-2025).<\/p>\n<p class=\"Paragraph_desktopParagraph__U31Gm\">Kardyna\u0142 Grzegorz Ry\u015b zako\u0144czy\u0142 swoj\u0105 pos\u0142ug\u0119 w Archidiecezji \u0141\u00f3dzkiej, pozostawiaj\u0105c po sobie dziedzictwo jedno\u015bci i wsp\u00f3\u0142pracy. Jego po\u017cegnanie by\u0142o pe\u0142ne refleksji nad znaczeniem m\u0119cze\u0144stwa i \u015bwiadectwa w misji Ko\u015bcio\u0142a oraz podkre\u015bleniem warto\u015bci wsp\u00f3lnoty i dialogu w \u0141odzi. Jego dziedzictwo b\u0119dzie kontynuowane przez kolejnych pasterzy diecezji.<\/p>\n","protected":false},"excerpt":{"rendered":"Kardyna\u0142 Grzegorz Ry\u015b zako\u0144czy\u0142 8-letni\u0105 pos\u0142ug\u0119 w Archidiecezji \u0141\u00f3dzkiej Msza \u015bwi\u0119ta zgromadzi\u0142a licznych wiernych oraz przedstawicieli w\u0142adz i&hellip;\n","protected":false},"author":2,"featured_media":148962,"comment_status":"","ping_status":"","sticky":false,"template":"","format":"standard","meta":{"footnotes":""},"categories":[12],"tags":[32,33,36,37,27,6821,11458,34,35,28,31,53,25,52,68,51,55,42,38,40,39,41,47,196,29,30,50,26],"class_list":{"0":"post-148961","1":"post","2":"type-post","3":"status-publish","4":"format-standard","5":"has-post-thumbnail","7":"category-polska","8":"tag-breaking-news","9":"tag-breakingnews","10":"tag-featured-news","11":"tag-featurednews","12":"tag-headlines","13":"tag-job","14":"tag-kai","15":"tag-latest-news","16":"tag-latestnews","17":"tag-naglowki","18":"tag-najwazniejsze-artykuly","19":"tag-new_header","20":"tag-news","21":"tag-onet3","22":"tag-onet3d","23":"tag-onet3d_2i","24":"tag-phx","25":"tag-pl","26":"tag-poland","27":"tag-polish","28":"tag-polska","29":"tag-polski","30":"tag-screening_general","31":"tag-styl_zycia","32":"tag-top-stories","33":"tag-topstories","34":"tag-v2021","35":"tag-wiadomosci"},"share_on_mastodon":{"url":"https:\/\/pubeurope.com\/@pl\/115714279740947730","error":""},"_links":{"self":[{"href":"https:\/\/www.europesays.com\/pl\/wp-json\/wp\/v2\/posts\/148961","targetHints":{"allow":["GET"]}}],"collection":[{"href":"https:\/\/www.europesays.com\/pl\/wp-json\/wp\/v2\/posts"}],"about":[{"href":"https:\/\/www.europesays.com\/pl\/wp-json\/wp\/v2\/types\/post"}],"author":[{"embeddable":true,"href":"https:\/\/www.europesays.com\/pl\/wp-json\/wp\/v2\/users\/2"}],"replies":[{"embeddable":true,"href":"https:\/\/www.europesays.com\/pl\/wp-json\/wp\/v2\/comments?post=148961"}],"version-history":[{"count":0,"href":"https:\/\/www.europesays.com\/pl\/wp-json\/wp\/v2\/posts\/148961\/revisions"}],"wp:featuredmedia":[{"embeddable":true,"href":"https:\/\/www.europesays.com\/pl\/wp-json\/wp\/v2\/media\/148962"}],"wp:attachment":[{"href":"https:\/\/www.europesays.com\/pl\/wp-json\/wp\/v2\/media?parent=148961"}],"wp:term":[{"taxonomy":"category","embeddable":true,"href":"https:\/\/www.europesays.com\/pl\/wp-json\/wp\/v2\/categories?post=148961"},{"taxonomy":"post_tag","embeddable":true,"href":"https:\/\/www.europesays.com\/pl\/wp-json\/wp\/v2\/tags?post=148961"}],"curies":[{"name":"wp","href":"https:\/\/api.w.org\/{rel}","templated":true}]}}