{"id":149007,"date":"2025-12-13T21:30:11","date_gmt":"2025-12-13T21:30:11","guid":{"rendered":"https:\/\/www.europesays.com\/pl\/149007\/"},"modified":"2025-12-13T21:30:11","modified_gmt":"2025-12-13T21:30:11","slug":"atak-na-amerykanskich-zolnierzy-donald-trump-zapowiada-odwet","status":"publish","type":"post","link":"https:\/\/www.europesays.com\/pl\/149007\/","title":{"rendered":"Atak na ameryka\u0144skich \u017co\u0142nierzy. Donald Trump zapowiada odwet"},"content":{"rendered":"<p class=\"ods-c-paragraph \">&#8222;Op\u0142akujemy strat\u0119 trzech Wielkich Ameryka\u0144skich Patriot\u00f3w w Syrii, <a href=\"https:\/\/wiadomosci.onet.pl\/swiat\/atak-na-amerykanskich-zolnierzy-w-syrii-sekretarz-obrony-reaguje-dzikus-zostal-zabity\/bp6ns8r\" id=\"b2b03355-66c0-403e-890b-d0055d1c9ada\" rel=\"nofollow noopener\" target=\"_blank\">dw\u00f3ch \u017co\u0142nierzy i jednego cywilnego t\u0142umacza<\/a>. Modlimy si\u0119 r\u00f3wnie\u017c za trzech rannych \u017co\u0142nierzy, kt\u00f3rzy \u2014 jak w\u0142a\u015bnie potwierdzono \u2014 maj\u0105 si\u0119 dobrze. By\u0142 to atak ISIS na Stany Zjednoczone i Syri\u0119, w bardzo niebezpiecznym regionie Syrii, kt\u00f3ry nie jest w pe\u0142ni przez nich kontrolowany&#8221; \u2014 o\u015bwiadczy\u0142 Trump we wpisie na portalu Truth Social. Zapowiedzia\u0142 przy tym &#8222;bardzo powa\u017cny odwet&#8221;.<\/p>\n<p> Dlaczego Donald Trump zapowiedzia\u0142 odwet? <\/p>\n<p> Ilu Amerykan\u00f3w zgin\u0119\u0142o w ataku? <\/p>\n<p> Kto by\u0142 celem ataku terroryst\u00f3w? <\/p>\n<p> Gdzie ranni \u017co\u0142nierze zostali ewakuowani? <\/p>\n<p>  <img decoding=\"async\" src=\"https:\/\/www.europesays.com\/pl\/wp-content\/uploads\/2025\/12\/ljNk9lBaHR0cHM6Ly9vY2RuLmV1L3B1bHNjbXMvTURBXy8xMTAwODVhNzc3OTEyZmM5ODNlOThhYTg0YzgwMmRlOC5wbmeRlQLNB.jpeg\" height=\"291\" width=\"721\" loading=\"lazy\" class=\"ods-c-image__img ods-c-image__img--viewport-width\"\/><\/p>\n<p>Truth Social<\/p>\n<p class=\"ods-c-paragraph \">Do sprawy odni\u00f3s\u0142 si\u0119 te\u017c podczas kr\u00f3tkiej rozmowy z dziennikarzami przed odlotem na mecz futbolu ameryka\u0144skiego uniwersyteckich akademii Marynarki Wojennej i Si\u0142 L\u0105dowych o puchar prezydenta. Jak podkre\u015bli\u0142, terrory\u015bci Pa\u0144stwa Islamskiego zastawili na si\u0142y USA pu\u0142apk\u0119, a atak by\u0142 skierowany r\u00f3wnie\u017c przeciwko syryjskim w\u0142adzom i \u017ce &#8222;Syria walczy razem z USA&#8221;. Doda\u0142, \u017ce prezydent kraju Ahmed al-Szara jest zdruzgotany wie\u015bciami.<\/p>\n<p>   Atak na \u017co\u0142nierzy USA w Syrii<\/p>\n<p class=\"ods-c-paragraph \">Pentagon poda\u0142 wcze\u015bniej, \u017ce si\u0142y USA zosta\u0142y zaatakowane podczas misji &#8222;wsparcia trwaj\u0105cych operacji antyterrorystycznych przeciwko IS w regionie&#8221;. Wed\u0142ug sekretarza obrony Pete&#8217;a Hegsetha napastnik zosta\u0142 zabity przez si\u0142y partnerskie USA.<\/p>\n<p class=\"ods-c-paragraph \">&#8222;Niech wszyscy wiedz\u0105, \u017ce je\u015bli obierzecie sobie za cel Amerykan\u00f3w \u2014 gdziekolwiek na \u015bwiecie \u2014 sp\u0119dzicie reszt\u0119 swojego kr\u00f3tkiego, pe\u0142nego strachu \u017cycia wiedz\u0105c, \u017ce Stany Zjednoczone b\u0119d\u0105 was \u015bciga\u0107, znajd\u0105 i bezlito\u015bnie zabij\u0105&#8221; \u2014 napisa\u0142 na kanale X Hegseth.<\/p>\n<p class=\"ods-c-paragraph \">Ameryka\u0144scy \u017co\u0142nierze znale\u017ali si\u0119 pod ostrza\u0142em podczas wsp\u00f3lnego patrolu z si\u0142ami syryjskimi w centralnej cz\u0119\u015bci kraju \u2014 poda\u0142a oficjalna krajowa agencja informacyjna Syrii SANA, cytowana przez stacj\u0119 CNN. Ewakuowani ranni mieli zosta\u0107 przetransportowani do Al-Tanf, ameryka\u0144skiej bazy wojskowej we wschodniej Syrii, przy granicy z Irakiem.<\/p>\n","protected":false},"excerpt":{"rendered":"&#8222;Op\u0142akujemy strat\u0119 trzech Wielkich Ameryka\u0144skich Patriot\u00f3w w Syrii, dw\u00f3ch \u017co\u0142nierzy i jednego cywilnego t\u0142umacza. Modlimy si\u0119 r\u00f3wnie\u017c za&hellip;\n","protected":false},"author":2,"featured_media":149008,"comment_status":"","ping_status":"","sticky":false,"template":"","format":"standard","meta":{"footnotes":""},"categories":[14],"tags":[32,33,44,27,34,35,28,31,48,25,46,40,41,47,80,8468,29,30,71,26,82,83,84],"class_list":{"0":"post-149007","1":"post","2":"type-post","3":"status-publish","4":"format-standard","5":"has-post-thumbnail","7":"category-swiat","8":"tag-breaking-news","9":"tag-breakingnews","10":"tag-donald_trump","11":"tag-headlines","12":"tag-latest-news","13":"tag-latestnews","14":"tag-naglowki","15":"tag-najwazniejsze-artykuly","16":"tag-nat_styl","17":"tag-news","18":"tag-omp","19":"tag-polish","20":"tag-polski","21":"tag-screening_general","22":"tag-swiat","23":"tag-syria","24":"tag-top-stories","25":"tag-topstories","26":"tag-usa","27":"tag-wiadomosci","28":"tag-world","29":"tag-world-news","30":"tag-worldnews"},"share_on_mastodon":{"url":"","error":""},"_links":{"self":[{"href":"https:\/\/www.europesays.com\/pl\/wp-json\/wp\/v2\/posts\/149007","targetHints":{"allow":["GET"]}}],"collection":[{"href":"https:\/\/www.europesays.com\/pl\/wp-json\/wp\/v2\/posts"}],"about":[{"href":"https:\/\/www.europesays.com\/pl\/wp-json\/wp\/v2\/types\/post"}],"author":[{"embeddable":true,"href":"https:\/\/www.europesays.com\/pl\/wp-json\/wp\/v2\/users\/2"}],"replies":[{"embeddable":true,"href":"https:\/\/www.europesays.com\/pl\/wp-json\/wp\/v2\/comments?post=149007"}],"version-history":[{"count":0,"href":"https:\/\/www.europesays.com\/pl\/wp-json\/wp\/v2\/posts\/149007\/revisions"}],"wp:featuredmedia":[{"embeddable":true,"href":"https:\/\/www.europesays.com\/pl\/wp-json\/wp\/v2\/media\/149008"}],"wp:attachment":[{"href":"https:\/\/www.europesays.com\/pl\/wp-json\/wp\/v2\/media?parent=149007"}],"wp:term":[{"taxonomy":"category","embeddable":true,"href":"https:\/\/www.europesays.com\/pl\/wp-json\/wp\/v2\/categories?post=149007"},{"taxonomy":"post_tag","embeddable":true,"href":"https:\/\/www.europesays.com\/pl\/wp-json\/wp\/v2\/tags?post=149007"}],"curies":[{"name":"wp","href":"https:\/\/api.w.org\/{rel}","templated":true}]}}