{"id":149027,"date":"2025-12-13T21:41:09","date_gmt":"2025-12-13T21:41:09","guid":{"rendered":"https:\/\/www.europesays.com\/pl\/149027\/"},"modified":"2025-12-13T21:41:09","modified_gmt":"2025-12-13T21:41:09","slug":"katarzyna-cichopek-kradnie-show-na-warszawskich-poprawinach-tylko-spojrzcie-na-te-wyciecia","status":"publish","type":"post","link":"https:\/\/www.europesays.com\/pl\/149027\/","title":{"rendered":"Katarzyna Cichopek kradnie show na &#8222;warszawskich poprawinach&#8221;. Tylko sp\u00f3jrzcie na te wyci\u0119cia"},"content":{"rendered":"<p class=\"Paragraph_desktopParagraph__U31Gm\"><a href=\"https:\/\/plejada.pl\/temat\/katarzyna-cichopek-aktorka\/vmqye3h\" id=\"dc71f492-6bc4-4345-a26f-94e36e933f10\" rel=\"nofollow noopener\" target=\"_blank\">Katarzyna Cichopek<\/a> i Maciej Kurzajewski ponad miesi\u0105c temu <a href=\"https:\/\/plejada.pl\/newsy\/plejada-gwiazd-na-weselu-katarzyny-cichopek-i-macieja-kurzajewskiego-nie-tylko-kurscy\/2v9zl85\" id=\"23fb7305-6f98-4537-8361-715b116b1e99\" rel=\"nofollow noopener\" target=\"_blank\">stan\u0119li na \u015blubnym kobiercu<\/a>. Ceremonia za\u015blubin oraz wesele odby\u0142y si\u0119 w hotelu &#8222;Drob&#8221;, po\u0142o\u017conym nieopodal Poleskiego Parku Narodowego. Para m\u0142oda, zdecydowa\u0142a si\u0119 na kameralne, lecz eleganckie przyj\u0119cie, wynajmuj\u0105c ca\u0142y obiekt w Urszulinie dla swoich 140 go\u015bci. W\u015br\u00f3d zaproszonych <a href=\"https:\/\/plejada.pl\/newsy\/plejada-gwiazd-na-weselu-katarzyny-cichopek-i-macieja-kurzajewskiego-nie-tylko-kurscy\/2v9zl85\" id=\"24b30570-86e4-4270-90b8-2a157559c50d\" rel=\"nofollow noopener\" target=\"_blank\">znale\u017ali si\u0119 m.in.<\/a> <a href=\"https:\/\/plejada.pl\/newsy\/kolejni-goscie-na-slubie-cichopek-i-kurzajewskiego-kurska-pojawi-sie-z-jackiem\/qh1xsxt\" id=\"f97a7452-4e75-4d0c-9a6c-afec1ec8ec91\" rel=\"nofollow noopener\" target=\"_blank\">Joanna i Jacek Kurscy, <\/a>Jan Kliment z \u017con\u0105 Lenk\u0105, Agnieszka i Grzegorz Hy\u017cy, Monika Pyrek oraz Aleksander Sikora.<\/p>\n<p class=\"Paragraph_desktopParagraph__U31Gm\">Polecamy: <a href=\"https:\/\/plejada.pl\/newsy\/paulina-smaszcz-gorzko-komentuje-obecnosc-jacka-kurskiego-na-slubie-bylego-meza\/0bwvhy1\" id=\"9ffed23b-1efb-41d6-ac18-c9c5410fda12\" rel=\"nofollow noopener\" target=\"_blank\">Paulina Smaszcz gorzko komentuje obecno\u015b\u0107 Jacka Kurskiego na \u015blubie by\u0142ego m\u0119\u017ca. &#8222;Obciach&#8221;<\/a><\/p>\n<p class=\"Paragraph_desktopParagraph__U31Gm\">\u015awi\u0119ta Bo\u017cego Narodzenia coraz bli\u017cej, a wraz z nimi czas pe\u0142en zawodowych i towarzyskich spotka\u0144 w \u015bwi\u0105tecznej atmosferze. Cho\u0107 za oknami brak \u015bniegu, magia tego okresu wci\u0105\u017c inspiruje do tworzenia wyj\u0105tkowego klimatu. Jak si\u0119 okazuje, dla wielu os\u00f3b wa\u017cny jest tak\u017ce odpowiedni dob\u00f3r stylizacji. Teraz ponownie udowodni\u0142a to Katarzyna Cichopek. <\/p>\n<ul class=\"OchatFollowUps_wrapper__1ry7X\">\n<li class=\"OchatFollowUps_item__Dhyly OchatFollowUps_itemDesktop__R6aBv\">Gdzie odby\u0142 si\u0119 \u015blub Katarzyny Cichopek i Macieja Kurzajewskiego?<\/li>\n<li class=\"OchatFollowUps_item__Dhyly OchatFollowUps_itemDesktop__R6aBv\">Jakie mia\u0142a na sobie ubranie Katarzyna Cichopek na poprawinach?<\/li>\n<li class=\"OchatFollowUps_item__Dhyly OchatFollowUps_itemDesktop__R6aBv\">Kto by\u0142 w\u015br\u00f3d zaproszonych go\u015bci na \u015blubie Cichopek?<\/li>\n<li class=\"OchatFollowUps_item__Dhyly OchatFollowUps_itemDesktop__R6aBv\">Co mia\u0142 na sobie Maciej Kurzajewski podczas poprawin?<\/li>\n<\/ul>\n<p>Katarzyna Cichopek zachwyca w kobiecej kreacji <\/p>\n<p class=\"Paragraph_desktopParagraph__U31Gm\">Katarzyna Cichopek i Maciej Kurzajewski wzi\u0119li udzia\u0142 w &#8222;warszawskich poprawinach&#8221;, jak sami opisali na swoich profilach w mediach spo\u0142eczno\u015bciowych. Para nie zapomnia\u0142a o efektownych stylizacjach \u2013 dziennikarz postawi\u0142 na klasyczny garnitur i bia\u0142\u0105 koszul\u0119, a ca\u0142o\u015b\u0107 zaskakuj\u0105co uzupe\u0142ni\u0142y sportowe buty, kt\u00f3re doda\u0142y lekko\u015bci ca\u0142emu lookowi.<\/p>\n<p class=\"Paragraph_desktopParagraph__U31Gm\">W centrum uwagi bez w\u0105tpienia znalaz\u0142a si\u0119 aktorka, ol\u015bniewaj\u0105ca w kr\u00f3tkiej, niebieskiej sukience na jedno rami\u0119, podkre\u015blonej paskiem w talii. Jej stylizacj\u0119 dope\u0142nia\u0142y efektowne, du\u017ce z\u0142ote kolczyki oraz wysokie buty, kt\u00f3re przyci\u0105ga\u0142y spojrzenia.<\/p>\n<p class=\"Paragraph_desktopParagraph__U31Gm\">Polecamy: <a href=\"https:\/\/plejada.pl\/newsy\/trzy-slubne-kreacje-katarzyny-cichopek-na-weselu-pojawila-sie-w-spodniach\/lbbpkdz\" id=\"8cdaccd0-ae0d-4605-bffe-fdc8c9f0163b\" rel=\"nofollow noopener\" target=\"_blank\">Trzy \u015blubne kreacje Katarzyny Cichopek. Na weselu pojawi\u0142a si\u0119 w spodniach<\/a><\/p>\n<p class=\"Paragraph_desktopParagraph__U31Gm\">Dzi\u0119kujemy, \u017ce przeczyta\u0142a\u015b\/e\u015b nasz artyku\u0142 do ko\u0144ca. W serwisie Plejada.pl ka\u017cdego dnia piszemy o najwa\u017cniejszych wydarzeniach show-biznesowych. B\u0105d\u017a na bie\u017c\u0105co! <a rel=\"nofollow noopener\" href=\"https:\/\/profile.google.com\/cp\/Cg0vZy8xMWJ6X19wdHBx\" id=\"4f466fd7-49f8-4093-9fc5-8dd2f16a0106\" target=\"_blank\">Obserwuj<\/a> Plejad\u0119 w Google. Odwied\u017a nas tak\u017ce na <a rel=\"nofollow noopener\" href=\"https:\/\/www.facebook.com\/plejadapl\" id=\"487a9da7-b0f4-422b-bce0-88995da34b4c\" target=\"_blank\">Facebooku<\/a>, <a rel=\"nofollow noopener\" href=\"https:\/\/www.instagram.com\/plejadapl\/\" id=\"cf5310c5-ce2c-476b-aa06-73b2df1d24a6\" target=\"_blank\">Instagramie<\/a>, <a rel=\"nofollow noopener\" href=\"https:\/\/www.youtube.com\/c\/plejada\" id=\"98315bd9-29e4-4a04-8301-4e7bcdeb5a5c\" target=\"_blank\">YouTubie<\/a> oraz <a rel=\"nofollow noopener\" href=\"https:\/\/www.tiktok.com\/@plejada_pl\" id=\"429ce27b-728a-4e3a-999f-32255226a476\" target=\"_blank\">TikToku<\/a>.<\/p>\n<p class=\"Paragraph_desktopParagraph__U31Gm\">Chcesz podzieli\u0107 si\u0119 ciekawym newsem lub zaproponowa\u0107 temat? Skontaktuj si\u0119 z nami, pisz\u0105c maila na adres: <a href=\"https:\/\/www.onet.pl\/styl-zycia\/plejada\/katarzyna-cichopek-kradnie-show-na-warszawskich-poprawinach-tylko-spojrzcie-na-te\/mailto:plejada@redakcjaonet.pl\" id=\"bbd6ee63-3f52-4fef-897f-f9e704f916e3\" rel=\"nofollow noopener\" target=\"_blank\">plejada@redakcjaon<\/a><a rel=\"nofollow noopener\" href=\"https:\/\/et.pl\/\" id=\"c5e8e912-1d44-4016-8a84-d4a81bb2ed60\" target=\"_blank\">et.pl<\/a>.<\/p>\n<p><script async src=\"\/\/www.instagram.com\/embed.js\"><\/script><script async src=\"\/\/www.tiktok.com\/embed.js\"><\/script><\/p>\n","protected":false},"excerpt":{"rendered":"Katarzyna Cichopek i Maciej Kurzajewski ponad miesi\u0105c temu stan\u0119li na \u015blubnym kobiercu. Ceremonia za\u015blubin oraz wesele odby\u0142y si\u0119&hellip;\n","protected":false},"author":2,"featured_media":149028,"comment_status":"","ping_status":"","sticky":false,"template":"","format":"standard","meta":{"footnotes":""},"categories":[22],"tags":[122,67,5649,5711,5650,53,52,68,51,55,42,38,40,39,41,123,47,196,65,50],"class_list":{"0":"post-149027","1":"post","2":"type-post","3":"status-publish","4":"format-standard","5":"has-post-thumbnail","7":"category-rozrywka","8":"tag-entertainment","9":"tag-intextvideo_splayer","10":"tag-katarzyna_cichopek","11":"tag-katarzyna_cichopek_aktorka","12":"tag-maciej_kurzajewski","13":"tag-new_header","14":"tag-onet3","15":"tag-onet3d","16":"tag-onet3d_2i","17":"tag-phx","18":"tag-pl","19":"tag-poland","20":"tag-polish","21":"tag-polska","22":"tag-polski","23":"tag-rozrywka","24":"tag-screening_general","25":"tag-styl_zycia","26":"tag-update_me","27":"tag-v2021"},"share_on_mastodon":{"url":"https:\/\/pubeurope.com\/@pl\/115714436973030562","error":""},"_links":{"self":[{"href":"https:\/\/www.europesays.com\/pl\/wp-json\/wp\/v2\/posts\/149027","targetHints":{"allow":["GET"]}}],"collection":[{"href":"https:\/\/www.europesays.com\/pl\/wp-json\/wp\/v2\/posts"}],"about":[{"href":"https:\/\/www.europesays.com\/pl\/wp-json\/wp\/v2\/types\/post"}],"author":[{"embeddable":true,"href":"https:\/\/www.europesays.com\/pl\/wp-json\/wp\/v2\/users\/2"}],"replies":[{"embeddable":true,"href":"https:\/\/www.europesays.com\/pl\/wp-json\/wp\/v2\/comments?post=149027"}],"version-history":[{"count":0,"href":"https:\/\/www.europesays.com\/pl\/wp-json\/wp\/v2\/posts\/149027\/revisions"}],"wp:featuredmedia":[{"embeddable":true,"href":"https:\/\/www.europesays.com\/pl\/wp-json\/wp\/v2\/media\/149028"}],"wp:attachment":[{"href":"https:\/\/www.europesays.com\/pl\/wp-json\/wp\/v2\/media?parent=149027"}],"wp:term":[{"taxonomy":"category","embeddable":true,"href":"https:\/\/www.europesays.com\/pl\/wp-json\/wp\/v2\/categories?post=149027"},{"taxonomy":"post_tag","embeddable":true,"href":"https:\/\/www.europesays.com\/pl\/wp-json\/wp\/v2\/tags?post=149027"}],"curies":[{"name":"wp","href":"https:\/\/api.w.org\/{rel}","templated":true}]}}