{"id":149411,"date":"2025-12-14T01:44:13","date_gmt":"2025-12-14T01:44:13","guid":{"rendered":"https:\/\/www.europesays.com\/pl\/149411\/"},"modified":"2025-12-14T01:44:13","modified_gmt":"2025-12-14T01:44:13","slug":"podniesli-cene-za-f-35-tym-razem-amerykanie-sie-przeliczyli","status":"publish","type":"post","link":"https:\/\/www.europesays.com\/pl\/149411\/","title":{"rendered":"Podnie\u015bli cen\u0119 za F-35. Tym razem Amerykanie si\u0119 przeliczyli"},"content":{"rendered":"<p>W 2022 r. podpisano kontrakt, na mocy kt\u00f3rego Szwajcaria mia\u0142a wzbogaci\u0107 swoje lotnictwo bojowe o\u00a036 <a href=\"https:\/\/tech.wp.pl\/swiat-patrzy-i-zazdrosci-kolejny-polski-f-35-w-powietrzu,7230186364459968a\" rel=\"noopener noreferrer nofollow\" target=\"_blank\">my\u015bliwc\u00f3w F-35<\/a> (w wariancie F-35A). Opiewa\u0142 on na kwot\u0119 ok. 6\u00a0mld frank\u00f3w szwajcarskich. Stany Zjednoczone uzna\u0142y jednak p\u00f3\u017aniej, \u017ce taka stawka by\u0142a &#8222;nieporozumieniem&#8221; i\u00a0ostatecznie w\u00a02025 r. zdecydowa\u0142y si\u0119 podnie\u015b\u0107 cen\u0119, argumentuj\u0105c to m.in. inflacj\u0105 i\u00a0wzrostem cen surowc\u00f3w oraz energii.<\/p>\n<p>Oszacowano, \u017ce w\u00a0efekcie dodatkowych \u017c\u0105da\u0144 zza oceanu koszt zakupu F-35 przez Szwajcari\u0119 mo\u017ce si\u0119gn\u0105\u0107 nawet 7,3 mld frank\u00f3w szwajcarskich. Zamiast szukania dodatkowych \u015brodk\u00f3w finansowych w\u0142adze Szwajcarii podj\u0119\u0142y jednak inn\u0105 decyzj\u0119 &#8211;\u00a0zakupi\u0105 tyle my\u015bliwc\u00f3w F-35, na ile wystarczy pierwotnie zaplanowany na to bud\u017cet 6\u00a0mld frank\u00f3w szwajcarskich.<\/p>\n<p>&#8222;Bior\u0105c pod uwag\u0119 przewidywane dodatkowe koszty, utrzymanie pierwotnie planowanej liczby 36 my\u015bliwc\u00f3w F-35A jest niewykonalne finansowo&#8221; \u2013\u00a0poinformowa\u0142 rz\u0105d szwajcarski w\u00a0swoim o\u015bwiadczeniu.<\/p>\n<p>Szwajcarski minister obrony Martin Pfister zaznaczy\u0142, \u017ce obecnie &#8222;nie wiadomo, ile dok\u0142adnie b\u0119dzie tych samolot\u00f3w&#8221;. Doda\u0142 jednak, \u017ce argumenty za zakupem F-35 s\u0105 tak silne, \u017ce nie mo\u017cna ca\u0142kowicie z\u00a0tego zrezygnowa\u0107, poniewa\u017c jest to &#8222;my\u015bliwiec zdecydowanie najlepszy ni\u017c konkurencja&#8221;.<\/p>\n<p>Ewentualne szukanie dodatkowych funduszy na zakup wszystkich pierwotnie przewidywanych 36 sztuk F-35 ma zosta\u0107 poddane dyskusji w\u00a0p\u00f3\u017aniejszym czasie. Decyduj\u0105ca b\u0119dzie ocena, czy s\u0105 one niezb\u0119dne dla bezpiecze\u0144stwa kraju, kt\u00f3ry obecnie bazuje na F\/A-18 Hornet i\u00a0F-5.<\/p>\n<p>Produkowany przez Lockheed Martin my\u015bliwiec F-35 jest najbardziej zaawansowanym samolotem bojowym aktualnie pe\u0142ni\u0105cym s\u0142u\u017cb\u0119 w\u00a0krajach NATO i\u00a0niekt\u00f3rych armiach pozostaj\u0105cych z\u00a0Sojuszem w\u00a0dobrych relacjach. Jest konstrukcj\u0105 stealth, co utrudnia jego wykrycie przez wrogie radary, a\u00a0jednocze\u015bnie maszyn\u0105 dostosowan\u0105 nie tylko do przenoszenia konwencjonalnego uzbrojenia, ale r\u00f3wnie\u017c do prowadzenia walki radioelektronicznej.<\/p>\n","protected":false},"excerpt":{"rendered":"W 2022 r. podpisano kontrakt, na mocy kt\u00f3rego Szwajcaria mia\u0142a wzbogaci\u0107 swoje lotnictwo bojowe o\u00a036 my\u015bliwc\u00f3w F-35 (w&hellip;\n","protected":false},"author":2,"featured_media":149412,"comment_status":"","ping_status":"","sticky":false,"template":"","format":"standard","meta":{"footnotes":""},"categories":[5],"tags":[32,33,36,37,27,34,35,28,31,25,42,38,40,39,41,29,30,26],"class_list":{"0":"post-149411","1":"post","2":"type-post","3":"status-publish","4":"format-standard","5":"has-post-thumbnail","7":"category-naglowki","8":"tag-breaking-news","9":"tag-breakingnews","10":"tag-featured-news","11":"tag-featurednews","12":"tag-headlines","13":"tag-latest-news","14":"tag-latestnews","15":"tag-naglowki","16":"tag-najwazniejsze-artykuly","17":"tag-news","18":"tag-pl","19":"tag-poland","20":"tag-polish","21":"tag-polska","22":"tag-polski","23":"tag-top-stories","24":"tag-topstories","25":"tag-wiadomosci"},"share_on_mastodon":{"url":"https:\/\/pubeurope.com\/@pl\/115715392625900050","error":""},"_links":{"self":[{"href":"https:\/\/www.europesays.com\/pl\/wp-json\/wp\/v2\/posts\/149411","targetHints":{"allow":["GET"]}}],"collection":[{"href":"https:\/\/www.europesays.com\/pl\/wp-json\/wp\/v2\/posts"}],"about":[{"href":"https:\/\/www.europesays.com\/pl\/wp-json\/wp\/v2\/types\/post"}],"author":[{"embeddable":true,"href":"https:\/\/www.europesays.com\/pl\/wp-json\/wp\/v2\/users\/2"}],"replies":[{"embeddable":true,"href":"https:\/\/www.europesays.com\/pl\/wp-json\/wp\/v2\/comments?post=149411"}],"version-history":[{"count":0,"href":"https:\/\/www.europesays.com\/pl\/wp-json\/wp\/v2\/posts\/149411\/revisions"}],"wp:featuredmedia":[{"embeddable":true,"href":"https:\/\/www.europesays.com\/pl\/wp-json\/wp\/v2\/media\/149412"}],"wp:attachment":[{"href":"https:\/\/www.europesays.com\/pl\/wp-json\/wp\/v2\/media?parent=149411"}],"wp:term":[{"taxonomy":"category","embeddable":true,"href":"https:\/\/www.europesays.com\/pl\/wp-json\/wp\/v2\/categories?post=149411"},{"taxonomy":"post_tag","embeddable":true,"href":"https:\/\/www.europesays.com\/pl\/wp-json\/wp\/v2\/tags?post=149411"}],"curies":[{"name":"wp","href":"https:\/\/api.w.org\/{rel}","templated":true}]}}