{"id":149417,"date":"2025-12-14T01:50:38","date_gmt":"2025-12-14T01:50:38","guid":{"rendered":"https:\/\/www.europesays.com\/pl\/149417\/"},"modified":"2025-12-14T01:50:38","modified_gmt":"2025-12-14T01:50:38","slug":"polscy-naukowcy-ostrzegaja-przed-nowym-pasozytem-pochodzi-od-szopa-pracza-polsatnews-pl","status":"publish","type":"post","link":"https:\/\/www.europesays.com\/pl\/149417\/","title":{"rendered":"Polscy naukowcy ostrzegaj\u0105 przed nowym paso\u017cytem. Pochodzi od szopa pracza &#8211; PolsatNews.pl"},"content":{"rendered":"<ol>\n<li><a href=\"https:\/\/news.google.com\/rss\/articles\/CBMitwFBVV95cUxQeDRNc1o0anZWbnBpLUc3dWh3bXNnQWdtcThaaENuSkRBdUhUb3ZXcXR1Y056V0hmclVNejhUa1VvbDk3RXlQYTRLSWV4YTVQLUw5TmROaHZlRi0xenNub3R6OWptaVhiNWNaamd6SUZyUUVzcTNqeTcxZEQ2MVdrcVlrcC1fazJlZUhCRW10R0NnaGQtV0RETXkwSW5TbnZLZmhvdnJCTjd1VHFDYW9YRUl4d3hWZWc?oc=5\" target=\"_blank\" rel=\"nofollow noopener\">Polscy naukowcy ostrzegaj\u0105 przed nowym paso\u017cytem. Pochodzi od szopa pracza<\/a>&nbsp;&nbsp;PolsatNews.pl<\/li>\n<li><a href=\"https:\/\/news.google.com\/rss\/articles\/CBMiwAFBVV95cUxPd3FlWFdZSmJuTFJSbU5pV2tlWEN2d1pWUkhwemowOXZJQzROY3k3bjZLNENhNFozRV9pNzFJbDRXbjhuYnFWYzJGMFF2X3VwZ1FGYzhqbktWcFNYNzNqc2R3eXR6bnBKczlLdUc5bk1aaS0td3JESlVYaHVDRE1ReE5XZFdUdmNkOHpFLXFPRFVtTDBjY3ZjaUgtTm5iZUQxdnBxNWtnZVVyQmhIdTJtd3hVVGRTSFRRVVZaLWFWd0Y?oc=5\" target=\"_blank\" rel=\"nofollow noopener\">Nowy paso\u017cyt w Polsce. Przyby\u0142 z Ameryki, a szkodzi\u0107 mo\u017ce nie tylko przyrodzie<\/a>&nbsp;&nbsp;WP abcZdrowie<\/li>\n<li><a href=\"https:\/\/news.google.com\/rss\/articles\/CBMiqAFBVV95cUxPQjd4M0dnZGpOc2N6M0hVUVFIUm5CUVhWU3U1T0diMDIxZUZjMWY5dmRzaFJnZHdPZTZlazQyR3JGLWZYVEhRUFd5eUYybGwyWmFGTzM1X3l6cnpacE9tcU5uUi1sazVRQWRNT2xwTFFGM28xcDdhUG0tSVBCRVg0djhRS2IxYVNPRDl1SFhPWWRPYktPa3hJSEpacGJmTmdiYmRmS1c5OEU?oc=5\" target=\"_blank\" rel=\"nofollow noopener\">Badacze potwierdzaj\u0105: nowy paso\u017cyt dotar\u0142 do Polski<\/a>&nbsp;&nbsp;Zielony Onet<\/li>\n<li><a href=\"https:\/\/news.google.com\/rss\/articles\/CBMitAFBVV95cUxPNUNYUlllVnJQSmZJXzgyTXR3eWoyeHBkSHBaUkxLMHI5OFZ2bnY2cmphaVlQcF9ZaHo5TDE5Y3hQZ3V4MWdrRmhlVzREZnlQYmtNTi1tVUNtdFJCRTB5ZXVYVVBRWmZvZElnNC1kNFVCY3Nmd2FBblozb01ySU5VOTFBU01kdG1qNFVoejFtcW5NMWhyQXljZ3lZaDJiTnNYQXcxMmJkRjRCb0hrU0xHWEJhQUE?oc=5\" target=\"_blank\" rel=\"nofollow noopener\">Szopy pracze roznosz\u0105 nowego paso\u017cyta. Gatunek szybko rozprzestrzenia si\u0119 w regionie<\/a>&nbsp;&nbsp;TVP Gorz\u00f3w Wielkopolski<\/li>\n<li><a href=\"https:\/\/news.google.com\/rss\/articles\/CBMi2wFBVV95cUxOa2t0RTY1bjRuNHp5THVLbktEblhVY0dXNWNuOTlrTi0xQmJvWmVEYnVMaFdRbVBfZzZpR1EydDVUQXhXMlBVX0tiamx2WVBmVElXSVdwS1VYSHpwalgyRWhramFfVDMtMnBnMjNFU0IyRC1QTnc2al9IUzB0X19TVE9oUUt6SXFEb0NubnVtNjZRaXh4d2RreWlIQ3kzcDJJNjJzTzR3WFRJQTdoZHlua2pFaUlyMGwyZDc2VlZ2QTNNbGdJdlRjdUQwMUlJRjhERm51RVZ2SDlWZEE?oc=5\" target=\"_blank\" rel=\"nofollow noopener\">Niepokoj\u0105ce odkrycie w Polsce. Naukowcy znale\u017ali nieznanego dot\u0105d paso\u017cyta w okolicach Zielonej G\u00f3ry<\/a>&nbsp;&nbsp;PoradnikZdrowie.pl<\/li>\n<\/ol>\n","protected":false},"excerpt":{"rendered":"Polscy naukowcy ostrzegaj\u0105 przed nowym paso\u017cytem. Pochodzi od szopa pracza&nbsp;&nbsp;PolsatNews.pl Nowy paso\u017cyt w Polsce. Przyby\u0142 z Ameryki, a&hellip;\n","protected":false},"author":2,"featured_media":149418,"comment_status":"","ping_status":"","sticky":false,"template":"","format":"standard","meta":{"footnotes":""},"categories":[12],"tags":[32,33,36,37,27,34,35,28,31,25,42,38,40,39,41,29,30,26],"class_list":{"0":"post-149417","1":"post","2":"type-post","3":"status-publish","4":"format-standard","5":"has-post-thumbnail","7":"category-polska","8":"tag-breaking-news","9":"tag-breakingnews","10":"tag-featured-news","11":"tag-featurednews","12":"tag-headlines","13":"tag-latest-news","14":"tag-latestnews","15":"tag-naglowki","16":"tag-najwazniejsze-artykuly","17":"tag-news","18":"tag-pl","19":"tag-poland","20":"tag-polish","21":"tag-polska","22":"tag-polski","23":"tag-top-stories","24":"tag-topstories","25":"tag-wiadomosci"},"share_on_mastodon":{"url":"https:\/\/pubeurope.com\/@pl\/115715416054749390","error":""},"_links":{"self":[{"href":"https:\/\/www.europesays.com\/pl\/wp-json\/wp\/v2\/posts\/149417","targetHints":{"allow":["GET"]}}],"collection":[{"href":"https:\/\/www.europesays.com\/pl\/wp-json\/wp\/v2\/posts"}],"about":[{"href":"https:\/\/www.europesays.com\/pl\/wp-json\/wp\/v2\/types\/post"}],"author":[{"embeddable":true,"href":"https:\/\/www.europesays.com\/pl\/wp-json\/wp\/v2\/users\/2"}],"replies":[{"embeddable":true,"href":"https:\/\/www.europesays.com\/pl\/wp-json\/wp\/v2\/comments?post=149417"}],"version-history":[{"count":0,"href":"https:\/\/www.europesays.com\/pl\/wp-json\/wp\/v2\/posts\/149417\/revisions"}],"wp:featuredmedia":[{"embeddable":true,"href":"https:\/\/www.europesays.com\/pl\/wp-json\/wp\/v2\/media\/149418"}],"wp:attachment":[{"href":"https:\/\/www.europesays.com\/pl\/wp-json\/wp\/v2\/media?parent=149417"}],"wp:term":[{"taxonomy":"category","embeddable":true,"href":"https:\/\/www.europesays.com\/pl\/wp-json\/wp\/v2\/categories?post=149417"},{"taxonomy":"post_tag","embeddable":true,"href":"https:\/\/www.europesays.com\/pl\/wp-json\/wp\/v2\/tags?post=149417"}],"curies":[{"name":"wp","href":"https:\/\/api.w.org\/{rel}","templated":true}]}}