{"id":149421,"date":"2025-12-14T01:52:12","date_gmt":"2025-12-14T01:52:12","guid":{"rendered":"https:\/\/www.europesays.com\/pl\/149421\/"},"modified":"2025-12-14T01:52:12","modified_gmt":"2025-12-14T01:52:12","slug":"zuzel-nie-odpuszczam-orwat-zdradzil-gdzie-podpisal-kontrakt","status":"publish","type":"post","link":"https:\/\/www.europesays.com\/pl\/149421\/","title":{"rendered":"\u017bu\u017cel. &#8222;Nie odpuszczam&#8221;. Orwat zdradzi\u0142, gdzie podpisa\u0142 kontrakt"},"content":{"rendered":"\n<p class=\"contentpart contentpart--default contentpart--text\" data-position=\"0\"><a href=\"https:\/\/sportowefakty.wp.pl\/zuzel\/tomasz-orwat\" rel=\"nofollow noopener\" target=\"_blank\">Tomasz Orwat<\/a>\u00a0uda\u0142 si\u0119 ostatnio w podr\u00f3\u017c do Dubaju, gdzie wzi\u0105\u0142 udzia\u0142 w\u00a0Pucharze \u015awiata w rajdach Baja. <a href=\"https:\/\/sportowefakty.wp.pl\/zuzel\/1221375\/debiut-eksperta-canal-w-nowej-roli-co-za-wynik-w-dubaju\" rel=\"nofollow noopener\" target=\"blank\">Polak spisa\u0142 si\u0119 tam naprawd\u0119 rewelacyjnie, jak na debiutanta<\/a>.\u00a0Teraz planuje starty w trudniejszych zawodach i my\u015bli o udziale w Rajdzie Dakar, <a href=\"https:\/\/sportowefakty.wp.pl\/zuzel\/1221613\/myslalem-ze-sie-nie-uratuje-polak-ujawnia-co-przezyl-w-dubaju\" rel=\"nofollow noopener\" target=\"blank\">o czym opowiada\u0142 w rozmowie z WP SportoweFakty<\/a>.<\/p>\n<p class=\"contentpart contentpart--default contentpart--text\" data-position=\"1\">Co zatem z \u017cu\u017clem? W rozmowie z redbull.com przyzna\u0142 otwarcie, \u017ce nie zamierza odpuszcza\u0107, a udzia\u0142 w rajdach przywr\u00f3ci\u0142 mu wiar\u0119 w siebie i ochot\u0119 do rywalizacji. &#8211;\u00a0Mog\u0119 zdradzi\u0107, \u017ce podpisa\u0142em kontrakt z wracaj\u0105cym na \u017cu\u017clow\u0105 map\u0119 <a href=\"https:\/\/sportowefakty.wp.pl\/zuzel\/slask-swietochlowice\" rel=\"nofollow noopener\" target=\"_blank\">\u015al\u0105skiem \u015awi\u0119toch\u0142owice<\/a>. Chc\u0119 spr\u00f3bowa\u0107 jeszcze raz. Przygotuj\u0119 si\u0119 najlepiej, jak b\u0119d\u0119 umia\u0142 i na pewno zadbam o sw\u00f3j park maszyn.<\/p>\n<p> <img role=\"presentation\" src=\"https:\/\/std.wpcdn.pl\/images\/adv\/placeholder_wp.svg\" loading=\"lazy\" alt=\"\" decoding=\"async\"\/>  <\/p>\n<p class=\"contentpart contentpart--default contentpart--text\" data-position=\"2\">ZOBACZ WIDEO: Chomski t\u0142umaczy brak Palucha i Janowskiego w kadrze<\/p>\n<p class=\"contentpart contentpart--default contentpart--text\" data-position=\"4\">Bydgoszczanin w minionym sezonie wystartowa\u0142 w tylko jednym turnieju, by utrzyma\u0107 sw\u00f3j certyfikat. Rok wcze\u015bniej te\u017c nie \u015bciga\u0142 si\u0119 regularnie, cho\u0107 szuka\u0142 swoich szans, gdzie tylko si\u0119 da\u0142o. Wierzy, \u017ce jeszcze nie b\u0119dzie musia\u0142 odwiesza\u0107 kevlaru na ko\u0142ek.<\/p>\n<p class=\"contentpart contentpart--default contentpart--text\" data-position=\"5\">&#8211; Pocz\u0105tek sezonu da mi odpowiedzi na najwa\u017cniejsze pytania, bo nie jestem ju\u017c na etapie, by cokolwiek robi\u0107 na si\u0142\u0119, czy inwestowa\u0107 czas i pieni\u0105dze, kt\u00f3re b\u0119d\u0105 sz\u0142y jak krew piach. Piach jest fajny, ale na inny motor (\u015bmiech). Je\u015bli b\u0119dzie \u017car\u0142o i uznam, \u017ce to ma sens, a wyniki b\u0119d\u0105 satysfakcjonowa\u0107 klub, na pewno dam z siebie wszystko. I bardzo chcia\u0142bym, \u017ceby tak by\u0142o. Ale nic na si\u0142\u0119 &#8211; doda\u0142 Orwat.<\/p>\n","protected":false},"excerpt":{"rendered":"Tomasz Orwat\u00a0uda\u0142 si\u0119 ostatnio w podr\u00f3\u017c do Dubaju, gdzie wzi\u0105\u0142 udzia\u0142 w\u00a0Pucharze \u015awiata w rajdach Baja. Polak spisa\u0142&hellip;\n","protected":false},"author":2,"featured_media":149422,"comment_status":"","ping_status":"","sticky":false,"template":"","format":"standard","meta":{"footnotes":""},"categories":[24],"tags":[3404,42,38,40,39,41,29522,127,126,30148,174],"class_list":{"0":"post-149421","1":"post","2":"type-post","3":"status-publish","4":"format-standard","5":"has-post-thumbnail","7":"category-sport","8":"tag-krajowa-liga-zuzlowa","9":"tag-pl","10":"tag-poland","11":"tag-polish","12":"tag-polska","13":"tag-polski","14":"tag-slask-swietochlowice","15":"tag-sport","16":"tag-sports","17":"tag-tomasz-orwat","18":"tag-zuzel"},"share_on_mastodon":{"url":"https:\/\/pubeurope.com\/@pl\/115715423877571585","error":""},"_links":{"self":[{"href":"https:\/\/www.europesays.com\/pl\/wp-json\/wp\/v2\/posts\/149421","targetHints":{"allow":["GET"]}}],"collection":[{"href":"https:\/\/www.europesays.com\/pl\/wp-json\/wp\/v2\/posts"}],"about":[{"href":"https:\/\/www.europesays.com\/pl\/wp-json\/wp\/v2\/types\/post"}],"author":[{"embeddable":true,"href":"https:\/\/www.europesays.com\/pl\/wp-json\/wp\/v2\/users\/2"}],"replies":[{"embeddable":true,"href":"https:\/\/www.europesays.com\/pl\/wp-json\/wp\/v2\/comments?post=149421"}],"version-history":[{"count":0,"href":"https:\/\/www.europesays.com\/pl\/wp-json\/wp\/v2\/posts\/149421\/revisions"}],"wp:featuredmedia":[{"embeddable":true,"href":"https:\/\/www.europesays.com\/pl\/wp-json\/wp\/v2\/media\/149422"}],"wp:attachment":[{"href":"https:\/\/www.europesays.com\/pl\/wp-json\/wp\/v2\/media?parent=149421"}],"wp:term":[{"taxonomy":"category","embeddable":true,"href":"https:\/\/www.europesays.com\/pl\/wp-json\/wp\/v2\/categories?post=149421"},{"taxonomy":"post_tag","embeddable":true,"href":"https:\/\/www.europesays.com\/pl\/wp-json\/wp\/v2\/tags?post=149421"}],"curies":[{"name":"wp","href":"https:\/\/api.w.org\/{rel}","templated":true}]}}