{"id":149425,"date":"2025-12-14T01:57:38","date_gmt":"2025-12-14T01:57:38","guid":{"rendered":"https:\/\/www.europesays.com\/pl\/149425\/"},"modified":"2025-12-14T01:57:38","modified_gmt":"2025-12-14T01:57:38","slug":"mieszkancy-tlumnie-ruszyli-na-swieta-na-starowce-zobacz-ile-zaplacisz-za-grzanca-i-oscypka","status":"publish","type":"post","link":"https:\/\/www.europesays.com\/pl\/149425\/","title":{"rendered":"Mieszka\u0144cy t\u0142umnie ruszyli na \u015awi\u0119ta na Star\u00f3wce. Zobacz, ile zap\u0142acisz za grza\u0144ca i oscypka!"},"content":{"rendered":"<p>12.12.2025, godz. 19:45<\/p>\n<p>\t\t\t\t\tZaczyna si\u0119 najpi\u0119kniejszy czas w roku, a wraz z nim \u015awi\u0119ta na Star\u00f3wce. Na dwa tygodnie przed Bo\u017cym Narodzeniem uliczki Bielska-Bia\u0142ej zachwycaj\u0105 \u015bwi\u0105tecznymi dekoracjami. Ceny na stoiskach gastronomicznych podobne jak rok temu.<\/p>\n<p>Od pi\u0105tku na Rynku oraz\u00a0placu Wojska Polskiego i Ratuszowym w Bielsku-Bia\u0142\u0119j trwaj\u0105 \u015awi\u0119ta na Star\u00f3wce. Na mieszka\u0144c\u00f3w czekaj\u0105 tu stoiska gastronomiczne.\u00a0Sprawdzili\u015bmy ceny niekt\u00f3rych specja\u0142\u00f3w.<\/p>\n<p>&#8211; Dekoracje \u0142adne, miasto jest zawsze \u0142adnie udekorowane, ale brakuje \u015bwi\u0105tecznego klimatu i \u015bniegu &#8211; m\u00f3wi\u0142a nam pani Agnieszka, mieszkanka Bielska-Bia\u0142ej, kt\u00f3ra co roku pojawia si\u0119 na \u015awi\u0119tach na Star\u00f3wce. A jak ceny? &#8211; Z tego co wida\u0107, to s\u0105 dosy\u0107 makabryczne &#8211; dodawa\u0142 towarzysz\u0105cy jej pan Jan.<\/p>\n<p>Sprawdzili\u015bmy ceny na stoiskach gastronomicznych. Kr\u00f3l jarmarku \u015bwi\u0105tecznego &#8211; grzaniec &#8211; w cenie jak przed rokiem &#8211; 16 z\u0142, a du\u017cy &#8211; 30 z\u0142. Za piwo lane trzeba zap\u0142aci\u0107 14 z\u0142, a piwo grzane to wydatek 17 z\u0142.<\/p>\n<p>Zimow\u0105\u00a0herbat\u0119 znale\u017ali\u015bmy w cenie 18 z\u0142, a wersja z\u00a0\u201epr\u0105dem\u201d, czyli wi\u015bni\u00f3wk\u0105, to wydatek 26 z\u0142. Gor\u0105ca czekolada kosztuje 15 z\u0142, a z\u00a0bit\u0105 \u015bmietan\u0105 to wydatek 18 z\u0142. Za \u015bwi\u0105tecznego aperola trzeba zap\u0142aci\u0107 20 z\u0142. Nap\u00f3j gazowany w butelce &#8211; Pepsi czy Fanta &#8211;\u00a0to wydatek 14 z\u0142, a butelka wody &#8211; 9 z\u0142.<\/p>\n<p>Jak prezentuj\u0105 si\u0119 ceny przysmak\u00f3w na stoiskach gastronomicznych? Oscypek z \u017curawin\u0105, zwany te\u017c z scypkiem czy serkiem, znale\u017ali\u015bmy w cenie od 6 do 8 z\u0142, wersja z boczkiem to wydatek 9 z\u0142. Na stoiskach gastronomicznych nie brakuje chleba ze smalcem i og\u00f3rkiem. Cena pajdy waha si\u0119 od 10 do nawet 19 z\u0142.\u00a0<\/p>\n<p>\u017burek z kie\u0142bas\u0105 i ziemniakami to wydatek\u00a015 z\u0142, frytki belgijskie &#8211; 19 z\u0142, groch\u00f3wka wojskowa kosztuje 20 z\u0142, duszonki &#8211; 25 z\u0142, langosz klasyk &#8211; 27 z\u0142, kie\u0142baski w bu\u0142ce &#8211; 27 z\u0142, a karczek w bu\u0142ce &#8211; 37 z\u0142.<\/p>\n<p style=\"text-align: center;\">bb<\/p>\n<p>Artyku\u0142 wy\u015bwietlono 5680 razy.<\/p>\n<p style=\"&#10;    display: inline-block;&#10;    height: 50px;&#10;    line-height: 44px;&#10;    vertical-align: top;&#10;    position: relative;&#10;    padding-right: 5px;&#10;\">Oce\u0144 artyku\u0142:<\/p>\n<p>\t\t\t\t\t<a href=\"https:\/\/bielsko.biala.pl\/javascript:;\" id=\"w59291_rate_up\" class=\"post-rate-up active\" onclick=\"rate(&#039;aktualnosc&#039;,&#039;w&#039;,59291,1,&#039;56312c9a7315d2b71d01f535cbe75be9&#039;)\" rel=\"nofollow noopener\" target=\"_blank\">23<\/a><br \/>\n\t\t\t\t\t<a href=\"https:\/\/bielsko.biala.pl\/javascript:;\" id=\"w59291_rate_down\" class=\"post-rate-down active\" onclick=\"rate(&#039;aktualnosc&#039;,&#039;w&#039;,59291,-1,&#039;5a0a8368c08ead3cb3e4de2afc5e761b&#039;)\" rel=\"nofollow noopener\" target=\"_blank\">50<\/a><\/p>\n<p>\n\t\t\t\t\t\t\u015arednia ocena 2.3\/5 dla &#8222;Mieszka\u0144cy t\u0142umnie ruszyli na \u015awi\u0119ta na Star\u00f3wce. Zobacz, ile zap\u0142acisz za grza\u0144ca i oscypka! &#8211; foto&#8221; bazuje na 73 g\u0142osach.\n\t\t\t\t\t<\/p>\n<p>                                         <img decoding=\"async\" itemprop=\"image\" src=\"https:\/\/www.europesays.com\/pl\/wp-content\/uploads\/2025\/11\/logo-bb-white.png\" alt=\"Bielsko-Bia\u0142a\"\/><br \/>\n        Mieszka\u0144cy t\u0142umnie ruszyli na \u015awi\u0119ta na Star\u00f3wce. Zobacz, ile zap\u0142acisz za grza\u0144ca i oscypka! &#8211; foto<\/p>\n","protected":false},"excerpt":{"rendered":"12.12.2025, godz. 19:45 Zaczyna si\u0119 najpi\u0119kniejszy czas w roku, a wraz z nim \u015awi\u0119ta na Star\u00f3wce. Na dwa&hellip;\n","protected":false},"author":2,"featured_media":149426,"comment_status":"","ping_status":"","sticky":false,"template":"","format":"standard","meta":{"footnotes":""},"categories":[12],"tags":[30150,32,33,36,37,27,34,35,28,31,25,42,38,40,39,41,29,30,26,30149],"class_list":{"0":"post-149425","1":"post","2":"type-post","3":"status-publish","4":"format-standard","5":"has-post-thumbnail","7":"category-polska","8":"tag-a-wraz-z-nim-swieta-na-starowce-na-dwa-tygodnie-przed-bozym-narodzeniem-uliczki-bielska-bialej-zachwycaja-swiatecznymi-dekoracjami-ceny-na-stoiskach-gastronomicznych-podobne-jak-rok-temu","9":"tag-breaking-news","10":"tag-breakingnews","11":"tag-featured-news","12":"tag-featurednews","13":"tag-headlines","14":"tag-latest-news","15":"tag-latestnews","16":"tag-naglowki","17":"tag-najwazniejsze-artykuly","18":"tag-news","19":"tag-pl","20":"tag-poland","21":"tag-polish","22":"tag-polska","23":"tag-polski","24":"tag-top-stories","25":"tag-topstories","26":"tag-wiadomosci","27":"tag-zaczyna-sie-najpiekniejszy-czas-w-roku"},"share_on_mastodon":{"url":"","error":"Validation failed: Text character limit of 500 exceeded"},"_links":{"self":[{"href":"https:\/\/www.europesays.com\/pl\/wp-json\/wp\/v2\/posts\/149425","targetHints":{"allow":["GET"]}}],"collection":[{"href":"https:\/\/www.europesays.com\/pl\/wp-json\/wp\/v2\/posts"}],"about":[{"href":"https:\/\/www.europesays.com\/pl\/wp-json\/wp\/v2\/types\/post"}],"author":[{"embeddable":true,"href":"https:\/\/www.europesays.com\/pl\/wp-json\/wp\/v2\/users\/2"}],"replies":[{"embeddable":true,"href":"https:\/\/www.europesays.com\/pl\/wp-json\/wp\/v2\/comments?post=149425"}],"version-history":[{"count":0,"href":"https:\/\/www.europesays.com\/pl\/wp-json\/wp\/v2\/posts\/149425\/revisions"}],"wp:featuredmedia":[{"embeddable":true,"href":"https:\/\/www.europesays.com\/pl\/wp-json\/wp\/v2\/media\/149426"}],"wp:attachment":[{"href":"https:\/\/www.europesays.com\/pl\/wp-json\/wp\/v2\/media?parent=149425"}],"wp:term":[{"taxonomy":"category","embeddable":true,"href":"https:\/\/www.europesays.com\/pl\/wp-json\/wp\/v2\/categories?post=149425"},{"taxonomy":"post_tag","embeddable":true,"href":"https:\/\/www.europesays.com\/pl\/wp-json\/wp\/v2\/tags?post=149425"}],"curies":[{"name":"wp","href":"https:\/\/api.w.org\/{rel}","templated":true}]}}