{"id":149427,"date":"2025-12-14T01:58:13","date_gmt":"2025-12-14T01:58:13","guid":{"rendered":"https:\/\/www.europesays.com\/pl\/149427\/"},"modified":"2025-12-14T01:58:13","modified_gmt":"2025-12-14T01:58:13","slug":"jaroslaw-kaczynski-o-kryzysie-w-sluzbie-zdrowia-znalezlismy-sie-pod-sciana","status":"publish","type":"post","link":"https:\/\/www.europesays.com\/pl\/149427\/","title":{"rendered":"Jaros\u0142aw Kaczy\u0144ski o kryzysie w s\u0142u\u017cbie zdrowia: Znale\u017ali\u015bmy si\u0119 pod \u015bcian\u0105"},"content":{"rendered":"<p>W sobot\u0119 w Warszawie odbywa si\u0119 konferencja PiS pod has\u0142em &#8222;My\u015bl\u0105c Polska: Alternatywa 2.0: Kryzys S\u0142u\u017cby Zdrowia &#8211; Diagnoza i mo\u017cliwe rozwi\u0105zania&#8221;. Podobn\u0105 nazw\u0119 przyjmowa\u0142y te\u017c wi\u0119ksze konwencje tego ugrupowania w 2025, 2019 i 2015 r. &#8211; przygotowano w\u00f3wczas m.in. za\u0142o\u017cenia programowe PiS przed wyborami parlamentarnymi.<\/p>\n<p>\u00a0<\/p>\n<p>&#8211; Dzi\u0119kuj\u0119 za obecno\u015b\u0107 na tym wa\u017cnym spotkaniu, kt\u00f3re jest cz\u0119\u015bci\u0105 cyklu konferencji na r\u00f3\u017cne tematy, kt\u00f3re sk\u0142adaj\u0105 si\u0119 na problem Polski w 2025. Najbardziej dolegliwy i widoczny przejaw tego kryzysu, kt\u00f3ry mamy dzisiaj w Polsce, to b\u0119dzie w\u0142a\u015bnie s\u0142u\u017cba zdrowia &#8211; m\u00f3wi\u0142 Jaros\u0142aw Kaczy\u0144ski.<\/p>\n<p>Jaros\u0142aw Kaczy\u0144ski o sytuacji w s\u0142u\u017cbie zdrowia: Znale\u017ali\u015bmy si\u0119 pod \u015bcian\u0105<\/p>\n<p>&#8211; Podj\u0119cie si\u0119 daleko id\u0105cej reformy s\u0142u\u017cby zdrowia to podj\u0119cie si\u0119 przedsi\u0119wzi\u0119cia bardzo trudnego i maj\u0105cego wiele aspekt\u00f3w. Znale\u017ali\u015bmy si\u0119 pod \u015bcian\u0105 i jest najwy\u017cszy czas na tego rodzaju decyzje i zaproponowanie spo\u0142ecze\u0144stwu daleko id\u0105cych zmian &#8211; podkre\u015bli\u0142 prezes PiS.<\/p>\n<p>\u00a0<\/p>\n<p>&#8211; Mamy wiele problem\u00f3w i pierwszy z nich to brakuj\u0105ce pieni\u0105dze. S\u0142u\u017cba zdrowia to pot\u0119\u017cny zesp\u00f3\u0142 instytucji, kt\u00f3re funkcjonuj\u0105 w pewnym otoczeniu spo\u0142ecznym i podj\u0119cie dalej id\u0105cych zmian to przedsi\u0119wzi\u0119cie, kt\u00f3re zawsze b\u0119dzie uwik\u0142ane w r\u00f3\u017cnego rodzaju interesy, zwi\u0105zane z nimi napi\u0119cia i spory i w to wszystko, co wi\u0105\u017ce si\u0119 z obecnym kszta\u0142tem naszej administracji rz\u0105dowej i samorz\u0105dowej &#8211; stwierdzi\u0142.<\/p>\n<p>\u00a0<\/p>\n<p>ZOBACZ: <a href=\"https:\/\/www.polsatnews.pl\/wiadomosc\/2025-12-13\/jaki-obszar-wymaga-pilnej-poprawy-rzadu-polacy-niemal-jednomyslni-w-sondazu\/\" rel=\"nofollow noopener\" target=\"_blank\">Jaki obszar wymaga pilnej poprawy rz\u0105du? Polacy niemal jednomy\u015blni w sonda\u017cu<\/a><\/p>\n<p>\u00a0<\/p>\n<p>&#8211; Ta zmiana b\u0119dzie pewnym procesem spo\u0142ecznym, ale jestem przekonany, \u017ce trzeba to zrobi\u0107, bo obecny mechanizm jest niewydajny\u00a0&#8211; doda\u0142 Kaczy\u0144ski.<\/p>\n<p>\u00a0<\/p>\n<p data-start=\"1093\" data-end=\"1269\">Podczas konferencji PiS odb\u0119dzie si\u0119 panel dyskusyjny z udzia\u0142em polityk\u00f3w oraz zaproszonych przez nich ekspert\u00f3w, po\u015bwi\u0119cony mo\u017cliwym rozwi\u0105zaniom problem\u00f3w w s\u0142u\u017cbie zdrowia.<\/p>\n<p>\u00a0<\/p>\n<p>&#8211; Licz\u0119, \u017ce ta konferencja zaprezentuje spo\u0142ecze\u0144stwu plan, kt\u00f3ry poka\u017ce, \u017ce warto co\u015b zmieni\u0107, bo inaczej ten kryzys b\u0119dzie nadal trwa\u0142 &#8211; doda\u0142 prezes PiS.<\/p>\n<p>&#8222;My\u015bl\u0105c Polska: Alternatywa 2.0&#8221;. Konferencja PiS nt. kryzysu w s\u0142u\u017cbie zdrowia<\/p>\n<p>Rzecznik PiS Rafa\u0142 Bochenek w rozmowie z Polsk\u0105 Agencj\u0105 Prasow\u0105 podkre\u015bli\u0142, \u017ce sobotnie wydarzenie to kolejne ju\u017c spotkanie zaplanowane w ramach dyskusji programowych partii.<\/p>\n<p>\u00a0<\/p>\n<p>&#8211; Alternatywa 2.0 to kolejne nasze spotkanie programowe, tym razem na temat katastrofy w s\u0142u\u017cbie zdrowia. Obecny rz\u0105d doprowadzi\u0142 do bankructwa Narodowego Funduszu Zdrowia i nie ma recepty, jak z tej sytuacji wyj\u015b\u0107. Co gorsze, ju\u017c dzisiaj pacjenci maj\u0105 problem z dost\u0119pem do lekarza, odwo\u0142uje si\u0119 im zabiegi, a na przysz\u0142y rok rz\u0105d planuje dalsze ci\u0119cia nak\u0142ad\u00f3w na zdrowie, co tylko pogorszy t\u0119 sytuacj\u0119 &#8211; oceni\u0142 Bochenek.<\/p>\n<p>\u00a0<\/p>\n<p>Podobna konferencja PiS z panelem dyskusyjnym nt. s\u0142u\u017cby zdrowia mia\u0142a miejsce w zesz\u0142\u0105 sobot\u0119. Tym razem jednak spotkanie organizowane przez najwi\u0119ksz\u0105 parti\u0119 opozycyjn\u0105 odb\u0119dzie si\u0119 w drug\u0105 rocznic\u0119 zaprzysi\u0119\u017cenia trzeciego rz\u0105du premiera Donalda Tuska.<\/p>\n<p>\u00a0<\/p>\n<p>ZOBACZ: <a href=\"https:\/\/www.polsatnews.pl\/wiadomosc\/2025-12-12\/gadaja-nie-robia-kaczynski-podsumowuje-dwulecie-rzadu\/\" target=\"_blank\" rel=\"noopener noreferrer nofollow\">&#8222;Gadaj\u0105, nie robi\u0105&#8221;. Kaczy\u0144ski podsumowuje dwulecie rz\u0105du<\/a><\/p>\n<p>\u00a0<\/p>\n<p>Ugrupowanie kierowane przez Jaros\u0142awa Kaczy\u0144skiego od po\u0142owy listopada prowadzi kampani\u0119 konferencji prasowych, podczas kt\u00f3rych lokalni politycy krytykuj\u0105 obecny rz\u0105d za doprowadzenie do &#8211; jak cz\u0119sto okre\u015blaj\u0105 &#8211; &#8222;zapa\u015bci&#8221; w polskiej s\u0142u\u017cbie zdrowia. Dotychczas PiS zorganizowa\u0142o takie konferencje g\u0142\u00f3wnie przed szpitalami w 23 miastach w ca\u0142ym kraju.<\/p>\n<p>\u00a0<\/p>\n<p>Na pocz\u0105tku grudnia ponadto odby\u0142y si\u0119 dwa szczyty medyczne: zorganizowany przez minister zdrowia Jolant\u0119 Sobiera\u0144sk\u0105-Grend\u0119 i prezydenta Karola Nawrockiego. Skupia\u0142y si\u0119 na problemach finansowania ochrony zdrowia w kontek\u015bcie m.in. informacji o przysz\u0142orocznych wydatkach na ten cel. Deficyt NFZ w przysz\u0142ym roku szacowany jest bowiem przez MZ na oko\u0142o 23 mld z\u0142. Plan bud\u017cetu na 2026 r. zak\u0142ada, \u017ce na ochron\u0119 zdrowia ma trafi\u0107 247,8 mld z\u0142.<\/p>\n<p>\u00a0<\/p>\n<p>Widzia\u0142e\u015b co\u015b wa\u017cnego? Przy\u015blij zdj\u0119cie, film lub napisz, co si\u0119 sta\u0142o. Skorzystaj z naszej <a href=\"https:\/\/www.polsatnews.pl\/platforma-widzow\/\" target=\"_blank\" rel=\"noopener noreferrer nofollow\">Wrzutni<\/a><\/p>\n<p>                <img decoding=\"async\" src=\"https:\/\/www.europesays.com\/pl\/wp-content\/uploads\/2025\/12\/1765532289_573_yd24gdineugws4v97gyjhxo7kt1dwwg4.jpg\" alt=\"\" itemprop=\"contentUrl\" style=\"position:absolute; width: 100%; max-height: 100%;\"\/><video controls=\"\" controlslist=\"nodownload\" poster=\"https:\/\/www.europesays.com\/pl\/wp-content\/uploads\/2025\/12\/1765532289_573_yd24gdineugws4v97gyjhxo7kt1dwwg4.jpg\" class=\"videoPlayer player6855632 news__video\" data-id=\"6855632\">Twoja przegl\u0105darka nie wspiera odtwarzacza wideo&#8230;<\/video><\/p>\n<p>                <a class=\"news__read-more-button\" href=\"https:\/\/www.polsatnews.pl\/\" rel=\"nofollow noopener\" target=\"_blank\">Czytaj wi\u0119cej<\/a><\/p>\n","protected":false},"excerpt":{"rendered":"W sobot\u0119 w Warszawie odbywa si\u0119 konferencja PiS pod has\u0142em &#8222;My\u015bl\u0105c Polska: Alternatywa 2.0: Kryzys S\u0142u\u017cby Zdrowia &#8211;&hellip;\n","protected":false},"author":2,"featured_media":149428,"comment_status":"","ping_status":"","sticky":false,"template":"","format":"standard","meta":{"footnotes":""},"categories":[5],"tags":[32,33,36,37,27,34,35,28,31,25,42,38,40,39,41,29,30,26],"class_list":{"0":"post-149427","1":"post","2":"type-post","3":"status-publish","4":"format-standard","5":"has-post-thumbnail","7":"category-naglowki","8":"tag-breaking-news","9":"tag-breakingnews","10":"tag-featured-news","11":"tag-featurednews","12":"tag-headlines","13":"tag-latest-news","14":"tag-latestnews","15":"tag-naglowki","16":"tag-najwazniejsze-artykuly","17":"tag-news","18":"tag-pl","19":"tag-poland","20":"tag-polish","21":"tag-polska","22":"tag-polski","23":"tag-top-stories","24":"tag-topstories","25":"tag-wiadomosci"},"share_on_mastodon":{"url":"https:\/\/pubeurope.com\/@pl\/115715447794919288","error":""},"_links":{"self":[{"href":"https:\/\/www.europesays.com\/pl\/wp-json\/wp\/v2\/posts\/149427","targetHints":{"allow":["GET"]}}],"collection":[{"href":"https:\/\/www.europesays.com\/pl\/wp-json\/wp\/v2\/posts"}],"about":[{"href":"https:\/\/www.europesays.com\/pl\/wp-json\/wp\/v2\/types\/post"}],"author":[{"embeddable":true,"href":"https:\/\/www.europesays.com\/pl\/wp-json\/wp\/v2\/users\/2"}],"replies":[{"embeddable":true,"href":"https:\/\/www.europesays.com\/pl\/wp-json\/wp\/v2\/comments?post=149427"}],"version-history":[{"count":0,"href":"https:\/\/www.europesays.com\/pl\/wp-json\/wp\/v2\/posts\/149427\/revisions"}],"wp:featuredmedia":[{"embeddable":true,"href":"https:\/\/www.europesays.com\/pl\/wp-json\/wp\/v2\/media\/149428"}],"wp:attachment":[{"href":"https:\/\/www.europesays.com\/pl\/wp-json\/wp\/v2\/media?parent=149427"}],"wp:term":[{"taxonomy":"category","embeddable":true,"href":"https:\/\/www.europesays.com\/pl\/wp-json\/wp\/v2\/categories?post=149427"},{"taxonomy":"post_tag","embeddable":true,"href":"https:\/\/www.europesays.com\/pl\/wp-json\/wp\/v2\/tags?post=149427"}],"curies":[{"name":"wp","href":"https:\/\/api.w.org\/{rel}","templated":true}]}}