{"id":149431,"date":"2025-12-14T02:03:11","date_gmt":"2025-12-14T02:03:11","guid":{"rendered":"https:\/\/www.europesays.com\/pl\/149431\/"},"modified":"2025-12-14T02:03:11","modified_gmt":"2025-12-14T02:03:11","slug":"skandynawskie-ai-oszacowalo-liczbe-ofiar-wojen-w-2026-roku-tvp-info","status":"publish","type":"post","link":"https:\/\/www.europesays.com\/pl\/149431\/","title":{"rendered":"Skandynawskie AI oszacowa\u0142o liczb\u0119 ofiar wojen w 2026 roku &#8211; TVP Info"},"content":{"rendered":"<ol>\n<li><a href=\"https:\/\/news.google.com\/rss\/articles\/CBMikgFBVV95cUxOcFdxNHBLUzF3SzhCWkcwd0RYZXF5ZmVOS3ZQVGYxNHVTSkRYU0dRenU0cUhITU1ERHJ4TXdQV3JHX19aUjlreC1VeENHQTFCaXJYeE00bUdlUkN5NnlFSlFWWkl3RmtXR0dsQW1DdHZ4X3dtcm50SFY5SmZNRTRoZUJ3Z2xOVFo4bE0wdDVmS1J6Zw?oc=5\" target=\"_blank\" rel=\"nofollow noopener\">Skandynawskie AI oszacowa\u0142o liczb\u0119 ofiar wojen w 2026 roku<\/a>&nbsp;&nbsp;TVP Info<\/li>\n<li><a href=\"https:\/\/news.google.com\/rss\/articles\/CBMirgFBVV95cUxQakppWGpwS0pzNlZrUlJzSFh4Z25SRlJadkgxT3Y0LWxIalZfZHJhRzk0dV9ORUg5VGh0dkVjTnNWMExyN3J1VE5MYk43V25zaHZYOVZpLVhnWGdOMmFYaFB6MDdxZ0o3eHU1a2I0dC1mSDdDYnVUeGhCek1ibnFJVXRkV3FBbDAwODdsRmJsUjQ3eDRQaUJqLTVoeUpKOWt4aDV3a2UzUVFmVUJKbEE?oc=5\" target=\"_blank\" rel=\"nofollow noopener\">Opracowali prognoz\u0119 na 2026 rok. W tych krajach najwi\u0119cej ofiar<\/a>&nbsp;&nbsp;o2.pl<\/li>\n<li><a href=\"https:\/\/news.google.com\/rss\/articles\/CBMitgFBVV95cUxPVmNNSHEtOXNSanJuaG91Zk8wZ2x4RDlUbnVIVkZpVHZXNWR4T0hPSnA3aFV3SjBYUTFGRUU0SUVWVkxkelozaXdpNURrSTlvcU91U2dHbzJGWFRtaUFDVFAwZlFMU1NFRXNWUXdMcVJCazNMMDZreVA5bTJiRkI1RFg2MVVxS2YzV1I5bENOX0M2X0NaNGk4X0dHa25BZkVyenZXVEJFd1NZNnJDNFo0TmE1VDB4Zw?oc=5\" target=\"_blank\" rel=\"nofollow noopener\">Naukowcy oszacowali liczb\u0119 ofiar najwi\u0119kszych konflikt\u00f3w zbrojnych w 2026 roku<\/a>&nbsp;&nbsp;WNP.PL<\/li>\n<li><a href=\"https:\/\/news.google.com\/rss\/articles\/CBMixAFBVV95cUxQbGNmRXVDaVZwbUZKYktMb3ZLOGZFeVhndDdFM0dORDdOTWdkS2JZVU1aRFRESFhXYWFFVnpKV3Z3UmppbThGSUczNngxRjFtTlpTeU0wMndpaWlGb1hrZmtiVlE0SHotQUl5YUpIVTlWQ193czNQZE5CRlNWbnVaQ01Hc1pkUkg5ZGc2OHlvbGZSeW9fNTVQMWF4TWJiRUNMQlVkRnNkT19xRzJwTk15RlFWQTI1MUh4WXplVGJ1OUNKSlA2?oc=5\" target=\"_blank\" rel=\"nofollow noopener\">Norwegia: naukowcy oszacowali liczb\u0119 ofiar najwi\u0119kszych konflikt\u00f3w zbrojnych w 2026 roku<\/a>&nbsp;&nbsp;RadioMaryja.pl<\/li>\n<\/ol>\n","protected":false},"excerpt":{"rendered":"Skandynawskie AI oszacowa\u0142o liczb\u0119 ofiar wojen w 2026 roku&nbsp;&nbsp;TVP Info Opracowali prognoz\u0119 na 2026 rok. W tych krajach&hellip;\n","protected":false},"author":2,"featured_media":149432,"comment_status":"","ping_status":"","sticky":false,"template":"","format":"standard","meta":{"footnotes":""},"categories":[14],"tags":[32,33,27,34,35,28,31,25,40,41,80,29,30,26,82,83,84],"class_list":{"0":"post-149431","1":"post","2":"type-post","3":"status-publish","4":"format-standard","5":"has-post-thumbnail","7":"category-swiat","8":"tag-breaking-news","9":"tag-breakingnews","10":"tag-headlines","11":"tag-latest-news","12":"tag-latestnews","13":"tag-naglowki","14":"tag-najwazniejsze-artykuly","15":"tag-news","16":"tag-polish","17":"tag-polski","18":"tag-swiat","19":"tag-top-stories","20":"tag-topstories","21":"tag-wiadomosci","22":"tag-world","23":"tag-world-news","24":"tag-worldnews"},"share_on_mastodon":{"url":"https:\/\/pubeurope.com\/@pl\/115715467153137806","error":""},"_links":{"self":[{"href":"https:\/\/www.europesays.com\/pl\/wp-json\/wp\/v2\/posts\/149431","targetHints":{"allow":["GET"]}}],"collection":[{"href":"https:\/\/www.europesays.com\/pl\/wp-json\/wp\/v2\/posts"}],"about":[{"href":"https:\/\/www.europesays.com\/pl\/wp-json\/wp\/v2\/types\/post"}],"author":[{"embeddable":true,"href":"https:\/\/www.europesays.com\/pl\/wp-json\/wp\/v2\/users\/2"}],"replies":[{"embeddable":true,"href":"https:\/\/www.europesays.com\/pl\/wp-json\/wp\/v2\/comments?post=149431"}],"version-history":[{"count":0,"href":"https:\/\/www.europesays.com\/pl\/wp-json\/wp\/v2\/posts\/149431\/revisions"}],"wp:featuredmedia":[{"embeddable":true,"href":"https:\/\/www.europesays.com\/pl\/wp-json\/wp\/v2\/media\/149432"}],"wp:attachment":[{"href":"https:\/\/www.europesays.com\/pl\/wp-json\/wp\/v2\/media?parent=149431"}],"wp:term":[{"taxonomy":"category","embeddable":true,"href":"https:\/\/www.europesays.com\/pl\/wp-json\/wp\/v2\/categories?post=149431"},{"taxonomy":"post_tag","embeddable":true,"href":"https:\/\/www.europesays.com\/pl\/wp-json\/wp\/v2\/tags?post=149431"}],"curies":[{"name":"wp","href":"https:\/\/api.w.org\/{rel}","templated":true}]}}