{"id":149514,"date":"2025-12-14T03:51:13","date_gmt":"2025-12-14T03:51:13","guid":{"rendered":"https:\/\/www.europesays.com\/pl\/149514\/"},"modified":"2025-12-14T03:51:13","modified_gmt":"2025-12-14T03:51:13","slug":"przyjaciel-ujawnil-jak-wygladaly-ostatnie-miesiace-zycia-magdy-umer-wierzylismy-do-konca","status":"publish","type":"post","link":"https:\/\/www.europesays.com\/pl\/149514\/","title":{"rendered":"Przyjaciel ujawni\u0142, jak wygl\u0105da\u0142y ostatnie miesi\u0105ce \u017cycia Magdy Umer. 'Wierzyli\u015bmy do ko\u0144ca!&#8217;"},"content":{"rendered":"<p class=\"art_paragraph\">Wiadomo\u015b\u0107 o \u015bmierci <a href=\"https:\/\/www.plotek.pl\/magda-umer\" class=\"art_link\" rel=\"dofollow noopener\" target=\"_blank\">Magdy Ume<\/a>r nadesz\u0142a w pi\u0105tek, 12 grudnia. To wtedy jej rodzina opublikowa\u0142a poruszaj\u0105ce zdj\u0119cie na jej facebookowym profilu i przekaza\u0142a smutne wie\u015bci. &#8222;Dzisiaj po po\u0142udniu odesz\u0142a nasza ukochana Mama i Babcia. Uwielbia\u0142a tu zagl\u0105da\u0107 i pisa\u0107. Mateusz i Franek&#8221; &#8211; mogli\u015bmy przeczyta\u0107. Od tego momentu w sieci bliscy i przyjaciele artystki dzielili si\u0119 swoimi wspomnieniami z ni\u0105 zwi\u0105zanymi i \u017cegnali Umer w poruszaj\u0105cych wpisach. Tak te\u017c zrobi\u0142 doktor Witold Kirstein, kt\u00f3ry ujawni\u0142, jak wygl\u0105da\u0142y ostatnie miesi\u0105ce \u017cycia Magdy Umer.<\/p>\n<p>\n    Zobacz wideo Tajemnicza \u015bmier\u0107 by\u0142ej uczestniczki \u201eTop Model&#8221;. Nie wiadomo, jak zgin\u0119\u0142a\n  <\/p>\n<p> Tak wygl\u0105da\u0142y ostatnie miesi\u0105ce \u017cycia Magdy Umer. Przyjaciel wszystko ujawni\u0142<\/p>\n<p class=\"art_paragraph\">W ostatnich miesi\u0105cach \u017cycia Magda Umer zmaga\u0142a si\u0119 z problemami zdrowotnymi. Przez to musia\u0142a znacznie zwolni\u0107, zrezygnowa\u0107 z wielu wyst\u0119p\u00f3w i ograniczy\u0107 swoj\u0105 aktywno\u015b\u0107 zawodow\u0105. Bliscy nie kryj\u0105, \u017ce by\u0142 to dla wszystkich bardzo trudny czas. Wi\u0119cej szczeg\u00f3\u0142\u00f3w poznajemy dzi\u0119ki wieloletniemu przyjacielowi Magdy Umer, doktorowi Witoldowi Kirsteinowi, kt\u00f3ry opublikowa\u0142 na Facebooku poruszaj\u0105cy wpis.<\/p>\n<p class=\"art_paragraph\">Witold Kirstein zamie\u015bci\u0142 na Facebooku zdj\u0119cie zrobione przez Magd\u0119 Umer. Wida\u0107 na nim le\u015bn\u0105 drog\u0119, na kt\u00f3rej stoi rower. Fotografia jest wyj\u0105tkowo wymowna, zw\u0142aszcza w towarzystwie wpisu zamieszczonego przez lekarza. &#8222;Magda, kochana! Wierzyli\u015bmy do ko\u0144ca! Teraz pustka, b\u00f3l, smutek i brak s\u0142\u00f3w! Te ostatnie trzy miesi\u0105ce by\u0142y jak z\u0142y sen, kt\u00f3ry kompletnie do ciebie nie pasowa\u0142&#8221; &#8211; czytamy.<\/p>\n<p> Matylda Dami\u0119cka wspomina Magd\u0119 Umer. Fani nie mog\u0105 powstrzyma\u0107 \u0142ez<\/p>\n<p class=\"art_paragraph\">W\u015br\u00f3d os\u00f3b, kt\u00f3re zabra\u0142y g\u0142os po \u015bmierci Magdy Umer, znalaz\u0142a si\u0119 r\u00f3wnie\u017c Matylda Dami\u0119cka. Opublikowa\u0142a now\u0105 grafik\u0119, kt\u00f3ra przedstawia artystk\u0119. W opisie znalaz\u0142 si\u0119 hashtag &#8222;dop\u00f3ki jestem&#8221;. Na ramieniu piosenkarki znalaz\u0142y si\u0119 dwa \u015bwierszcze, kt\u00f3re nawi\u0105zuj\u0105 do utworu &#8222;Koncert jesienny na dwa \u015bwierszcze i wiatr w kominie&#8221;. Grafika oczarowa\u0142a fan\u00f3w, kt\u00f3rzy natychmiast ruszyli do komentowania. &#8222;Ju\u017c nie wiadomo co robi\u0107 najpierw, czy p\u0142aka\u0107 nad odej\u015bciem Magdy Umer, czy bi\u0107 brawo nad genialnym rysunkiem i wra\u017cliwo\u015bci\u0105 jego autorki&#8221;, &#8222;Smutek, \u017cal&#8230; odchodz\u0105 najpi\u0119kniejsi z pi\u0119knych. Pi\u0119kny portret&#8221;, &#8222;Smutne, ale geniusz autorki tego posta zapiera dech&#8230;&#8221; &#8211; czytamy. Wi\u0119cej na ten temat przeczytacie <a href=\"https:\/\/www.gazeta.pl\/lifestyle\/7,198977,32467493,magda-umer-nie-zyje-jej-ostatnie-wpisy-chwytaja-za-gardlo.html\" class=\"art_link\" rel=\"dofollow noopener\" target=\"_blank\">TUTAJ<\/a>.<\/p>\n","protected":false},"excerpt":{"rendered":"Wiadomo\u015b\u0107 o \u015bmierci Magdy Umer nadesz\u0142a w pi\u0105tek, 12 grudnia. To wtedy jej rodzina opublikowa\u0142a poruszaj\u0105ce zdj\u0119cie na&hellip;\n","protected":false},"author":2,"featured_media":149515,"comment_status":"","ping_status":"","sticky":false,"template":"","format":"standard","meta":{"footnotes":""},"categories":[5],"tags":[32,33,36,37,27,34,35,28,31,25,42,38,40,39,41,29,30,26],"class_list":{"0":"post-149514","1":"post","2":"type-post","3":"status-publish","4":"format-standard","5":"has-post-thumbnail","7":"category-naglowki","8":"tag-breaking-news","9":"tag-breakingnews","10":"tag-featured-news","11":"tag-featurednews","12":"tag-headlines","13":"tag-latest-news","14":"tag-latestnews","15":"tag-naglowki","16":"tag-najwazniejsze-artykuly","17":"tag-news","18":"tag-pl","19":"tag-poland","20":"tag-polish","21":"tag-polska","22":"tag-polski","23":"tag-top-stories","24":"tag-topstories","25":"tag-wiadomosci"},"share_on_mastodon":{"url":"https:\/\/pubeurope.com\/@pl\/115715891806068215","error":""},"_links":{"self":[{"href":"https:\/\/www.europesays.com\/pl\/wp-json\/wp\/v2\/posts\/149514","targetHints":{"allow":["GET"]}}],"collection":[{"href":"https:\/\/www.europesays.com\/pl\/wp-json\/wp\/v2\/posts"}],"about":[{"href":"https:\/\/www.europesays.com\/pl\/wp-json\/wp\/v2\/types\/post"}],"author":[{"embeddable":true,"href":"https:\/\/www.europesays.com\/pl\/wp-json\/wp\/v2\/users\/2"}],"replies":[{"embeddable":true,"href":"https:\/\/www.europesays.com\/pl\/wp-json\/wp\/v2\/comments?post=149514"}],"version-history":[{"count":0,"href":"https:\/\/www.europesays.com\/pl\/wp-json\/wp\/v2\/posts\/149514\/revisions"}],"wp:featuredmedia":[{"embeddable":true,"href":"https:\/\/www.europesays.com\/pl\/wp-json\/wp\/v2\/media\/149515"}],"wp:attachment":[{"href":"https:\/\/www.europesays.com\/pl\/wp-json\/wp\/v2\/media?parent=149514"}],"wp:term":[{"taxonomy":"category","embeddable":true,"href":"https:\/\/www.europesays.com\/pl\/wp-json\/wp\/v2\/categories?post=149514"},{"taxonomy":"post_tag","embeddable":true,"href":"https:\/\/www.europesays.com\/pl\/wp-json\/wp\/v2\/tags?post=149514"}],"curies":[{"name":"wp","href":"https:\/\/api.w.org\/{rel}","templated":true}]}}