{"id":149530,"date":"2025-12-14T04:31:08","date_gmt":"2025-12-14T04:31:08","guid":{"rendered":"https:\/\/www.europesays.com\/pl\/149530\/"},"modified":"2025-12-14T04:31:08","modified_gmt":"2025-12-14T04:31:08","slug":"wielka-brytania-utworzyla-wojskowe-sluzby-wywiadowcze","status":"publish","type":"post","link":"https:\/\/www.europesays.com\/pl\/149530\/","title":{"rendered":"Wielka Brytania utworzy\u0142a Wojskowe S\u0142u\u017cby Wywiadowcze"},"content":{"rendered":"<p>        Z tego artyku\u0142u dowiesz si\u0119:<\/p>\n<ul>\n<li>Dlaczego Wielka Brytania zdecydowa\u0142a si\u0119 na utworzenie zintegrowanej struktury wywiadowczej pod nazw\u0105 Wojskowe S\u0142u\u017cby Wywiadowcze (MIS)?<\/li>\n<li>W jaki spos\u00f3b nowa struktura wywiadowcza mo\u017ce umocni\u0107 pozycj\u0119 Wielkiej Brytanii jako lidera innowacji wojskowych?<\/li>\n<li>Jakie dzia\u0142ania podejmuje Wielka Brytania w odpowiedzi na zagro\u017cenia ze strony rosyjskiego wywiadu wojskowego?<\/li>\n<li>Jak\u0105 prognoz\u0119 konfliktu zbrojnego przedstawi\u0142 sekretarz generalny NATO, Mark Rutte?<\/li>\n<li>Jakie incydenty na morzu wp\u0142yn\u0119\u0142y na percepcj\u0119 zagro\u017ce\u0144 ze strony rosyjskich jednostek w brytyjskich wodach?<\/li>\n<\/ul>\n<p class=\"articleBodyBlock article--paragraph\" id=\"block-id-r6T9JKAiha\">\n     Wywiad marynarki, wojsk l\u0105dowych, lotnictwa, si\u0142 kosmicznych oraz sztabu generalnego zostanie scalony w ramach nowej organizacji nosz\u0105cej nazw\u0119 Wojskowe S\u0142u\u017cby Wywiadowcze (Military Intelligence Services, MIS).\n<\/p>\n<p class=\"articleBodyBlock article--paragraph\" id=\"block-id-4ysWV60Exs\">\n    Wed\u0142ug komunikatu resortu obrony, reorganizacja ma na celu przyspieszenie proces\u00f3w gromadzenia, analizy i dystrybucji informacji wywiadowczych. Decyzja ta jest tym bardziej istotna, \u017ce w ci\u0105gu ostatniego roku liczba przypadk\u00f3w dzia\u0142alno\u015bci szpiegowskiej wymierzonej w brytyjskie Ministerstwo Obrony wzros\u0142a o ponad po\u0142ow\u0119.\n<\/p>\n<p>                <a data-gtm-trigger=\"image\" href=\"https:\/\/www.rp.pl\/biznes\/art43488611-nowa-jalta-czyli-nieznane-szczegoly-planu-donalda-trumpa\" class=\"contentLink\" rel=\"nofollow noopener\" target=\"_blank\"><\/p>\n<p>            <img loading=\"lazy\" decoding=\"async\" src=\"https:\/\/www.europesays.com\/pl\/wp-content\/uploads\/2025\/12\/1765686668_951_\"  alt=\"Nowa Ja\u0142ta, czyli nieznane szczeg\u00f3\u0142y planu Donalda Trumpa\" class=\"has--dimensions  lazyLoad\" width=\"108\" height=\"108\"\/><\/p>\n<p>                <\/a><\/p>\n<p>    Deklaracje przedstawicieli rz\u0105du<\/p>\n<p class=\"articleBodyBlock article--paragraph\" id=\"block-id-Kff-oGGMjC\">\n    Minister obrony John Healey, og\u0142aszaj\u0105c w pi\u0105tek reform\u0119, stwierdzi\u0142, \u017ce umocni ona pozycj\u0119 Wielkiej Brytanii jako lidera innowacji wojskowych. Jak wyja\u015bni\u0142 minister, nowa struktura zapewni dok\u0142adniejszy obraz potencjalnych dzia\u0142a\u0144 przeciwnik\u00f3w, co umo\u017cliwi lepsz\u0105 ochron\u0119 si\u0142 zbrojnych, infrastruktury krytycznej oraz skuteczniejsze reagowanie na ewoluuj\u0105ce zagro\u017cenia.<\/p>\n","protected":false},"excerpt":{"rendered":"Z tego artyku\u0142u dowiesz si\u0119: Dlaczego Wielka Brytania zdecydowa\u0142a si\u0119 na utworzenie zintegrowanej struktury wywiadowczej pod nazw\u0105 Wojskowe&hellip;\n","protected":false},"author":2,"featured_media":149531,"comment_status":"","ping_status":"","sticky":false,"template":"","format":"standard","meta":{"footnotes":""},"categories":[14],"tags":[32,33,27,34,35,28,31,25,40,41,80,29,30,26,82,83,84],"class_list":{"0":"post-149530","1":"post","2":"type-post","3":"status-publish","4":"format-standard","5":"has-post-thumbnail","7":"category-swiat","8":"tag-breaking-news","9":"tag-breakingnews","10":"tag-headlines","11":"tag-latest-news","12":"tag-latestnews","13":"tag-naglowki","14":"tag-najwazniejsze-artykuly","15":"tag-news","16":"tag-polish","17":"tag-polski","18":"tag-swiat","19":"tag-top-stories","20":"tag-topstories","21":"tag-wiadomosci","22":"tag-world","23":"tag-world-news","24":"tag-worldnews"},"share_on_mastodon":{"url":"https:\/\/pubeurope.com\/@pl\/115716049162773213","error":""},"_links":{"self":[{"href":"https:\/\/www.europesays.com\/pl\/wp-json\/wp\/v2\/posts\/149530","targetHints":{"allow":["GET"]}}],"collection":[{"href":"https:\/\/www.europesays.com\/pl\/wp-json\/wp\/v2\/posts"}],"about":[{"href":"https:\/\/www.europesays.com\/pl\/wp-json\/wp\/v2\/types\/post"}],"author":[{"embeddable":true,"href":"https:\/\/www.europesays.com\/pl\/wp-json\/wp\/v2\/users\/2"}],"replies":[{"embeddable":true,"href":"https:\/\/www.europesays.com\/pl\/wp-json\/wp\/v2\/comments?post=149530"}],"version-history":[{"count":0,"href":"https:\/\/www.europesays.com\/pl\/wp-json\/wp\/v2\/posts\/149530\/revisions"}],"wp:featuredmedia":[{"embeddable":true,"href":"https:\/\/www.europesays.com\/pl\/wp-json\/wp\/v2\/media\/149531"}],"wp:attachment":[{"href":"https:\/\/www.europesays.com\/pl\/wp-json\/wp\/v2\/media?parent=149530"}],"wp:term":[{"taxonomy":"category","embeddable":true,"href":"https:\/\/www.europesays.com\/pl\/wp-json\/wp\/v2\/categories?post=149530"},{"taxonomy":"post_tag","embeddable":true,"href":"https:\/\/www.europesays.com\/pl\/wp-json\/wp\/v2\/tags?post=149530"}],"curies":[{"name":"wp","href":"https:\/\/api.w.org\/{rel}","templated":true}]}}