{"id":149542,"date":"2025-12-14T05:02:08","date_gmt":"2025-12-14T05:02:08","guid":{"rendered":"https:\/\/www.europesays.com\/pl\/149542\/"},"modified":"2025-12-14T05:02:08","modified_gmt":"2025-12-14T05:02:08","slug":"potezny-nokaut-na-polskim-ringu-padl-jak-razony-piorunem-wideo-sportowefakty","status":"publish","type":"post","link":"https:\/\/www.europesays.com\/pl\/149542\/","title":{"rendered":"Pot\u0119\u017cny nokaut na polskim ringu. Pad\u0142 jak ra\u017cony piorunem [WIDEO] &#8211; SportoweFakty"},"content":{"rendered":"<ol>\n<li><a href=\"https:\/\/news.google.com\/rss\/articles\/CBMisgFBVV95cUxQdkEtN0RYUF9XOTdTVklNeFJ2ek9qcGJkcDVoNVAyNWU4NVhqZnhaeVQ2U2ltQmVSYVZXQnkteWRYXzFXSU5CeFBIeHh1RGJYLUtaelBuRzRBZEs0Q3BpQ0cxbGY4REZDS3doWWR6b3BCVXVva2tEaTdNcUJiZFU2eTdaQ21Wb1NWVFNCSERqYlRQWGRQckE4cWdBQnpjNkQ1MnlXM1JlRVJ4VnE5MDV3aGR3?oc=5\" target=\"_blank\" rel=\"nofollow noopener\">Pot\u0119\u017cny nokaut na polskim ringu. Pad\u0142 jak ra\u017cony piorunem [WIDEO]<\/a>&nbsp;&nbsp;SportoweFakty<\/li>\n<li><a href=\"https:\/\/news.google.com\/rss\/articles\/CBMirAFBVV95cUxPNEJDaG9fVzJCbmczMHBXM0RQZDJPY3ltbXJaUjc4YUNUbmRkdWZUcWwwUC1YNFFkaGxtVFBjVzFzWjd3WTZxZGhPNFE3VEJaRXJMejVQVGRFRzF2eHVEcnFqT1ZxYnVGb2ZlLWQ0WHNMUV9yMzNfQzdWeUxuNVZybHk2V2tSTFF4NDZQbEJSbWdBQTFFNk1kUTh0TVQ0VEkxNEFQdzJERGloYWZ4?oc=5\" target=\"_blank\" rel=\"nofollow noopener\">Demolka w walce przyjaciela Nawrockiego. 88 sekund i nokaut. A p\u00f3\u017aniej \u0142zy w ringu<\/a>&nbsp;&nbsp;Sport w INTERIA.PL<\/li>\n<li><a href=\"https:\/\/news.google.com\/rss\/articles\/CBMiwgFBVV95cUxPSFVqN1RsRjN1T1pvQlNubDlBSkdEMHBCbkp5UWhBYVdXWEJKSFVOUVIxSkhmZHRGdUEtQlp4aE9fekZPSXR3elVMSzR5RlVRUG1FTk41M2habGNrRFJqdHVHRUw3Z3k2dmxBUFpUWXFzcXhtZ0Y4WXUybzFOaGZRZF9DclJXRmZCSE51NU15US1NWkg2cncxclVORkpVdGIwMTg5QWlueTZkdEJwNU5feFYyTVBubXdaSE1BT25WcEE1UQ?oc=5\" target=\"_blank\" rel=\"nofollow noopener\">M\u0142ody pi\u0119\u015bciarz zaprasza do ringu by\u0142ego mistrza \u015bwiata. Mo\u017ce z nim walczy\u0107&#8230; nawet dzisiaj!<\/a>&nbsp;&nbsp;Przegl\u0105d Sportowy Onet<\/li>\n<li><a href=\"https:\/\/news.google.com\/rss\/articles\/CBMiuAFBVV95cUxOQWNZc3RMVDZhNUx0bHp5QmdYMjJaX2UtaXBLczJJcFlRZ0xPZnUxOVJ5Wk4tMnZaVUFGZ3c0YWVTSm0xdDgtTll4dTF4UG9LU3ZFcGRuOEFsZWN5MHozQVVxaVpFZXVaZkthZG9kRHZiUVhxbW44UlIzNXo5X3NHeXRwZ0VvRDdqOXJ5VjJHM3ctSTY0X0YwMnFteld3bTJXN0E2MXUtY2lJdUdGZWdjRzBvNE1BeDdp?oc=5\" target=\"_blank\" rel=\"nofollow noopener\">Nikodem Je\u017cewski: Trzeba pami\u0119ta\u0107, \u017ce to jest tylko &#8211; albo a\u017c &#8211; sport, wi\u0119c mo\u017ce by\u0107 r\u00f3\u017cnie<\/a>&nbsp;&nbsp;www.polsatsport.pl<\/li>\n<li><a href=\"https:\/\/news.google.com\/rss\/articles\/CBMipAFBVV95cUxOSkZrVDFuYmFDQVBjbGZSYUZGeWx3SElsV2JDR2Q0Y00tY1RvZEYxT2UwQWFXcnZlenJhUkNabWtTWHB4dWpGdDFja0xwTVFaekFaOUZ4THo1ekNzUTV1cS1kSFBWNExOZHV1aU1mYk1wN0luekZia29FUVBvNjRkVW96VjJLVThuRjJWTmlnQWRpX05SUWpmam9QVDZHUFcwVGJfMA?oc=5\" target=\"_blank\" rel=\"nofollow noopener\">MEYNA NOKAUTUJE W MINUT\u0118! TERAZ R\u00d3\u017bA\u0143SKI?<\/a>&nbsp;&nbsp;ringpolska.pl<\/li>\n<\/ol>\n","protected":false},"excerpt":{"rendered":"Pot\u0119\u017cny nokaut na polskim ringu. Pad\u0142 jak ra\u017cony piorunem [WIDEO]&nbsp;&nbsp;SportoweFakty Demolka w walce przyjaciela Nawrockiego. 88 sekund i&hellip;\n","protected":false},"author":2,"featured_media":149543,"comment_status":"","ping_status":"","sticky":false,"template":"","format":"standard","meta":{"footnotes":""},"categories":[24],"tags":[2514,2512,30171,42,38,40,39,41,1063,127,268,126,1256],"class_list":{"0":"post-149542","1":"post","2":"type-post","3":"status-publish","4":"format-standard","5":"has-post-thumbnail","7":"category-sport","8":"tag-boks","9":"tag-boks-zawodowy","10":"tag-kacper-meyna","11":"tag-pl","12":"tag-poland","13":"tag-polish","14":"tag-polska","15":"tag-polski","16":"tag-sopot","17":"tag-sport","18":"tag-sportowybar","19":"tag-sports","20":"tag-sporty-walki"},"share_on_mastodon":{"url":"https:\/\/pubeurope.com\/@pl\/115716170919651523","error":""},"_links":{"self":[{"href":"https:\/\/www.europesays.com\/pl\/wp-json\/wp\/v2\/posts\/149542","targetHints":{"allow":["GET"]}}],"collection":[{"href":"https:\/\/www.europesays.com\/pl\/wp-json\/wp\/v2\/posts"}],"about":[{"href":"https:\/\/www.europesays.com\/pl\/wp-json\/wp\/v2\/types\/post"}],"author":[{"embeddable":true,"href":"https:\/\/www.europesays.com\/pl\/wp-json\/wp\/v2\/users\/2"}],"replies":[{"embeddable":true,"href":"https:\/\/www.europesays.com\/pl\/wp-json\/wp\/v2\/comments?post=149542"}],"version-history":[{"count":0,"href":"https:\/\/www.europesays.com\/pl\/wp-json\/wp\/v2\/posts\/149542\/revisions"}],"wp:featuredmedia":[{"embeddable":true,"href":"https:\/\/www.europesays.com\/pl\/wp-json\/wp\/v2\/media\/149543"}],"wp:attachment":[{"href":"https:\/\/www.europesays.com\/pl\/wp-json\/wp\/v2\/media?parent=149542"}],"wp:term":[{"taxonomy":"category","embeddable":true,"href":"https:\/\/www.europesays.com\/pl\/wp-json\/wp\/v2\/categories?post=149542"},{"taxonomy":"post_tag","embeddable":true,"href":"https:\/\/www.europesays.com\/pl\/wp-json\/wp\/v2\/tags?post=149542"}],"curies":[{"name":"wp","href":"https:\/\/api.w.org\/{rel}","templated":true}]}}