{"id":149857,"date":"2025-12-14T09:53:06","date_gmt":"2025-12-14T09:53:06","guid":{"rendered":"https:\/\/www.europesays.com\/pl\/149857\/"},"modified":"2025-12-14T09:53:06","modified_gmt":"2025-12-14T09:53:06","slug":"vivo-s50-pro-mini-zaraz-z-premiera-czy-trafi-do-polski","status":"publish","type":"post","link":"https:\/\/www.europesays.com\/pl\/149857\/","title":{"rendered":"vivo S50 Pro Mini zaraz z premier\u0105. Czy trafi do Polski?"},"content":{"rendered":"<p class=\"lead\">Ju\u017c zaraz odb\u0119dzie si\u0119 premiera vivo S50. Na chwil\u0119 przed debiutem wyciek\u0142a pe\u0142na specyfikacja mocnego \u015bredniaka\/super\u015bredniaka. Do prezentacji szykuje si\u0119 op\u0142acalny smartfon z 6500 mAh, szybkim \u0142adowaniem 90 W oraz obiektywem peryskopowym.<\/p>\n<p>Premiera smartfon\u00f3w vivo S50 oraz <a href=\"https:\/\/www.gsmmaniak.pl\/1619429\/vivo-s50-vivo-s50-pro-mini-premiera-15-grudnia-specyfikacja\/\" rel=\"nofollow noopener\" target=\"_blank\">vivo S50 Pro Mini<\/a> zbli\u017ca si\u0119 wielkimi krokami. Zgodnie z dost\u0119pnymi informacji, debiut odb\u0119dzie si\u0119 ju\u017c 15 grudnia 2025 roku w Chinach. Nast\u0119pnie modele (lub jeden z nich) powinny trafi\u0107 na rynki globalne pod zmienionymi nazwami. Dlatego warto sprawdzi\u0107 specyfikacj\u0119 przed oficjaln\u0105 prezentacj\u0105.<\/p>\n<p>vivo S50 zapowiada si\u0119 na super \u015bredniaka. Postawi na dobry stosunek ceny do jako\u015bci<\/p>\n<p>Pod mask\u0119 urz\u0105dzenia trafi Snapdragon 8s Gen 3. Jednostka firmy Qualcomm otrzyma wsparcie nawet 16 GB RAM, co zapowiada \u015bwietn\u0105 wydajno\u015b\u0107. Podobn\u0105 konfiguracj\u0119 mo\u017cesz kojarzy\u0107 z modelu <a href=\"https:\/\/www.gsmmaniak.pl\/1497112\/edge-50-ultra-motorola-test\/\" rel=\"nofollow noopener\" target=\"_blank\">Motorola Edge 50 Ultra<\/a>. Moc obliczeniowa nowego vivo S50 b\u0119dzie wa\u017cnym podpunktem specyfikacji.<\/p>\n<p><a href=\"https:\/\/www.gsmmaniak.pl\/wp-content\/uploads\/gsmmaniak\/2025\/12\/1-9.png\" rel=\"lightbox-post4 nofollow noopener\" target=\"_blank\"><img loading=\"lazy\" decoding=\"async\" aria-describedby=\"caption-attachment-1621079\" class=\"size-medium wp-image-1621079\" src=\"https:\/\/www.europesays.com\/pl\/wp-content\/uploads\/2025\/12\/1-9-medium.png\" alt=\"vivo S50\" width=\"500\" height=\"360\"   itemprop=\"image\" \/><\/a><\/p>\n<p id=\"caption-attachment-1621079\" class=\"wp-caption-text\">vivo S50 \/ fot. http:\/\/surfing.tydevice.com\/<\/p>\n<p>Podobnie jak parametry baterii. Mowa bowiem o ponadprzeci\u0119tnej pojemno\u015bci 6500 mAh z obs\u0142ug\u0105 \u0142adowania przewodowego 90 W. Niestety, zabraknie indukcji, kt\u00f3ra pojawi si\u0119 w mocniejszym wariancie. W ten spos\u00f3b vivo chce odr\u00f3\u017cni\u0107 ofert\u0119 podstawow\u0105 od oferty premium.<\/p>\n<p>Co jeszcze wiemy? Ca\u0142kiem sporo. Prz\u00f3d wyposa\u017cy 6,59-calowy\u00a0ekran\u00a0OLED\u00a0z od\u015bwie\u017caniem\u00a0120 Hz i rozdzielczo\u015bci\u0105 1.5K. Je\u017celi chodzi o optyk\u0119, mo\u017cna oczekiwa\u0107 trzech aparat\u00f3w. Konkretne szczeg\u00f3\u0142y nie s\u0105 znane, ale g\u0142\u00f3wn\u0105 gwiazd\u0105 stanie si\u0119 obiektyw peryskopowy (Sony IMX882) z matryc\u0105 50 MP i OIS.<\/p>\n<p>Potencjalna premiera globalna<\/p>\n<p>O ile vivo S50 najprawdopodobniej nie trafi do Polski, o tyle vivo S50 Pro Mini ma na to spore szanse. W przeciekach m\u00f3wiono o \u015bwiatowym odpowiedniku w postaci vivo X300 FE, cho\u0107 informacje nie s\u0105 jeszcze oficjalnie potwierdzone.<\/p>\n<p>Nie pozostaje nic innego ani\u017celi uzbroi\u0107 si\u0119 w cierpliwo\u015b\u0107. A jest na co czeka\u0107. Wspomniany Pro Mini otrzyma procesor Snapdragon 8 Gen 5, mniejszy (kompaktowy) ekran, a tak\u017ce \u0142adowanie bezprzewodowe. Oczywi\u015bcie, cena b\u0119dzie odpowiednio wi\u0119ksza, ale brakuje nam w Polsce podobnych modeli.<\/p>\n<p>Mocno trzymam kciuki za jego pojawienie si\u0119 w kraju nad Wis\u0142\u0105, bo <a href=\"https:\/\/www.gsmmaniak.pl\/1582775\/vivo-x200-fe-test\/\" rel=\"nofollow noopener\" target=\"_blank\">vivo X200 FE<\/a> mia\u0142 okazj\u0119 go\u015bci\u0107 na naszym rynku.<\/p>\n<blockquote class=\"wp-embedded-content\" data-secret=\"ARKp2vn2Wb\">\n<p><a href=\"https:\/\/www.gsmmaniak.pl\/1582775\/vivo-x200-fe-test\/\" rel=\"nofollow noopener\" target=\"_blank\">To najfajniejszy w Polsce ma\u0142y telefon o \u015bwietnej specyfikacji. Test vivo X200 FE<\/a><\/p>\n<\/blockquote>\n<p>\u0179r\u00f3d\u0142o: <a href=\"http:\/\/surfing.tydevice.com\/#\/website\/Detail?id=29846\" rel=\"nofollow noopener\" target=\"_blank\">surfing.tydevice<\/a><\/p>\n<p>Na stronie mog\u0105 wyst\u0119powa\u0107 linki afiliacyjne lub reklamowe.<\/p>\n","protected":false},"excerpt":{"rendered":"Ju\u017c zaraz odb\u0119dzie si\u0119 premiera vivo S50. Na chwil\u0119 przed debiutem wyciek\u0142a pe\u0142na specyfikacja mocnego \u015bredniaka\/super\u015bredniaka. Do prezentacji&hellip;\n","protected":false},"author":2,"featured_media":149858,"comment_status":"","ping_status":"","sticky":false,"template":"","format":"standard","meta":{"footnotes":""},"categories":[20],"tags":[120,118,119,42,38,40,39,41,116,114,115,121,117,17810,28319,17813,17811,23899,17814,17812],"class_list":{"0":"post-149857","1":"post","2":"type-post","3":"status-publish","4":"format-standard","5":"has-post-thumbnail","7":"category-nauka-i-technika","8":"tag-nauka","9":"tag-nauka-i-technika","10":"tag-naukatechnika","11":"tag-pl","12":"tag-poland","13":"tag-polish","14":"tag-polska","15":"tag-polski","16":"tag-science","17":"tag-science-and-technology","18":"tag-sciencetechnology","19":"tag-technika","20":"tag-technology","21":"tag-vivo-s50","22":"tag-vivo-s50-design","23":"tag-vivo-s50-premiera","24":"tag-vivo-s50-pro-mini","25":"tag-vivo-s50-pro-mini-premiera","26":"tag-vivo-s50-pro-mini-specyfikacja","27":"tag-vivo-s50-specyfikacja"},"share_on_mastodon":{"url":"https:\/\/pubeurope.com\/@pl\/115717315369797851","error":""},"_links":{"self":[{"href":"https:\/\/www.europesays.com\/pl\/wp-json\/wp\/v2\/posts\/149857","targetHints":{"allow":["GET"]}}],"collection":[{"href":"https:\/\/www.europesays.com\/pl\/wp-json\/wp\/v2\/posts"}],"about":[{"href":"https:\/\/www.europesays.com\/pl\/wp-json\/wp\/v2\/types\/post"}],"author":[{"embeddable":true,"href":"https:\/\/www.europesays.com\/pl\/wp-json\/wp\/v2\/users\/2"}],"replies":[{"embeddable":true,"href":"https:\/\/www.europesays.com\/pl\/wp-json\/wp\/v2\/comments?post=149857"}],"version-history":[{"count":0,"href":"https:\/\/www.europesays.com\/pl\/wp-json\/wp\/v2\/posts\/149857\/revisions"}],"wp:featuredmedia":[{"embeddable":true,"href":"https:\/\/www.europesays.com\/pl\/wp-json\/wp\/v2\/media\/149858"}],"wp:attachment":[{"href":"https:\/\/www.europesays.com\/pl\/wp-json\/wp\/v2\/media?parent=149857"}],"wp:term":[{"taxonomy":"category","embeddable":true,"href":"https:\/\/www.europesays.com\/pl\/wp-json\/wp\/v2\/categories?post=149857"},{"taxonomy":"post_tag","embeddable":true,"href":"https:\/\/www.europesays.com\/pl\/wp-json\/wp\/v2\/tags?post=149857"}],"curies":[{"name":"wp","href":"https:\/\/api.w.org\/{rel}","templated":true}]}}