{"id":150005,"date":"2025-12-14T11:24:11","date_gmt":"2025-12-14T11:24:11","guid":{"rendered":"https:\/\/www.europesays.com\/pl\/150005\/"},"modified":"2025-12-14T11:24:11","modified_gmt":"2025-12-14T11:24:11","slug":"piotr-machalica-ta-smierc-poruszyla-polakow-wzial-slub-zaledwie-trzy-miesiace-wczesniej","status":"publish","type":"post","link":"https:\/\/www.europesays.com\/pl\/150005\/","title":{"rendered":"Piotr Machalica: Ta \u015bmier\u0107 poruszy\u0142a Polak\u00f3w. Wzi\u0105\u0142 \u015blub zaledwie trzy miesi\u0105ce wcze\u015bniej"},"content":{"rendered":"<p>Piotr Machalica\u00a0urodzi\u0142 si\u0119 13 lutego 1955 roku   w\u00a0Pszczynie. Pochodzi\u0142 z aktorskiej rodziny. By\u0142 synem Henryka Machalicy, bratem Aleksandra Machalicy i stryjem Adama Machalicy. <\/p>\n<p>W\u00a01981 roku uko\u0144czy\u0142 warszawsk\u0105 PWST. Najpierw by\u0142 zwi\u0105zany   ze sto\u0142ecznym Teatrem Powszechnym, p\u00f3\u017aniej z\u00a0teatrami Krystyny Jandy &#8211;  Teatrem Polonia, a\u00a0tak\u017ce Och Teatrem.<\/p>\n<p>  Pierwsz\u0105 wa\u017cn\u0105 rol\u0105 Piotra Machalicy by\u0142a kreacja ksi\u0119dza   Wawrzyniaka w serialu &#8222;Najd\u0142u\u017csza wojna nowoczesnej Europy&#8221; (1981). W   kolejnych latach ogl\u0105dali\u015bmy go w wielu kinowych produkcjach; aktor   stale wsp\u00f3\u0142pracowa\u0142 z dw\u00f3jk\u0105 re\u017cyser\u00f3w: u Jacka Bromskiego wyst\u0105pi\u0142 w  &#8222;Ceremonii pogrzebowej&#8221;, <a href=\"https:\/\/film.interia.pl\/film-zabij-mnie-glino-zabij-mnie-glino---1987,fId,2551\" target=\"_blank\" rel=\"noreferrer noopener nofollow\">&#8222;Zabij mnie, glino&#8221;<\/a> i<a href=\"https:\/\/film.interia.pl\/film-sztuka-kochania-sztuka-kochania---1989,fId,699\" target=\"_blank\" rel=\"noreferrer noopener nofollow\"> &#8222;Sztuce kochania&#8221;<\/a>, z kolei Feliks Falk  zaanga\u017cowa\u0142  go do m.in. &#8222;Maskarady&#8221;,  &#8222;Bohatera roku&#8221; czy filmu  &#8222;Kapita\u0142, czyli jak  zrobi\u0107 pieni\u0105dze w Polsce.<\/p>\n<p>Jedn\u0105  z\u00a0najwa\u017cniejszych ekranowych kreacji w swojej karierze stworzy\u0142 w dziewi\u0105tej cz\u0119\u015bci telewizyjnego cyklu &#8222;Dekalog&#8221;\u00a0Krzysztofa Kie\u015blowskiego. Zagra\u0142 Romana, kardiochirurga w\u00a0\u015brednim wieku,  kt\u00f3ry dowiaduje  si\u0119, \u017ce jest impotentem i\u00a0nie ma \u017cadnych szans, aby ten  stan rzeczy  uleg\u0142 zmianie. Od tego momentu m\u0119\u017cczyzna staje si\u0119  chorobliwie  zazdrosny o\u00a0swoj\u0105 pracuj\u0105c\u0105 w\u00a0liniach lotniczych \u017con\u0119 Hank\u0119.<\/p>\n<p>R\u00f3wnolegle do wyst\u0119p\u00f3w przed kamer\u0105 Piotr Machalica  rozwija\u0142 karier\u0119  teatraln\u0105. Przez ponad 20 lat zwi\u0105zany by\u0142 w\u00a0Teatrem  Powszechnym  w\u00a0Warszawie. W\u00a0latach 2006-2018 aktor pe\u0142ni\u0142 funkcj\u0119  dyrektora  artystycznego Teatru im. Mickiewicza w\u00a0Cz\u0119stochowie.<\/p>\n<p>    &#13;<\/p>\n<ul class=\"embed-list\">&#13;<\/p>\n<li class=\"embed-article-item i1 item-full\" data-pos=\"1\" data-id=\"6228463\">&#13;\n<p>                <a class=\"embed-tile-thumb\" href=\"https:\/\/interia.hit.gemius.pl\/hitredir\/id=baCb8AslJNnZj2kUGPLkPMUF.tLBarst.iFIsOnSq33..7\/url=https%3A%2F%2Ffilm.interia.pl%2Fwiadomosci%2Fnews-szczescia-chodza-parami-ostatnia-rola-piotra-machalicy%2CnId%2C6228463%23iwa_source%3Darticle_list%26parametr%3D1_h\" rel=\"nofollow noopener\" target=\"_blank\">&#13;<br \/>\n                        &#13;<br \/>\n                            &#13;<br \/>\n                                                            &#13;<br \/>\n                    <img decoding=\"async\" alt=\"&quot;Szcz\u0119\u015bcia chodz\u0105 parami&quot;: Ostatnia rola Piotra Machalicy\" src=\"https:\/\/www.europesays.com\/pl\/wp-content\/uploads\/2025\/12\/000FY8FP2KQ1U9QX-C459.webp.webp\" class=\"embed-tile-img img-responsive\" loading=\"lazy\"\/>&#13;<br \/>\n                &#13;<br \/>\n                    <\/a><\/p>\n<p>    &#13;\n                    <\/li>\n<p>&#13;\n                                    <\/ul>\n<p>&#13;<\/p>\n<p> Telewizyjna  widownia kojarzy Piotra Machalic\u0119 z\u00a0wyst\u0119p\u00f3w  w\u00a0popularnych serialach.  W\u00a0&#8222;Z\u0142otopolskich&#8221; wcieli\u0142 si\u0119 w\u00a0posta\u0107 Chrisa  Kamienieckiego,  nie\u015blubnego syna Julii i\u00a0Dionizego Z\u0142otopolskich,  granych w\u00a0serialu  przez Ann\u0119 Mielewsk\u0105 i&#8230; swojego ojca Henryka.  Aktor  znalaz\u0142 si\u0119 r\u00f3wnie\u017c  w\u00a0obsadzie serialu &#8222;Prosto w serce&#8221;, ogl\u0105dali\u015bmy go tak\u017ce w\u00a0go\u015bcinnych  wyst\u0119pach w\u00a0&#8222;Ojcu Mateuszu&#8221;, &#8222;Pod powierzchni\u0105&#8221; czy &#8222;O mnie si\u0119 nie  martw&#8221;.<\/p>\n<p> Machalica by\u0142 r\u00f3wnie\u017c cenionym wykonawc\u0105 piosenki  artystycznej,  wyst\u0119powa\u0142 na scenach z\u00a0utworami Jeremiego Przybory,  Jerzego  Wasowskiego, Georgesa Brassensa, Paolo Conte, Jana Wo\u0142ka,  Bu\u0142ata  Okud\u017cawy.  Pod koniec 2019 roku ukaza\u0142a si\u0119 jego p\u0142yta &#8222;M\u00f3j  ulubiony  M\u0142ynarski&#8221;, na kt\u00f3rej znalaz\u0142o si\u0119 trzyna\u015bcie kompozycji do s\u0142\u00f3w  autora &#8222;Takiej  piosenki, takiej ballady&#8221; i\u00a0&#8222;Jeszcze w\u00a0zielone gramy&#8221;. <\/p>\n<p> Ostatnia rola artysty pochodzi z komedii romantycznej <a href=\"https:\/\/film.interia.pl\/film-szczescia-chodza-parami,fId,20369\" target=\"_blank\" rel=\"noreferrer noopener nofollow\">&#8222;Szcz\u0119\u015bcia chodz\u0105 parami&#8221;<\/a> Bartosza Prokopowicza, kt\u00f3ra wesz\u0142a na ekrany polskich kin w marcu 2022 roku.<\/p>\n<p>    &#13;<\/p>\n<ul class=\"embed-list\">&#13;<\/p>\n<li class=\"embed-article-item i1 item-full\" data-pos=\"1\" data-id=\"4926104\">&#13;\n<p>                <a class=\"embed-tile-thumb\" href=\"https:\/\/interia.hit.gemius.pl\/hitredir\/id=baCb8AslJNnZj2kUGPLkPMUF.tLBarst.iFIsOnSq33..7\/url=https%3A%2F%2Ffilm.interia.pl%2Fwiadomosci%2Fnews-polskie-gwiazdy-zegnaja-i-wspominaja-piotra-machalice%2CnId%2C4926104%23iwa_source%3Darticle_list%26parametr%3D2_h\" rel=\"nofollow noopener\" target=\"_blank\">&#13;<br \/>\n                        &#13;<br \/>\n                            &#13;<br \/>\n                                                            &#13;<br \/>\n                    <img decoding=\"async\" alt=\"\u200bPolskie gwiazdy \u017cegnaj\u0105 i wspominaj\u0105 Piotra Machalic\u0119 \" src=\"https:\/\/www.europesays.com\/pl\/wp-content\/uploads\/2025\/12\/000AUVME7Q5J9NHJ-C459.webp.webp\" class=\"embed-tile-img img-responsive\" loading=\"lazy\"\/>&#13;<br \/>\n                &#13;<br \/>\n                    <\/a><\/p>\n<p>    &#13;\n                    <\/li>\n<p>&#13;\n                                    <\/ul>\n<p>&#13;<\/p>\n<p>Piotr Machalica zmar\u0142 14 grudnia 2020 roku z powodu powik\u0142a\u0144 po zaka\u017ceniu koronawirusem, do kt\u00f3rego dosz\u0142o po wcze\u015bniejszych problemach zdrowotnych, w tym chorobach serca. Mia\u0142 65 lat.<\/p>\n<p>O jego \u015bmierci jako  jedna z pierwszych  poinformowa\u0142a w mediach spo\u0142eczno\u015bciowych Krystyna  Janda.<\/p>\n<p>&#8222;Z  wielkim smutkiem zawiadamiamy, \u017ce odszed\u0142 tej nocy,   nasz wielki  przyjaciel, kolega, wspania\u0142y Cz\u0142owiek i\u00a0cudowny Artysta   Piotr  Machalica. Kochali\u015bmy i\u00a0podziwiali\u015bmy Go wszyscy. By\u0142 w\u00a0naszej   Fundacji  od samego pocz\u0105tku i\u00a0zagra\u0142 na naszych scenach przez ostatnie   15 lat  setki spektakli, tak\u017ce za\u015bpiewa\u0142 wiele koncert\u00f3w&#8221; &#8211; napisa\u0142a gwiazda.<\/p>\n<p>  &#8222;Piotrusiu,  kochanie, to po\u017cegnanie, najczulsze   z\u00a0mo\u017cliwych, to podzi\u0119kowanie za  Tw\u00f3j talent, przyja\u017a\u0144, Twoje ciep\u0142o,   czar, lojalno\u015b\u0107, rzetelno\u015b\u0107,  poczucie humoru, prawo\u015b\u0107, wielkie   Cz\u0142owiecze\u0144stwo. \u017begnaj pi\u0119kny  i\u00a0czu\u0142y ksi\u0105\u017c\u0119, cieszymy si\u0119 \u017ce by\u0142e\u015b   ostatnie lata bardzo szcz\u0119\u015bliwy  i\u00a0dzieli\u0142e\u015b si\u0119 z\u00a0nami i\u00a0publiczno\u015bci\u0105   Twoim szcz\u0119\u015bciem&#8221; &#8211; doda\u0142a.<\/p>\n<p> &#8222;Wiadomo\u015b\u0107 o\u00a0jego \u015bmierci jest  taka niespodziewana. My\u015bmy  ca\u0142\u0105 noc  wszyscy nie spali. Nie mogli\u015bmy  uwierzy\u0107, \u017ce nas spotyka  wszystkich  takie nieszcz\u0119\u015bcie i\u00a0ludzkie  i\u00a0teatralne, poniewa\u017c nagle  zostali\u015bmy  zatrzymani tak w\u00a0p\u00f3\u0142 kroku, w\u00a0p\u00f3\u0142  s\u0142owa z\u00a0nim, w\u00a0p\u00f3\u0142  u\u015bmiechu. Jeszcze  przed chwil\u0105 byli\u015bmy na jego  \u015blubie&#8221; &#8211; zapewni\u0142a aktorka.<\/p>\n<p> Informacj\u0119 o \u015bmierci aktora opublikowano r\u00f3wnie\u017c na jego  oficjalnym profilu na Facebooku. &#8222;Po dzielnej walce Piotr Machalica  zmar\u0142 dzi\u015b o 02:30 w szpitalu MSWiA w Warszawie&#8221; &#8211; napisano.<\/p>\n<p>18 grudnia Piotra Machalic\u0119 po\u017cegnano w\u00a0Warszawie podczas  mszy pogrzebowej,  odprawionej w\u00a0Ko\u015bciele  \u015arodowisk Tw\u00f3rczych na Placu  Teatralnym  w\u00a0Warszawie.<\/p>\n<p>    &#13;<br \/>\n        &#13;<\/p>\n<p> Uczestniczy\u0142a w niej m.in. wdowa po zmar\u0142ym aktorze &#8211;   Aleksandra Sosnowska. Machalica i\u00a0m\u0142odsza od niego o\u00a021 lat Sosnowska   wzi\u0119li \u015blub zaledwie trzy  miesi\u0105ce wcze\u015bniej.<\/p>\n<p> Podczas uroczysto\u015bci wdowa po aktorze nie  zdecydowa\u0142a si\u0119  na wyst\u0105pienie. W\u00a0jej imieniu list, w\u00a0kt\u00f3rym m.in.  dzi\u0119kowa\u0142a swoim  dzieciom, odczyta\u0142 aktor Cezary \u017bak.<\/p>\n<p>    Sosnowska wyrazi\u0142a wdzi\u0119czno\u015b\u0107  przyjacio\u0142om  i\u00a0lekarzom  opiekuj\u0105cym si\u0119 jej m\u0119\u017cem. &#8222;Piotru\u015b wiedzia\u0142,  \u017ce jeste\u015bcie  z\u00a0nim&#8221; &#8211;  napisa\u0142a. Podzi\u0119kowa\u0142a te\u017c  personelowi\u00a0medycznemu ze szpitala  na   Banacha za walk\u0119 do ko\u0144ca i\u00a0za  mo\u017cliwo\u015b\u0107 ostatniej rozmowy  z\u00a0ukochanym.<\/p>\n<p> &#8222;Przed  intubacj\u0105 11 grudnia pozwolili mu lekarze wykona\u0107  ten telefon do  mnie.  Dzi\u0119kuj\u0119 za t\u0119 ostatni\u0105 rozmow\u0119, po\u017cegnanie  i\u00a0ostatnie s\u0142owo  kocham  ci\u0119&#8221; &#8211; przeczyta\u0142 \u0142ami\u0105cym si\u0119 g\u0142osem Cezary  \u017bak.<\/p>\n<p> 19 grudnia odprawiono  w intencji Machalicy msz\u0119 \u015bwi\u0119t\u0105  w\u00a0ko\u015bciele w\u00a0podcz\u0119stochowskiej  Blachowni,  a\u00a0nast\u0119pnie z\u0142o\u017cono urn\u0119  z\u00a0prochami w\u00a0rodzinnym grobie na cmentarzu im. \u015bw. Rocha w   Cz\u0119stochowie. \u017begna\u0142a go rodzina, w\u0142adze miasta i przyjaciele arty\u015bci.<\/p>\n<p>&#13;<br \/>\n    &#13;<br \/>\n            Wideo&#13;<\/p>\n<p>        &#13;<br \/>\n&#13;<br \/>\n    &#13;<br \/>\n        &#13;<br \/>\n                &#13;<\/p>\n<p>&#13;<br \/>\n                                        Aktorzy &#8222;M jak mi\u0142o\u015b\u0107&#8221; na gali 25-lecia. Uczta wspomnie\u0144 i plany na kolejny jubileusz!&#13;<br \/>\n                                        INTERIA.PL&#13;\n                    <\/p>\n<p>&#13;<\/p>\n","protected":false},"excerpt":{"rendered":"Piotr Machalica\u00a0urodzi\u0142 si\u0119 13 lutego 1955 roku w\u00a0Pszczynie. Pochodzi\u0142 z aktorskiej rodziny. By\u0142 synem Henryka Machalicy, bratem Aleksandra&hellip;\n","protected":false},"author":2,"featured_media":150006,"comment_status":"","ping_status":"","sticky":false,"template":"","format":"standard","meta":{"footnotes":""},"categories":[22],"tags":[122,42,38,40,39,41,123],"class_list":{"0":"post-150005","1":"post","2":"type-post","3":"status-publish","4":"format-standard","5":"has-post-thumbnail","7":"category-rozrywka","8":"tag-entertainment","9":"tag-pl","10":"tag-poland","11":"tag-polish","12":"tag-polska","13":"tag-polski","14":"tag-rozrywka"},"share_on_mastodon":{"url":"https:\/\/pubeurope.com\/@pl\/115717673295011393","error":""},"_links":{"self":[{"href":"https:\/\/www.europesays.com\/pl\/wp-json\/wp\/v2\/posts\/150005","targetHints":{"allow":["GET"]}}],"collection":[{"href":"https:\/\/www.europesays.com\/pl\/wp-json\/wp\/v2\/posts"}],"about":[{"href":"https:\/\/www.europesays.com\/pl\/wp-json\/wp\/v2\/types\/post"}],"author":[{"embeddable":true,"href":"https:\/\/www.europesays.com\/pl\/wp-json\/wp\/v2\/users\/2"}],"replies":[{"embeddable":true,"href":"https:\/\/www.europesays.com\/pl\/wp-json\/wp\/v2\/comments?post=150005"}],"version-history":[{"count":0,"href":"https:\/\/www.europesays.com\/pl\/wp-json\/wp\/v2\/posts\/150005\/revisions"}],"wp:featuredmedia":[{"embeddable":true,"href":"https:\/\/www.europesays.com\/pl\/wp-json\/wp\/v2\/media\/150006"}],"wp:attachment":[{"href":"https:\/\/www.europesays.com\/pl\/wp-json\/wp\/v2\/media?parent=150005"}],"wp:term":[{"taxonomy":"category","embeddable":true,"href":"https:\/\/www.europesays.com\/pl\/wp-json\/wp\/v2\/categories?post=150005"},{"taxonomy":"post_tag","embeddable":true,"href":"https:\/\/www.europesays.com\/pl\/wp-json\/wp\/v2\/tags?post=150005"}],"curies":[{"name":"wp","href":"https:\/\/api.w.org\/{rel}","templated":true}]}}