{"id":150027,"date":"2025-12-14T11:38:11","date_gmt":"2025-12-14T11:38:11","guid":{"rendered":"https:\/\/www.europesays.com\/pl\/150027\/"},"modified":"2025-12-14T11:38:11","modified_gmt":"2025-12-14T11:38:11","slug":"brad-pitt-nie-zagra-w-batmanie-2-a-co-ze-scarlett-johansson-nowe-doniesienia-na-temat-widowiska-dc-matta-reevesa","status":"publish","type":"post","link":"https:\/\/www.europesays.com\/pl\/150027\/","title":{"rendered":"Brad Pitt nie zagra w &#8222;Batmanie 2&#8221;. A co ze Scarlett Johansson? Nowe doniesienia na temat widowiska DC Matta Reevesa"},"content":{"rendered":"<p>Im bli\u017cej do pocz\u0105tku prac na planie filmu &#8222;<a class=\"internal\" href=\"https:\/\/www.filmweb.pl\/film\/The+Batman+Part+II-2027-10045797\" title=\"The Batman Part II\" rel=\"nofollow noopener\" target=\"_blank\">The Batman Part II<\/a>&#8222;, tym wi\u0119cej spekulacji na temat tego, kogo zobaczymy w widowisku <a class=\"internal\" href=\"https:\/\/www.filmweb.pl\/world\/DC-1\" title=\"DC\" rel=\"nofollow noopener\" target=\"_blank\">DC<\/a>. Ostatnio g\u0142o\u015bnym echem po sieci roznios\u0142a si\u0119 plotka o tym, \u017ce w obsadzie znajdzie si\u0119 <a class=\"internal\" href=\"https:\/\/www.filmweb.pl\/person\/Brad+Pitt-205\" title=\"Brad Pitt\" rel=\"nofollow noopener\" target=\"_blank\">Brad Pitt<\/a>. Plotka tylko cz\u0119\u015bciowo by\u0142a prawdziwa. Brad Pitt w &#8222;Batmanie 2&#8221;. Kogo mia\u0142 zagra\u0107?<\/p>\n<p>Rzeczywi\u015bcie <a class=\"internal\" href=\"https:\/\/www.filmweb.pl\/person\/Matt+Reeves-44299\" title=\"Matt Reeves\" rel=\"nofollow noopener\" target=\"_blank\">Matt Reeves<\/a> chcia\u0142, by <a class=\"internal\" href=\"https:\/\/www.filmweb.pl\/person\/Brad+Pitt-205\" title=\"Brad Pitt\" rel=\"nofollow noopener\" target=\"_blank\">Brad Pitt<\/a> do\u0142\u0105czy\u0142 do obsady filmu &#8222;<a class=\"internal\" href=\"https:\/\/www.filmweb.pl\/film\/The+Batman+Part+II-2027-10045797\" title=\"The Batman Part II\" rel=\"nofollow noopener\" target=\"_blank\">The Batman Part II<\/a>&#8222;. Niestety, okaza\u0142o si\u0119 to niemo\u017cliwe. Rozczarowani fani mog\u0105 za to wini\u0107 <a class=\"internal\" href=\"https:\/\/www.filmweb.pl\/person\/Edward+Berger-306068\" title=\"Edwarda Bergera\" rel=\"nofollow noopener\" target=\"_blank\">Edwarda Bergera<\/a>, w kt\u00f3rego filmie &#8222;<a class=\"internal\" href=\"https:\/\/www.filmweb.pl\/film\/The+Riders-2026-10108770\" title=\"The Riders\" rel=\"nofollow noopener\" target=\"_blank\">The Riders<\/a>&#8221; zagra <a class=\"internal\" href=\"https:\/\/www.filmweb.pl\/person\/Brad+Pitt-205\" title=\"Pitt\" rel=\"nofollow noopener\" target=\"_blank\">Pitt<\/a>, co uniemo\u017cliwia mu udzia\u0142 w projekcie <a class=\"internal\" href=\"https:\/\/www.filmweb.pl\/person\/Matt+Reeves-44299\" title=\"Reevesa\" rel=\"nofollow noopener\" target=\"_blank\">Reevesa<\/a>. <\/p>\n<p>Przy okazji dowiedzieli\u015bmy si\u0119, kogo <a class=\"internal\" href=\"https:\/\/www.filmweb.pl\/person\/Brad+Pitt-205\" title=\"Pitt\" rel=\"nofollow noopener\" target=\"_blank\">Pitt<\/a> mia\u0142 zagra\u0107. Ot\u00f3\u017c <a class=\"internal\" href=\"https:\/\/www.filmweb.pl\/person\/Matt+Reeves-44299\" title=\"Reeves\" rel=\"nofollow noopener\" target=\"_blank\">Reeves<\/a> widzia\u0142 go w roli Christophera Denta &#8211; alkoholika, ojca <a class=\"internal\" href=\"https:\/\/www.filmweb.pl\/character\/Dwie+Twarze-506\" title=\"Harveya Denta\" rel=\"nofollow noopener\" target=\"_blank\">Harveya Denta<\/a> (kt\u00f3ry sta\u0142 si\u0119 wrogiem Batmana o pseudonimie Dwie Twarze). Harvey Dent te\u017c ma si\u0119 w filmie pojawi\u0107, cho\u0107 kto go zagra, tego na razie nie wiadomo. <\/p>\n<p><a class=\"markupPhoto\" href=\"https:\/\/fwcdn.pl\/nph\/867323\/2025\/68693_1.13.jpg\" data-lightbox=\"true\" data-li=\"\" rel=\"lightbox[photos] nofollow noopener\" data-photo=\"https:\/\/www.europesays.com\/pl\/wp-content\/uploads\/2025\/12\/68693_1.2.jpg\" target=\"photo-68693\" data-id=\"68693\" data-index=\"68693\"> <img decoding=\"async\" src=\"https:\/\/www.europesays.com\/pl\/wp-content\/uploads\/2025\/12\/68693_1.2.jpg\" alt=\"02.jpg\" class=\"MarkupPhotoHTML-2\" loading=\"lazy\" data-light-box=\"{ &quot;group&quot;: true, &quot;photo&quot;: { &quot;id&quot;: &quot;68693&quot;, &quot;src&quot;: &quot;https:\/\/fwcdn.pl\/nph\/867323\/2025\/68693_1.13.jpg&quot;, &quot;thumb&quot;: &quot;https:\/\/www.europesays.com\/pl\/wp-content\/uploads\/2025\/12\/68693_1.2.jpg&quot; } }\"\/> <\/a> Getty Images \u00a9 JC Olivera<br \/>Scarlett Johansson b\u0119dzie morderczyni\u0105?<\/p>\n<p>Wcze\u015bniej w sieci pojawi\u0142y si\u0119 doniesienia o tym, \u017ce w obsadzie &#8222;<a class=\"internal\" href=\"https:\/\/www.filmweb.pl\/film\/The+Batman+Part+II-2027-10045797\" title=\"The Batman Part II\" rel=\"nofollow noopener\" target=\"_blank\">The Batman Part II<\/a>&#8221; jest <a class=\"internal\" href=\"https:\/\/www.filmweb.pl\/person\/Scarlett+Johansson-4592\" title=\"Scarlett Johansson\" rel=\"nofollow noopener\" target=\"_blank\">Scarlett Johansson<\/a>. To &#8211; p\u00f3ki co &#8211; pozostaje aktualne. <\/p>\n<p>Jednak oficjalnie nie podano, kogo zagra. Wcze\u015bniejsze spekulacje wskazywa\u0142y na <a class=\"internal\" href=\"https:\/\/www.filmweb.pl\/character\/Truj%C4%85cy+Bluszcz-518\" title=\"Poison Ivy\" rel=\"nofollow noopener\" target=\"_blank\">Poison Ivy<\/a>. Teraz jednak wydaje si\u0119, \u017ce aktorce przypad\u0142a rola Gildy Gold, czyli \u017cony <a class=\"internal\" href=\"https:\/\/www.filmweb.pl\/character\/Dwie+Twarze-506\" title=\"Harveya Denta\" rel=\"nofollow noopener\" target=\"_blank\">Harveya Denta<\/a>. Bohaterka odgrywa wa\u017cn\u0105 rol\u0119 w komiksie &#8222;Batman: The Long Halloween&#8221;, gdzie okazuje si\u0119 by\u0107 The Holliday Killer.\u00a0 <\/p>\n<p>To by si\u0119 zgadza\u0142o z zapowiedziami samego <a class=\"internal\" href=\"https:\/\/www.filmweb.pl\/person\/Matt+Reeves-44299\" title=\"Matta Reevesa\" rel=\"nofollow noopener\" target=\"_blank\">Matta Reevesa<\/a>, kt\u00f3ry twierdzi\u0142, \u017ce w dw\u00f3jce zobaczymy z\u0142oczy\u0144c\u0119, jakiego nigdy wcze\u015bniej nie by\u0142o w aktorskich opowie\u015bciach o Batmanie.\u00a0 <\/p>\n<p>Opr\u00f3cz Gildy Gold, Harveya Denta i jego ojca, w &#8222;<a class=\"internal\" href=\"https:\/\/www.filmweb.pl\/film\/The+Batman+Part+II-2027-10045797\" title=\"The Batman Part II\" rel=\"nofollow noopener\" target=\"_blank\">The Batman Part II<\/a>&#8221; ma te\u017c pojawi\u0107 si\u0119 Doktor Arkham. Oczywi\u015bcie, czy te rewelacje s\u0105 prawdziwe, przekonamy si\u0119 dopiero za jaki\u015b czas, by\u0107 mo\u017ce nawet dopiero w 2027 roku. <\/p>\n<p>Zwiastun filmu &#8222;Batman&#8221; Matta Reevesa<\/p>\n","protected":false},"excerpt":{"rendered":"Im bli\u017cej do pocz\u0105tku prac na planie filmu &#8222;The Batman Part II&#8222;, tym wi\u0119cej spekulacji na temat tego,&hellip;\n","protected":false},"author":2,"featured_media":150028,"comment_status":"","ping_status":"","sticky":false,"template":"","format":"standard","meta":{"footnotes":""},"categories":[22],"tags":[122,42,38,40,39,41,123],"class_list":{"0":"post-150027","1":"post","2":"type-post","3":"status-publish","4":"format-standard","5":"has-post-thumbnail","7":"category-rozrywka","8":"tag-entertainment","9":"tag-pl","10":"tag-poland","11":"tag-polish","12":"tag-polska","13":"tag-polski","14":"tag-rozrywka"},"share_on_mastodon":{"url":"https:\/\/pubeurope.com\/@pl\/115717728341996014","error":""},"_links":{"self":[{"href":"https:\/\/www.europesays.com\/pl\/wp-json\/wp\/v2\/posts\/150027","targetHints":{"allow":["GET"]}}],"collection":[{"href":"https:\/\/www.europesays.com\/pl\/wp-json\/wp\/v2\/posts"}],"about":[{"href":"https:\/\/www.europesays.com\/pl\/wp-json\/wp\/v2\/types\/post"}],"author":[{"embeddable":true,"href":"https:\/\/www.europesays.com\/pl\/wp-json\/wp\/v2\/users\/2"}],"replies":[{"embeddable":true,"href":"https:\/\/www.europesays.com\/pl\/wp-json\/wp\/v2\/comments?post=150027"}],"version-history":[{"count":0,"href":"https:\/\/www.europesays.com\/pl\/wp-json\/wp\/v2\/posts\/150027\/revisions"}],"wp:featuredmedia":[{"embeddable":true,"href":"https:\/\/www.europesays.com\/pl\/wp-json\/wp\/v2\/media\/150028"}],"wp:attachment":[{"href":"https:\/\/www.europesays.com\/pl\/wp-json\/wp\/v2\/media?parent=150027"}],"wp:term":[{"taxonomy":"category","embeddable":true,"href":"https:\/\/www.europesays.com\/pl\/wp-json\/wp\/v2\/categories?post=150027"},{"taxonomy":"post_tag","embeddable":true,"href":"https:\/\/www.europesays.com\/pl\/wp-json\/wp\/v2\/tags?post=150027"}],"curies":[{"name":"wp","href":"https:\/\/api.w.org\/{rel}","templated":true}]}}