{"id":150054,"date":"2025-12-14T11:59:07","date_gmt":"2025-12-14T11:59:07","guid":{"rendered":"https:\/\/www.europesays.com\/pl\/150054\/"},"modified":"2025-12-14T11:59:07","modified_gmt":"2025-12-14T11:59:07","slug":"caroline-derpienski-oskarza-anete-glam-o-obsesje-nadazacie","status":"publish","type":"post","link":"https:\/\/www.europesays.com\/pl\/150054\/","title":{"rendered":"Caroline Derpie\u0144ski oskar\u017ca Anet\u0119 Glam o obsesj\u0119. Nad\u0105\u017cacie?"},"content":{"rendered":"<p>Zacz\u0119\u0142a mi tego zazdro\u015bci\u0107, \u017ce jak to Caroline si\u0119 panoszy, wi\u0119c pierwsza zacz\u0119\u0142a mnie obra\u017ca\u0107, stalkowa\u0107 latami, straszy\u0107. (&#8230;) Cokolwiek nie kupi\u0142am albo dosta\u0142am, wszystko musia\u0142a latami komentowa\u0107, oskar\u017ca\u0107, pomawia\u0107, wy\u015bmiewa\u0107. Po prostu z\u0142y cz\u0142owiek. (&#8230;) Zobaczy\u0142a, \u017ce atakowanie mnie jej si\u0119 op\u0142aca, wi\u0119c znalaz\u0142a sobie w ten spos\u00f3b na szans\u0119 na \u017cycie<\/p>\n","protected":false},"excerpt":{"rendered":"Zacz\u0119\u0142a mi tego zazdro\u015bci\u0107, \u017ce jak to Caroline si\u0119 panoszy, wi\u0119c pierwsza zacz\u0119\u0142a mnie obra\u017ca\u0107, stalkowa\u0107 latami, straszy\u0107.&hellip;\n","protected":false},"author":2,"featured_media":150055,"comment_status":"","ping_status":"","sticky":false,"template":"","format":"standard","meta":{"footnotes":""},"categories":[22],"tags":[122,42,38,40,39,41,123],"class_list":{"0":"post-150054","1":"post","2":"type-post","3":"status-publish","4":"format-standard","5":"has-post-thumbnail","7":"category-rozrywka","8":"tag-entertainment","9":"tag-pl","10":"tag-poland","11":"tag-polish","12":"tag-polska","13":"tag-polski","14":"tag-rozrywka"},"share_on_mastodon":{"url":"","error":""},"_links":{"self":[{"href":"https:\/\/www.europesays.com\/pl\/wp-json\/wp\/v2\/posts\/150054","targetHints":{"allow":["GET"]}}],"collection":[{"href":"https:\/\/www.europesays.com\/pl\/wp-json\/wp\/v2\/posts"}],"about":[{"href":"https:\/\/www.europesays.com\/pl\/wp-json\/wp\/v2\/types\/post"}],"author":[{"embeddable":true,"href":"https:\/\/www.europesays.com\/pl\/wp-json\/wp\/v2\/users\/2"}],"replies":[{"embeddable":true,"href":"https:\/\/www.europesays.com\/pl\/wp-json\/wp\/v2\/comments?post=150054"}],"version-history":[{"count":0,"href":"https:\/\/www.europesays.com\/pl\/wp-json\/wp\/v2\/posts\/150054\/revisions"}],"wp:featuredmedia":[{"embeddable":true,"href":"https:\/\/www.europesays.com\/pl\/wp-json\/wp\/v2\/media\/150055"}],"wp:attachment":[{"href":"https:\/\/www.europesays.com\/pl\/wp-json\/wp\/v2\/media?parent=150054"}],"wp:term":[{"taxonomy":"category","embeddable":true,"href":"https:\/\/www.europesays.com\/pl\/wp-json\/wp\/v2\/categories?post=150054"},{"taxonomy":"post_tag","embeddable":true,"href":"https:\/\/www.europesays.com\/pl\/wp-json\/wp\/v2\/tags?post=150054"}],"curies":[{"name":"wp","href":"https:\/\/api.w.org\/{rel}","templated":true}]}}