{"id":150061,"date":"2025-12-14T12:03:23","date_gmt":"2025-12-14T12:03:23","guid":{"rendered":"https:\/\/www.europesays.com\/pl\/150061\/"},"modified":"2025-12-14T12:03:23","modified_gmt":"2025-12-14T12:03:23","slug":"przerazona-seniorka-zadzwonila-z-kosciola-potrzebowala-pomocy","status":"publish","type":"post","link":"https:\/\/www.europesays.com\/pl\/150061\/","title":{"rendered":"Przera\u017cona seniorka zadzwoni\u0142a z ko\u015bcio\u0142a. Potrzebowa\u0142a pomocy"},"content":{"rendered":"<p class=\"Paragraph_desktopParagraph__U31Gm\">Do niecodziennej interwencji dosz\u0142o w czwartek 11 grudnia w Krakowie. Jak poinformowa\u0142a Stra\u017c Miejska Miasta Krakowa za po\u015brednictwem medi\u00f3w spo\u0142eczno\u015bciowych, funkcjonariusze zostali wezwani do ko\u015bcio\u0142a pw. Arki Pana, gdzie znajdowa\u0142a si\u0119 starsza kobieta potrzebuj\u0105ca pomocy.<\/p>\n<p class=\"Paragraph_desktopParagraph__U31Gm\">Zg\u0142oszenie wp\u0142yn\u0119\u0142o w godzinach wieczornych na numer alarmowy 986. Dzwoni\u0105ca kobieta przekaza\u0142a dy\u017curnemu, \u017ce w pobli\u017cu zakrystii przebywa seniorka, kt\u00f3ra wygl\u0105da na zagubion\u0105 i zdezorientowan\u0105. Na miejsce natychmiast skierowano patrol Stra\u017cy Miejskiej.<\/p>\n<ul class=\"OchatFollowUps_wrapper__1ry7X\">\n<li class=\"OchatFollowUps_item__Dhyly OchatFollowUps_itemDesktop__R6aBv\">Gdzie mia\u0142a miejsce interwencja Stra\u017cy Miejskiej?<\/li>\n<li class=\"OchatFollowUps_item__Dhyly OchatFollowUps_itemDesktop__R6aBv\">Ile lat mia\u0142a zaginiona seniorka?<\/li>\n<li class=\"OchatFollowUps_item__Dhyly OchatFollowUps_itemDesktop__R6aBv\">Jaka by\u0142a reakcja seniorki podczas interwencji?<\/li>\n<li class=\"OchatFollowUps_item__Dhyly OchatFollowUps_itemDesktop__R6aBv\">Kto przyby\u0142 na miejsce zdarzenia opr\u00f3cz Stra\u017cy Miejskiej?<\/li>\n<\/ul>\n<p class=\"Paragraph_desktopParagraph__U31Gm\">Po przybyciu do ko\u015bcio\u0142a funkcjonariusze zastali 87-letni\u0105 kobiet\u0119. By\u0142a wyra\u017anie przestraszona, zdezorientowana i bardzo emocjonalnie reagowa\u0142a na obecno\u015b\u0107 stra\u017cnik\u00f3w. Z relacji \u015bwiadk\u00f3w wynika\u0142o, \u017ce seniorka od d\u0142u\u017cszego czasu przebywa\u0142a w tej okolicy sama i nie nawi\u0105zywa\u0142a kontaktu z innymi osobami.<\/p>\n<p class=\"Paragraph_desktopParagraph__U31Gm\">Stra\u017cnicy przeprowadzili z kobiet\u0105 spokojn\u0105 rozmow\u0119 i sprawdzili jej dane osobowe. W trakcie tych czynno\u015bci dy\u017curny Stra\u017cy Miejskiej skojarzy\u0142 interwencj\u0119 z wcze\u015bniejszym zg\u0142oszeniem Policji dotycz\u0105cym zagini\u0119cia starszej osoby. W zwi\u0105zku z tym na miejsce wezwano patrol Policji.<\/p>\n<p class=\"Paragraph_desktopParagraph__U31Gm\">Po kr\u00f3tkim czasie do ko\u015bcio\u0142a przybyli funkcjonariusze wraz z synem 87-latki. M\u0119\u017cczyzna przej\u0105\u0142 opiek\u0119 nad swoj\u0105 mam\u0105, a sytuacja zako\u0144czy\u0142a si\u0119 szcz\u0119\u015bliwie. Seniorka trafi\u0142a pod opiek\u0119 rodziny, a s\u0142u\u017cby zako\u0144czy\u0142y interwencj\u0119.<\/p>\n<p class=\"Paragraph_desktopParagraph__U31Gm\">Stra\u017c Miejska podkre\u015bla, \u017ce szybka reakcja osoby zg\u0142aszaj\u0105cej oraz w\u0142a\u015bciwa wsp\u00f3\u0142praca s\u0142u\u017cb pozwoli\u0142y unikn\u0105\u0107 tragedii. Funkcjonariusze apeluj\u0105, by w podobnych sytuacjach nie pozostawa\u0107 oboj\u0119tnym i reagowa\u0107, gdy kto\u015b mo\u017ce potrzebowa\u0107 pomocy.<\/p>\n","protected":false},"excerpt":{"rendered":"Do niecodziennej interwencji dosz\u0142o w czwartek 11 grudnia w Krakowie. Jak poinformowa\u0142a Stra\u017c Miejska Miasta Krakowa za po\u015brednictwem&hellip;\n","protected":false},"author":2,"featured_media":150062,"comment_status":"","ping_status":"","sticky":false,"template":"","format":"standard","meta":{"footnotes":""},"categories":[12],"tags":[32,33,36,37,27,368,34,35,2253,28,31,53,25475,25,52,68,51,55,42,38,40,39,41,47,29,30,50,26],"class_list":{"0":"post-150061","1":"post","2":"type-post","3":"status-publish","4":"format-standard","5":"has-post-thumbnail","7":"category-polska","8":"tag-breaking-news","9":"tag-breakingnews","10":"tag-featured-news","11":"tag-featurednews","12":"tag-headlines","13":"tag-krakowdlawas","14":"tag-latest-news","15":"tag-latestnews","16":"tag-mh","17":"tag-naglowki","18":"tag-najwazniejsze-artykuly","19":"tag-new_header","20":"tag-new_layout_tst1","21":"tag-news","22":"tag-onet3","23":"tag-onet3d","24":"tag-onet3d_2i","25":"tag-phx","26":"tag-pl","27":"tag-poland","28":"tag-polish","29":"tag-polska","30":"tag-polski","31":"tag-screening_general","32":"tag-top-stories","33":"tag-topstories","34":"tag-v2021","35":"tag-wiadomosci"},"share_on_mastodon":{"url":"https:\/\/pubeurope.com\/@pl\/115717826304062497","error":""},"_links":{"self":[{"href":"https:\/\/www.europesays.com\/pl\/wp-json\/wp\/v2\/posts\/150061","targetHints":{"allow":["GET"]}}],"collection":[{"href":"https:\/\/www.europesays.com\/pl\/wp-json\/wp\/v2\/posts"}],"about":[{"href":"https:\/\/www.europesays.com\/pl\/wp-json\/wp\/v2\/types\/post"}],"author":[{"embeddable":true,"href":"https:\/\/www.europesays.com\/pl\/wp-json\/wp\/v2\/users\/2"}],"replies":[{"embeddable":true,"href":"https:\/\/www.europesays.com\/pl\/wp-json\/wp\/v2\/comments?post=150061"}],"version-history":[{"count":0,"href":"https:\/\/www.europesays.com\/pl\/wp-json\/wp\/v2\/posts\/150061\/revisions"}],"wp:featuredmedia":[{"embeddable":true,"href":"https:\/\/www.europesays.com\/pl\/wp-json\/wp\/v2\/media\/150062"}],"wp:attachment":[{"href":"https:\/\/www.europesays.com\/pl\/wp-json\/wp\/v2\/media?parent=150061"}],"wp:term":[{"taxonomy":"category","embeddable":true,"href":"https:\/\/www.europesays.com\/pl\/wp-json\/wp\/v2\/categories?post=150061"},{"taxonomy":"post_tag","embeddable":true,"href":"https:\/\/www.europesays.com\/pl\/wp-json\/wp\/v2\/tags?post=150061"}],"curies":[{"name":"wp","href":"https:\/\/api.w.org\/{rel}","templated":true}]}}