{"id":150064,"date":"2025-12-14T12:06:10","date_gmt":"2025-12-14T12:06:10","guid":{"rendered":"https:\/\/www.europesays.com\/pl\/150064\/"},"modified":"2025-12-14T12:06:10","modified_gmt":"2025-12-14T12:06:10","slug":"wyjatkowe-swieta-pawla-domagaly-i-zuzanny-grabowskiej-koledowanie-i-premiera-spektaklu","status":"publish","type":"post","link":"https:\/\/www.europesays.com\/pl\/150064\/","title":{"rendered":"Wyj\u0105tkowe \u015bwi\u0119ta Paw\u0142a Domaga\u0142y i Zuzanny Grabowskiej &#8211; kol\u0119dowanie i premiera spektaklu"},"content":{"rendered":"<p class=\"typography ids-typeset-body ids-typeset-body--preset-large link paragraph ids-paragraph ids-paragraph--default\">Napi\u0119ty grafik pr\u00f3b i spektakli sprawi\u0142, \u017ce w tym roku Pawe\u0142 Domaga\u0142a i Zuzanna Grabowska zmienili \u015bwi\u0105teczne plany. Zamiast wyjazdu do Krakowa, wigili\u0119 organizuj\u0105 w Warszawie, gdzie spodziewaj\u0105 si\u0119 16 go\u015bci. W &#8222;halo tu polsat&#8221; opowiedzieli, jak wygl\u0105daj\u0105 przygotowania bez presji, jak dziel\u0105 si\u0119 obowi\u0105zkami i w jaki spos\u00f3b \u0142\u0105cz\u0105 \u017cycie rodzinne ze wsp\u00f3ln\u0105 prac\u0105 artystyczn\u0105.<\/p>\n<p>Razem w \u017cyciu i razem na scenie<\/p>\n<p class=\"typography ids-typeset-body ids-typeset-body--preset-large link paragraph ids-paragraph ids-paragraph--default\">Pawe\u0142 Domaga\u0142a i Zuzanna Grabowska to jedno z najpopularniejszych ma\u0142\u017ce\u0144stw w polskim show-biznesie. Wi\u0119kszo\u015b\u0107 fan\u00f3w uwa\u017ca, \u017ce poznali si\u0119 dopiero na studiach, tymczasem w &#8222;halo tu polsat&#8221; arty\u015bci zdradzili, \u017ce ich pierwsze spotkanie mia\u0142o miejsce&#8230; ju\u017c w podstaw\u00f3wce.<\/p>\n<p class=\"typography ids-typeset-body ids-typeset-body--preset-large link paragraph ids-paragraph ids-paragraph--default\">&#8222;Pawe\u0142 mi kiedy\u015b powiedzia\u0142: &gt;&gt;Wiesz, ja by\u0142em w szkole w Krakowie kiedy\u015b na takich zawodach p\u0142ywackich<\/p>\n<p class=\"typography ids-typeset-body ids-typeset-body--preset-large link paragraph ids-paragraph ids-paragraph--default\">Od tamtego czasu ich losy nieustannie si\u0119 przeplata\u0142y. Najpierw byli przyjaci\u00f3\u0142mi na studiach, p\u00f3\u017aniej ich relacja przerodzi\u0142a si\u0119 w mi\u0142o\u015b\u0107, a w ko\u0144cu w ma\u0142\u017ce\u0144stwo, kt\u00f3re trwa ju\u017c ponad dekad\u0119. Wsp\u00f3lnie wychowuj\u0105 dwie c\u00f3rki.<\/p>\n<p><img decoding=\"async\" class=\"ids-image-holder__img\" loading=\"lazy\" alt=\"Go\u015bcie &quot;halo tu polsat&quot; \" title=\"\" width=\"1280\" height=\"800\" src=\"https:\/\/www.europesays.com\/pl\/wp-content\/uploads\/2025\/12\/000M2NXHTAXUJ3TW-C323-F4.webp.webp\"\/><\/p>\n<p>Go\u015bcie &#8222;halo tu polsat&#8221; Ga\u0142\u0105zkaAKPA<\/p>\n<p class=\"typography ids-typeset-body ids-typeset-body--preset-large link paragraph ids-paragraph ids-paragraph--default\">Warto r\u00f3wnie\u017c podkre\u015bli\u0107 wzajemne wsparcie tej pary. Razem wyst\u0119puj\u0105 na deskach teatru, a Zuzanna nie tylko wspiera Paw\u0142a prywatnie, ale tak\u017ce zawodowo &#8211; jest re\u017cyserk\u0105 i producentk\u0105 jego projekt\u00f3w, w tym teledysk\u00f3w. Jak przyznaj\u0105, wsp\u00f3lna praca daje im mn\u00f3stwo rado\u015bci i jest naturalnym przed\u0142u\u017ceniem ich relacji.<\/p>\n<p class=\"typography ids-typeset-body ids-typeset-body--preset-large link paragraph ids-paragraph ids-paragraph--default\">Pawe\u0142 wielokrotnie podkre\u015bla\u0142, \u017ce \u017cona jest dla niego ogromnym \u017ar\u00f3d\u0142em inspiracji. To w\u0142a\u015bnie z my\u015bl\u0105 o niej powsta\u0142 utw\u00f3r &#8222;We\u017a nie pytaj&#8221;, napisany w czasie, gdy para spodziewa\u0142a si\u0119 drugiej pociechy.<\/p>\n<p>Wyj\u0105tkowe \u015bwi\u0119ta Zuzanny Grabowskiej i Paw\u0142a Domaga\u0142y<\/p>\n<p class=\"typography ids-typeset-body ids-typeset-body--preset-large link paragraph ids-paragraph ids-paragraph--default\">W tym roku Pawe\u0142 Domaga\u0142a i Zuzanna Grabowska nie wyje\u017cd\u017caj\u0105 na \u015bwi\u0119ta do ukochanego Krakowa &#8211; zamiast tego Wigili\u0119 sp\u0119dz\u0105 u siebie w Warszawie. Wszystko przez premier\u0119 spektaklu &#8222;Exterminator&#8221;, kt\u00f3ry wystartuje tu\u017c po \u015bwi\u0119tach. Pr\u00f3by trwaj\u0105 niemal codziennie, ale aktorskie ma\u0142\u017ce\u0144stwo znalaz\u0142o spos\u00f3b, by zachowa\u0107 spok\u00f3j i nie stresowa\u0107 si\u0119 przygotowaniami.<\/p>\n<p class=\"typography ids-typeset-body ids-typeset-body--preset-large link paragraph ids-paragraph ids-paragraph--default\">&#8222;W tym roku w sylwestra w Klubie Stodo\u0142a mamy premier\u0119 spektaklu &gt;&gt;Exterminator<\/p>\n<p class=\"typography ids-typeset-body ids-typeset-body--preset-large link paragraph ids-paragraph ids-paragraph--default\">&#8222;To jest bardzo fajny muzyczny spektakl. I mamy pr\u00f3by do samych \u015bwi\u0105t i zaraz po \u015bwi\u0119tach. Tak\u017ce w tym roku jeste\u015bmy tutaj u nas. (&#8230;) My\u015bmy razem przez dobrych kilka lat grali w Teatrze Dramatycznym taki spektakl &gt;&gt;Eksterminat\u00f3wI to jest w\u0142a\u015bnie to nasze dziecko noworoczne, kolejne&#8221;, doda\u0142a Zuzanna.<\/p>\n<p class=\"typography ids-typeset-body ids-typeset-body--preset-large link paragraph ids-paragraph ids-paragraph--default\">Cho\u0107 przygotowania do premiery &#8222;Exterminatora&#8221; poch\u0142aniaj\u0105 mn\u00f3stwo czasu i energii, Pawe\u0142 i Zuzanna \u015bwietnie radz\u0105 sobie z pogodzeniem pracy i \u015bwi\u0105t. Podzielili mi\u0119dzy siebie i bliskich obowi\u0105zki, dzi\u0119ki czemu wigilia b\u0119dzie dla nich spokojnym i radosnym wydarzeniem.<\/p>\n<p class=\"typography ids-typeset-body ids-typeset-body--preset-large link paragraph ids-paragraph ids-paragraph--default\">&#8222;Rozdzielili\u015bmy zadania. Nie b\u0119d\u0119 taka &gt;&gt;uwi\u0105zana<\/p>\n<p class=\"typography ids-typeset-body ids-typeset-body--preset-large link paragraph ids-paragraph ids-paragraph--default\">&#8222;Ja zam\u00f3wi\u0142em ju\u017c dobre mi\u0119so u naszych pa\u0144&#8221;, doda\u0142 \u017cartobliwie Pawe\u0142.<\/p>\n<p class=\"typography ids-typeset-body ids-typeset-body--preset-large link paragraph ids-paragraph ids-paragraph--default\">Prowadz\u0105cy byli ciekawi, jakie tematy b\u0119d\u0105 dominowa\u0107 przy \u015bwi\u0105tecznym stole pary. Arty\u015bci zdradzili, \u017ce najpewniej b\u0119d\u0105 rozmawia\u0107 g\u0142\u00f3wnie o spektaklu, pr\u00f3bach, a tak\u017ce&#8230; o pi\u0142ce no\u017cnej.<\/p>\n<p>Huczne kol\u0119dowanie z muzyk\u0105 na \u017cywo dla 70 os\u00f3b<\/p>\n<p class=\"typography ids-typeset-body ids-typeset-body--preset-large link paragraph ids-paragraph ids-paragraph--default\">\u015awi\u0119ta u Paw\u0142a Domaga\u0142y i Zuzanny Grabowskiej to nie tylko prezenty i pierogi, ale te\u017c prawdziwe muzyczne wydarzenie. Aktorskie ma\u0142\u017ce\u0144stwo od lat zaprasza go\u015bci do wsp\u00f3lnego \u015bpiewania kol\u0119d &#8211; z instrumentami na \u017cywo, w ogromnym gronie przyjaci\u00f3\u0142 i rodziny. W zesz\u0142ym roku w ich domu bawi\u0142o si\u0119 a\u017c 70 os\u00f3b!<\/p>\n<p class=\"typography ids-typeset-body ids-typeset-body--preset-large link paragraph ids-paragraph ids-paragraph--default\">&#8222;Mamy takie du\u017ce kol\u0119dowanie zawsze. I teraz bez kitu, bo w zesz\u0142ym roku by\u0142o 70 os\u00f3b. Naprawd\u0119. Nie by\u0142o si\u0119 gdzie ruszy\u0107, bo zaprosili\u015bmy wszystkich znajomych. Zawsze s\u0105 ch\u0142opaki z zespo\u0142u i si\u0119 rozstawiamy z instrumentami. Ale rzeczywi\u015bcie by\u0142a przesada w zesz\u0142ym roku&#8221;, zdradzi\u0142 Domaga\u0142a.<\/p>\n<p class=\"typography ids-typeset-body ids-typeset-body--preset-large link paragraph ids-paragraph ids-paragraph--default\">Zuzanna doda\u0142a: &#8222;Mamy tak\u0105 tradycj\u0119, \u017ce zapraszamy ludzi do nas, jest muzyka na \u017cywo i \u015bpiewamy kol\u0119dy. Bo to jest chyba jedyny moment, kiedy mo\u017cna za\u015bpiewa\u0107 wsp\u00f3lnie kol\u0119dy. Ale w tym roku mamy pr\u00f3by i nie wiem, czy nie przerzucimy tego na Nowy Rok&#8221;.<\/p>\n<p class=\"typography ids-typeset-body ids-typeset-body--preset-large link paragraph ids-paragraph ids-paragraph--default\">Podsumowuj\u0105c, w domu aktorskiej pary nie zabraknie \u015bmiechu, muzyki i wsp\u00f3lnego \u015bwi\u0119towania. Najwa\u017cniejsze dla nich jest jednak to, \u017ce b\u0119d\u0105 razem i mimo zawodowych obowi\u0105zk\u00f3w znajd\u0105 czas na kultywowanie w\u0142asnych tradycji.<\/p>\n<p>Masz sugestie, uwagi albo widzisz b\u0142\u0105d? Napisz do nas<\/p>\n","protected":false},"excerpt":{"rendered":"Napi\u0119ty grafik pr\u00f3b i spektakli sprawi\u0142, \u017ce w tym roku Pawe\u0142 Domaga\u0142a i Zuzanna Grabowska zmienili \u015bwi\u0105teczne plany.&hellip;\n","protected":false},"author":2,"featured_media":150065,"comment_status":"","ping_status":"","sticky":false,"template":"","format":"standard","meta":{"footnotes":""},"categories":[22],"tags":[122,42,38,40,39,41,123],"class_list":{"0":"post-150064","1":"post","2":"type-post","3":"status-publish","4":"format-standard","5":"has-post-thumbnail","7":"category-rozrywka","8":"tag-entertainment","9":"tag-pl","10":"tag-poland","11":"tag-polish","12":"tag-polska","13":"tag-polski","14":"tag-rozrywka"},"share_on_mastodon":{"url":"https:\/\/pubeurope.com\/@pl\/115717838572694716","error":""},"_links":{"self":[{"href":"https:\/\/www.europesays.com\/pl\/wp-json\/wp\/v2\/posts\/150064","targetHints":{"allow":["GET"]}}],"collection":[{"href":"https:\/\/www.europesays.com\/pl\/wp-json\/wp\/v2\/posts"}],"about":[{"href":"https:\/\/www.europesays.com\/pl\/wp-json\/wp\/v2\/types\/post"}],"author":[{"embeddable":true,"href":"https:\/\/www.europesays.com\/pl\/wp-json\/wp\/v2\/users\/2"}],"replies":[{"embeddable":true,"href":"https:\/\/www.europesays.com\/pl\/wp-json\/wp\/v2\/comments?post=150064"}],"version-history":[{"count":0,"href":"https:\/\/www.europesays.com\/pl\/wp-json\/wp\/v2\/posts\/150064\/revisions"}],"wp:featuredmedia":[{"embeddable":true,"href":"https:\/\/www.europesays.com\/pl\/wp-json\/wp\/v2\/media\/150065"}],"wp:attachment":[{"href":"https:\/\/www.europesays.com\/pl\/wp-json\/wp\/v2\/media?parent=150064"}],"wp:term":[{"taxonomy":"category","embeddable":true,"href":"https:\/\/www.europesays.com\/pl\/wp-json\/wp\/v2\/categories?post=150064"},{"taxonomy":"post_tag","embeddable":true,"href":"https:\/\/www.europesays.com\/pl\/wp-json\/wp\/v2\/tags?post=150064"}],"curies":[{"name":"wp","href":"https:\/\/api.w.org\/{rel}","templated":true}]}}