{"id":150086,"date":"2025-12-14T12:18:10","date_gmt":"2025-12-14T12:18:10","guid":{"rendered":"https:\/\/www.europesays.com\/pl\/150086\/"},"modified":"2025-12-14T12:18:10","modified_gmt":"2025-12-14T12:18:10","slug":"wizerunkowa-porazka-nawrockiego-przegrywa-spor-o-lancuchy","status":"publish","type":"post","link":"https:\/\/www.europesays.com\/pl\/150086\/","title":{"rendered":"Wizerunkowa pora\u017cka Nawrockiego. Przegrywa sp\u00f3r o \u0142a\u0144cuchy"},"content":{"rendered":"\n<p>Sp\u00f3r o\u00a0psy sta\u0142 si\u0119 kolejn\u0105 ods\u0142on\u0105 politycznej wojny na szczytach w\u0142adzy. Po tym, jak Sejm przyj\u0105\u0142 przepisy wprowadzaj\u0105ce ca\u0142kowity zakaz trzymania ps\u00f3w na \u0142a\u0144cuchach, <a href=\"https:\/\/wiadomosci.wp.pl\/kolejne-weto-prezydenta-tlumaczy-swoja-decyzje-7228130073361344a?pvclid=01KC9FA8V2WEQ6XWBH1EC2WY85\" rel=\"noopener noreferrer nofollow\" target=\"_blank\">prezydent Karol Nawrocki zdecydowa\u0142 si\u0119 skorzysta\u0107 z\u00a0prawa weta, argumentuj\u0105c to m.in. zbyt rygorystycznymi wymaganiami ws. kojc\u00f3w<\/a>. Ruch ten spotka\u0142 si\u0119 <a href=\"https:\/\/wiadomosci.wp.pl\/nawrocki-wetuje-ustawe-ws-psow-dosadny-komentarz-tuska-7228173703560096a\" rel=\"noopener noreferrer nofollow\" target=\"_blank\">z\u00a0natychmiastow\u0105 reakcj\u0105 premiera Donalda Tuska<\/a>, kt\u00f3ry pisa\u0142: &#8222;To ju\u017c nie jest polityka, to zwyk\u0142a pod\u0142o\u015b\u0107&#8221;.<\/p>\n<p><a href=\"https:\/\/wiadomosci.wp.pl\/ustawa-lancuchowa-po-wecie-prezydent-sklada-wlasny-projekt-7228421889326016a\" rel=\"noopener noreferrer nofollow\" target=\"_blank\">Prezydent po wecie niemal natychmiast z\u0142o\u017cy\u0142 w\u0142asny projekt w\u00a0tej sprawie<\/a>, domagaj\u0105c si\u0119 procedowania. <\/p>\n<p>Maja Rutkowski kupi\u0142a m\u0119\u017cowi prezent za\u00a0MILIONY DOLAR\u00d3W. &#8222;B\u0119dzie du\u017co z\u0142ota&#8221; <\/p>\n<p>Polacy po\u00a0stronie rz\u0105du ws. ustawy \u0142a\u0144cuchowej <\/p>\n<p>W cieniu tego konfliktu zapytali\u015bmy Polak\u00f3w: &#8222;Prezydent Karol Nawrocki zdecydowa\u0142 si\u0119 zawetowa\u0107 tzw. ustaw\u0119 \u0142a\u0144cuchow\u0105, kt\u00f3ra wprowadza\u0142a ca\u0142kowity zakaz trzymania ps\u00f3w na uwi\u0119zi. Czy popiera Pan\/Pani decyzj\u0119 Prezydenta o\u00a0zablokowaniu tych zmian?&#8221;.<\/p>\n<p> <img role=\"presentation\" class=\"absolute left-1\/2 top-1\/2 max-h-[80%] max-w-[100px] -translate-x-1\/2 -translate-y-1\/2\" src=\"https:\/\/v.wpimg.pl\/ZXJfd3AudTkrBBIAbg54LGhcRlAxHQUrPgJGH2MAeGJoSQ1eIBI_K2UHAEVuBTY5KQMMXC0RPyoVERQdMgM9ejc\" loading=\"lazy\" decoding=\"async\"\/> <\/p>\n<p>Wyniki badania s\u0105 wyra\u017anym sygna\u0142em, \u017ce wra\u017cliwo\u015b\u0107 spo\u0142eczna na los zwierz\u0105t w\u00a0Polsce uleg\u0142a ogromnej zmianie. Decyzja prezydenta nie znajduje poparcia u\u00a0wi\u0119kszo\u015bci spo\u0142ecze\u0144stwa.<\/p>\n<p>A\u017c 61,3 proc. badanych negatywnie ocenia weto prezydenta (czyli de facto popiera zakaz \u0142a\u0144cuch\u00f3w). W\u00a0tej grupie determinacja jest ogromna:<\/p>\n<ul>\n<li>34,5 proc. odpowiedzia\u0142o &#8222;zdecydowanie nie&#8221; (nie popiera weta),<\/li>\n<li>26,8 proc. wskaza\u0142o &#8222;raczej nie&#8221;.<\/li>\n<\/ul>\n<p>Prezydent Nawrocki mo\u017ce liczy\u0107 na poparcie mniejszo\u015bci. Jego decyzj\u0119 o\u00a0zablokowaniu ustawy chwali \u0142\u0105cznie 35,8 proc. ankietowanych (21,1 proc. &#8222;zdecydowanie tak&#8221;, 14,7 proc. &#8222;raczej tak&#8221;).<\/p>\n<p>Zaledwie 3 proc. badanych nie ma zdania w\u00a0tej sprawie, co dowodzi, jak silne emocje budzi ten temat.<\/p>\n<p> <img role=\"presentation\" class=\"absolute left-1\/2 top-1\/2 max-h-[80%] max-w-[100px] -translate-x-1\/2 -translate-y-1\/2\" src=\"https:\/\/v.wpimg.pl\/ZXJfd3AudTkrBBIAbg54LGhcRlAxHQUrPgJGH2MAeGJoSQ1eIBI_K2UHAEVuBTY5KQMMXC0RPyoVERQdMgM9ejc\" loading=\"lazy\" decoding=\"async\"\/>     <img decoding=\"async\" src=\"https:\/\/www.europesays.com\/pl\/wp-content\/uploads\/2025\/12\/ZjA5NGMxdQsgVzh0YgN4HmMPbC4kWnZINBd0ZWIbdVtwA3o_dEhsRSdcIiI_HSoFb1I8Mj0ZLRpvRSJoLAgzRTcEYSMkCyoGIExh.jpeg\" width=\"1164\" height=\"906\" loading=\"lazy\" class=\"wp-media-image\" alt=\"Ocena weta prezydenta ws. ustawy \u0142a\u0144cuchowej\" data-lightbox=\"true\"\/> Ocena weta prezydenta ws. ustawy \u0142a\u0144cuchowej \u00a9 WP<\/p>\n<p>Tusk kontra Nawrocki. Elektoraty na\u00a0kursie kolizyjnym <\/p>\n<p>Konflikt na linii Kancelaria Premiera &#8211;\u00a0Pa\u0142ac Prezydencki idealnie odwzorowuje podzia\u0142y polityczne w\u00a0sonda\u017cu. Wyborcy obecnej koalicji rz\u0105dz\u0105cej stoj\u0105 murem za Donaldem Tuskiem i\u00a0postulatem uwolnienia ps\u00f3w z\u00a0\u0142a\u0144cuch\u00f3w.<\/p>\n<p>W\u015br\u00f3d wyborc\u00f3w koalicji rz\u0105dz\u0105cej (KO, Trzecia Droga, Lewica) sprzeciw wobec decyzji prezydenta jest mia\u017cd\u017c\u0105cy. A\u017c 89 proc. wyborc\u00f3w tego obozu nie popiera weta (w tym ponad 63 proc. &#8222;zdecydowanie&#8221;). Prezydenta broni tu zaledwie garstka (ok. 7\u00a0proc.).<\/p>\n<p> <img role=\"presentation\" class=\"absolute left-1\/2 top-1\/2 max-h-[80%] max-w-[100px] -translate-x-1\/2 -translate-y-1\/2\" src=\"https:\/\/v.wpimg.pl\/ZXJfd3AudTkrBBIAbg54LGhcRlAxHQUrPgJGH2MAeGJoSQ1eIBI_K2UHAEVuBTY5KQMMXC0RPyoVERQdMgM9ejc\" loading=\"lazy\" decoding=\"async\"\/> <\/p>\n<p>Zupe\u0142nie inaczej wygl\u0105da sytuacja w\u00a0bastionie opozycji. Wyborcy PiS i\u00a0Konfederacji w\u00a0wi\u0119kszo\u015bci przyznaj\u0105 racj\u0119 Karolowi Nawrockiemu. Jego decyzj\u0119 popiera tu 60 proc. badanych. Warto jednak zauwa\u017cy\u0107, \u017ce nawet w\u00a0tym elektoracie &#8211;\u00a0tradycyjnie bardziej konserwatywnym &#8211;\u00a0weto budzi w\u0105tpliwo\u015bci u\u00a0ponad 35 proc. wyborc\u00f3w, kt\u00f3rzy chcieliby poprawy losu zwierz\u0105t.<\/p>\n<p> <a href=\"https:\/\/wiadomosci.wp.pl\/rzecznik-nawrockiego-odpowiada-tuskowi-emocjonalne-rozdygotanie-7231645259807680a\" class=\"teaser-inline\" rel=\"nofollow noopener\" target=\"_blank\">  <img decoding=\"async\" src=\"https:\/\/www.europesays.com\/pl\/wp-content\/uploads\/2025\/12\/ZjI4NDA0dQsoVjh3bkt4HmsObC0oEnZIPBZ0Zm4BaFJ5TGEiKFw_GCxEIWomQi8aKEM-ajFcdQs5XWEycB8-AzpEIiU4Hz8HK1Eq.jpeg\" width=\"0\" height=\"0\" loading=\"lazy\" class=\"wp-media-image cropped\" alt=\"Rzecznik Nawrockiego odpowiada Tuskowi. &quot;Emocjonalne rozdygotanie&quot;\"\/><\/p>\n<p>Rzecznik Nawrockiego odpowiada Tuskowi. &#8222;Emocjonalne rozdygotanie&#8221;<\/p>\n<p><\/a><\/p>\n<p>Wie\u015b podzielona, kobiety &#8222;murem za\u00a0psami&#8221; <\/p>\n<p>Jeszcze ciekawiej prezentuj\u0105 si\u0119 wyniki, gdy spojrzymy na demografi\u0119. Sprawa &#8222;ustawy \u0142a\u0144cuchowej&#8221; ma bowiem wyra\u017any wymiar p\u0142ciowy i\u00a0terytorialny.<\/p>\n<p> <img role=\"presentation\" class=\"absolute left-1\/2 top-1\/2 max-h-[80%] max-w-[100px] -translate-x-1\/2 -translate-y-1\/2\" src=\"https:\/\/v.wpimg.pl\/ZXJfd3AudTkrBBIAbg54LGhcRlAxHQUrPgJGH2MAeGJoSQ1eIBI_K2UHAEVuBTY5KQMMXC0RPyoVERQdMgM9ejc\" loading=\"lazy\" decoding=\"async\"\/> <\/p>\n<p>Kobiety s\u0105 znacznie bardziej empatyczne. A\u017c 74 proc. Polek sprzeciwia si\u0119 decyzji prezydenta (nie popiera weta). W\u015br\u00f3d m\u0119\u017cczyzn ten odsetek jest znacznie ni\u017cszy i\u00a0wynosi tylko 50 proc. Panowie s\u0105 w\u00a0tej kwestii mocno podzieleni &#8211;\u00a0niemal po\u0142owa z\u00a0nich (47 proc.) przyznaje racj\u0119 Nawrockiemu.<\/p>\n<p>Kluczowym polem r\u00f3\u017cnicy ws. &#8222;\u0142a\u0144cuch\u00f3w&#8221; jest jednak miejsce zamieszkania. Argumentacja prezydenta w\u00a0tej sprawie m.in. o\u00a0&#8222;interesie wsi&#8221; znajduje tam pewien pos\u0142uch, ale nie jest to poparcie powszechne.<\/p>\n<ul>\n<li>Wie\u015b: To tutaj prezydent w\u00a0domy\u015ble powinien mie\u0107 najwi\u0119ksze zaplecze. Decyzj\u0119 o\u00a0wecie popiera jednak zaledwie 37 proc. jej mieszka\u0144c\u00f3w, ale &#8211;\u00a0co zaskakuj\u0105ce &#8211;\u00a0a\u017c 59 proc. jest przeciwnych wetu. Prezydent &#8222;odbija&#8221; wizerunkowo w\u00a0miejscowo\u015bciach do 50 tys. mieszka\u0144c\u00f3w, gdzie jego decyzj\u0119 pozytywnie odebra\u0142o 53 proc. pytanych.<\/li>\n<li>Wielkie miasta (powy\u017cej 250 tys.): Tutaj prezydent ponosi wizerunkow\u0105 kl\u0119sk\u0119. A\u017c 87 proc. mieszka\u0144c\u00f3w metropolii krytykuje weto. Dla wielkomiejskich wyborc\u00f3w trzymanie psa na uwi\u0119zi jest reliktem przesz\u0142o\u015bci, kt\u00f3rego obrona przez g\u0142ow\u0119 pa\u0144stwa jest niezrozumia\u0142a.<\/li>\n<\/ul>\n<p>Wida\u0107 r\u00f3wnie\u017c wyra\u017an\u0105 r\u00f3\u017cnic\u0119 pokoleniow\u0105 &#8211;\u00a0najm\u0142odsi Polacy (18-29 lat) w\u00a0zdecydowanej wi\u0119kszo\u015bci (ponad 85 proc.) stoj\u0105 po stronie zwierz\u0105t, odrzucaj\u0105c argumenty Kancelarii Prezydenta. Najwi\u0119cej popieraj\u0105cych decyzj\u0119 jest w\u00a0grupie 40-49, bo to a\u017c 45 procent badanych.<\/p>\n<p>Sonda\u017c United Surveys by IBRiS dla Wirtualnej Polski zosta\u0142 przeprowadzony w\u00a0dniach 5-8.12.2025 r. Badanie zrealizowano metod\u0105 mieszan\u0105 CATI&amp;CAWI (wywiad telefoniczny wspomagany komputerowo oraz ankieta internetowa). Pr\u00f3ba wynios\u0142a n=1000 doros\u0142ych Polak\u00f3w.<\/p>\n","protected":false},"excerpt":{"rendered":"Sp\u00f3r o\u00a0psy sta\u0142 si\u0119 kolejn\u0105 ods\u0142on\u0105 politycznej wojny na szczytach w\u0142adzy. Po tym, jak Sejm przyj\u0105\u0142 przepisy wprowadzaj\u0105ce&hellip;\n","protected":false},"author":2,"featured_media":150087,"comment_status":"","ping_status":"","sticky":false,"template":"","format":"standard","meta":{"footnotes":""},"categories":[5],"tags":[32,33,36,37,27,34,35,28,31,25,42,38,40,39,41,29,30,26],"class_list":{"0":"post-150086","1":"post","2":"type-post","3":"status-publish","4":"format-standard","5":"has-post-thumbnail","7":"category-naglowki","8":"tag-breaking-news","9":"tag-breakingnews","10":"tag-featured-news","11":"tag-featurednews","12":"tag-headlines","13":"tag-latest-news","14":"tag-latestnews","15":"tag-naglowki","16":"tag-najwazniejsze-artykuly","17":"tag-news","18":"tag-pl","19":"tag-poland","20":"tag-polish","21":"tag-polska","22":"tag-polski","23":"tag-top-stories","24":"tag-topstories","25":"tag-wiadomosci"},"share_on_mastodon":{"url":"https:\/\/pubeurope.com\/@pl\/115717886238871198","error":""},"_links":{"self":[{"href":"https:\/\/www.europesays.com\/pl\/wp-json\/wp\/v2\/posts\/150086","targetHints":{"allow":["GET"]}}],"collection":[{"href":"https:\/\/www.europesays.com\/pl\/wp-json\/wp\/v2\/posts"}],"about":[{"href":"https:\/\/www.europesays.com\/pl\/wp-json\/wp\/v2\/types\/post"}],"author":[{"embeddable":true,"href":"https:\/\/www.europesays.com\/pl\/wp-json\/wp\/v2\/users\/2"}],"replies":[{"embeddable":true,"href":"https:\/\/www.europesays.com\/pl\/wp-json\/wp\/v2\/comments?post=150086"}],"version-history":[{"count":0,"href":"https:\/\/www.europesays.com\/pl\/wp-json\/wp\/v2\/posts\/150086\/revisions"}],"wp:featuredmedia":[{"embeddable":true,"href":"https:\/\/www.europesays.com\/pl\/wp-json\/wp\/v2\/media\/150087"}],"wp:attachment":[{"href":"https:\/\/www.europesays.com\/pl\/wp-json\/wp\/v2\/media?parent=150086"}],"wp:term":[{"taxonomy":"category","embeddable":true,"href":"https:\/\/www.europesays.com\/pl\/wp-json\/wp\/v2\/categories?post=150086"},{"taxonomy":"post_tag","embeddable":true,"href":"https:\/\/www.europesays.com\/pl\/wp-json\/wp\/v2\/tags?post=150086"}],"curies":[{"name":"wp","href":"https:\/\/api.w.org\/{rel}","templated":true}]}}