{"id":150118,"date":"2025-12-14T12:38:14","date_gmt":"2025-12-14T12:38:14","guid":{"rendered":"https:\/\/www.europesays.com\/pl\/150118\/"},"modified":"2025-12-14T12:38:14","modified_gmt":"2025-12-14T12:38:14","slug":"spedzil-20-miesiecy-w-rosyjskiej-niewoli-relacja-obroncy-azowstalu-2","status":"publish","type":"post","link":"https:\/\/www.europesays.com\/pl\/150118\/","title":{"rendered":"Sp\u0119dzi\u0142 20 miesi\u0119cy w rosyjskiej niewoli. Relacja obro\u0144cy Azowstalu"},"content":{"rendered":"<p>Po 20 miesi\u0105cach rosyjskiej niewoli O\u0142eksandr Demenko wr\u00f3ci\u0142 do domu z\u00a0jasnym przekazem o\u00a0warto\u015bci relacji i\u00a0odporno\u015bci. W\u00a0wywiadzie dla Polskiej Agencji Prasowej 26-letni \u017co\u0142nierz z\u00a0Zaporo\u017ca opisuje drog\u0119 od obrony Mariupola i\u00a0zak\u0142ad\u00f3w Azowstal, przez poni\u017cenia w\u00a0o\u015brodkach na okupowanym Donbasie i\u00a0w\u00a0Taganrogu, po now\u0105 misj\u0119 spo\u0142eczn\u0105. Podkre\u015bla, \u017ce jego perspektywa na codzienne sprawy gruntownie si\u0119 zmieni\u0142a.<\/p>\n<p>Demenko zg\u0142osi\u0142 si\u0119 do s\u0142u\u017cby jeszcze jako student, cho\u0107 m\u00f3g\u0142 skorzysta\u0107 z\u00a0odroczenia. Decyzj\u0119 t\u0142umaczy\u0142 solidarno\u015bci\u0105 z\u00a0przyjaci\u00f3\u0142mi walcz\u0105cymi od 2014 r. Walczy\u0142 w\u00a0Mariupolu, a\u00a0w\u00a0Azowstalu odni\u00f3s\u0142 liczne rany od\u0142amkowe. Pomi\u0119dzy 16 a\u00a020 maja 2022 r., po rozkazie dow\u00f3dztwa, \u017co\u0142nierze opu\u015bcili zak\u0142ady i\u00a0trafili do niewoli. Ukrainiec &#8222;przeszed\u0142&#8221; przez O\u0142eniwk\u0119 i\u00a0Gor\u0142\u00f3wk\u0119 na okupowanych terenach obwodu donieckiego, a\u00a0w\u00a0ostatnim tygodniu przed wymian\u0105 je\u0144c\u00f3w trafi\u0142 do Taganroga w\u00a0Rosji. Ten tydzie\u0144, jak przyzna\u0142, wydawa\u0142 si\u0119 by\u0142emu je\u0144cowi wieczno\u015bci\u0105.<\/p>\n<p>Wed\u0142ug Demenki r\u00f3\u017cnica w\u00a0traktowaniu je\u0144c\u00f3w po obu stronach frontu jest ogromna. M\u00f3wi, \u017ce doniesienia o\u00a0brutalno\u015bci wobec Ukrai\u0144c\u00f3w w\u00a0niewoli nie s\u0105 wyolbrzymione. <\/p>\n<p>By\u0142y \u017co\u0142nierz wspomina, \u017ce tylko raz m\u00f3g\u0142 napisa\u0107 i\u00a0dosta\u0107 list od rodziny. Trzyma\u0142y go na duchu wiara w\u00a0uwolnienie, humor towarzyszy broni i\u00a0my\u015bl o\u00a0dobrym \u017cyciu po powrocie. Po wyj\u015bciu z\u00a0niewoli, mimo b\u00f3lu po stracie przyjaci\u00f3\u0142, inaczej patrzy na problemy dnia codziennego. <\/p>\n<p>Demenko m\u00f3wi, \u017ce nauczy\u0142 si\u0119 docenia\u0107 najprostsze rzeczy. &#8211;\u00a0Dla mnie warto\u015bci\u0105 jest po prostu wyj\u015b\u0107 na ulic\u0119, odetchn\u0105\u0107 powietrzem, zobaczy\u0107 s\u0142o\u0144ce. Ciesz\u0119 si\u0119 ka\u017cdym dniem, kt\u00f3ry prze\u017cywam \u2014\u00a0zaznaczy\u0142. Dodaje, \u017ce kluczem do przetrwania by\u0142y relacje z\u00a0przyjaci\u00f3\u0142mi.<\/p>\n<p>Po powrocie Demenko stan\u0105\u0142 na czele organizacji &#8222;Wojskowi LGBT na rzecz r\u00f3wnych praw&#8221;. To pierwsza w\u00a0Ukrainie inicjatywa praw cz\u0142owieka utworzona przez wojskowych ze spo\u0142eczno\u015bci LGBT. Zesp\u00f3\u0142 dokumentuje przypadki dyskryminacji, oferuje wsparcie prawne i\u00a0psychologiczne oraz dzia\u0142a na rzecz wi\u0119kszej akceptacji w\u00a0armii. <\/p>\n<p>Jednym z\u00a0priorytet\u00f3w organizacji jest promowanie ustawy o\u00a0zwi\u0105zkach partnerskich. Brak takich przepis\u00f3w w\u00a0Ukrainie oznacza, \u017ce partnerzy \u017co\u0142nierzy nie maj\u0105 prawa do wizyt przy rannych, decydowania o\u00a0leczeniu, organizacji poch\u00f3wku czy dost\u0119pu do cz\u0119\u015bci \u015bwiadcze\u0144. Demenko uwa\u017ca, \u017ce w rozmowach mi\u0119dzynarodowych nale\u017cy dopomina\u0107 si\u0119 o\u00a0realne raportowanie post\u0119p\u00f3w w\u00a0integracji europejskiej, zw\u0142aszcza w\u00a0obszarze r\u00f3wno\u015bci wobec prawa. <\/p>\n","protected":false},"excerpt":{"rendered":"Po 20 miesi\u0105cach rosyjskiej niewoli O\u0142eksandr Demenko wr\u00f3ci\u0142 do domu z\u00a0jasnym przekazem o\u00a0warto\u015bci relacji i\u00a0odporno\u015bci. W\u00a0wywiadzie dla Polskiej&hellip;\n","protected":false},"author":2,"featured_media":148167,"comment_status":"","ping_status":"","sticky":false,"template":"","format":"standard","meta":{"footnotes":""},"categories":[14],"tags":[32,33,27,34,35,28,31,25,40,41,80,29,30,26,82,83,84],"class_list":{"0":"post-150118","1":"post","2":"type-post","3":"status-publish","4":"format-standard","5":"has-post-thumbnail","7":"category-swiat","8":"tag-breaking-news","9":"tag-breakingnews","10":"tag-headlines","11":"tag-latest-news","12":"tag-latestnews","13":"tag-naglowki","14":"tag-najwazniejsze-artykuly","15":"tag-news","16":"tag-polish","17":"tag-polski","18":"tag-swiat","19":"tag-top-stories","20":"tag-topstories","21":"tag-wiadomosci","22":"tag-world","23":"tag-world-news","24":"tag-worldnews"},"share_on_mastodon":{"url":"https:\/\/pubeurope.com\/@pl\/115717964235452117","error":""},"_links":{"self":[{"href":"https:\/\/www.europesays.com\/pl\/wp-json\/wp\/v2\/posts\/150118","targetHints":{"allow":["GET"]}}],"collection":[{"href":"https:\/\/www.europesays.com\/pl\/wp-json\/wp\/v2\/posts"}],"about":[{"href":"https:\/\/www.europesays.com\/pl\/wp-json\/wp\/v2\/types\/post"}],"author":[{"embeddable":true,"href":"https:\/\/www.europesays.com\/pl\/wp-json\/wp\/v2\/users\/2"}],"replies":[{"embeddable":true,"href":"https:\/\/www.europesays.com\/pl\/wp-json\/wp\/v2\/comments?post=150118"}],"version-history":[{"count":0,"href":"https:\/\/www.europesays.com\/pl\/wp-json\/wp\/v2\/posts\/150118\/revisions"}],"wp:featuredmedia":[{"embeddable":true,"href":"https:\/\/www.europesays.com\/pl\/wp-json\/wp\/v2\/media\/148167"}],"wp:attachment":[{"href":"https:\/\/www.europesays.com\/pl\/wp-json\/wp\/v2\/media?parent=150118"}],"wp:term":[{"taxonomy":"category","embeddable":true,"href":"https:\/\/www.europesays.com\/pl\/wp-json\/wp\/v2\/categories?post=150118"},{"taxonomy":"post_tag","embeddable":true,"href":"https:\/\/www.europesays.com\/pl\/wp-json\/wp\/v2\/tags?post=150118"}],"curies":[{"name":"wp","href":"https:\/\/api.w.org\/{rel}","templated":true}]}}